{"id":43518,"date":"2022-06-22T15:06:57","date_gmt":"2022-06-22T15:06:57","guid":{"rendered":"https:\/\/www.ole.com.ar\/futbol-internacional\/mane-nuevo-jugador-bayern_0_fdJXHx9a8U.html"},"modified":"2022-06-22T15:06:57","modified_gmt":"2022-06-22T15:06:57","slug":"mane-presentacion-en-el-bayern-y-divertida-despedida-de-los-hinchas-del-liverpool","status":"publish","type":"post","link":"http:\/\/hoycordobaweb.com\/index.php\/2022\/06\/22\/mane-presentacion-en-el-bayern-y-divertida-despedida-de-los-hinchas-del-liverpool\/","title":{"rendered":"Man\u00e9: presentaci\u00f3n en el Bayern y divertida despedida de los hinchas del Liverpool"},"content":{"rendered":"<p><img src=\"http:\/\/hoycordobaweb.com\/wp-content\/uploads\/2022\/06\/mane-presentacion-en-el-bayern-y-divertida-despedida-de-los-hinchas-del-liverpool.jpg\"><\/p>\n<p>Luego de perder la final de la Champions League ante el Manchester City, <a alt=\"sadio-mane\" class=\"slug\" href=\"https:\/\/www.ole.com.ar\/tema\/sadio-mane.html\" target=\"_blank\" title=\"sadio-mane\" rel=\"noopener noreferrer\">Sadio Man\u00e9 <\/a>anunci\u00f3 su decisi\u00f3n de dar un paso al costado&nbsp;y se fue del Liverpool luego de seis a\u00f1os <strong>con destino al <a alt=\"bayern-munich\" class=\"slug\" href=\"https:\/\/www.ole.com.ar\/tema\/bayern-munich.html\" target=\"_blank\" title=\"bayern-munich\" rel=\"noopener noreferrer\">Bayern Munich<\/a>.<\/strong> Antes de su presentaci\u00f3n oficial en el club de la Bundesliga, <strong>el senegal\u00e9s tuvo un lindo intercambio con el club ingl\u00e9s.<\/strong><\/p>\n<div class=\"sp__SM\">\n<div class=\"content-new \">\n<span class=\"tit-mobile\">Mir\u00e1 tambi\u00e9n<\/span><\/p>\n<div class=\"mg\">\n<div class=\"wrap-figure\">\n<picture>\n<a href=\"https:\/\/www.ole.com.ar\/futbol-internacional\/libertadores\/borja-river-boca_0_k9Vu1gsY1X.html\" target=\"_self\" rel=\"noopener noreferrer\"><br \/>\n<img class=\"img-responsive\" alt=\"El d\u00eda que Borja alegr\u00f3 a Boca... y al final a River por Madrid\" src=\"http:\/\/hoycordobaweb.com\/wp-content\/uploads\/2022\/06\/mane-presentacion-en-el-bayern-y-divertida-despedida-de-los-hinchas-del-liverpool-2.jpg\" loading=\"lazy\"><br \/>\n<\/a>\n<\/picture>\n<\/div>\n<\/div><\/div>\n<\/div>\n<p>\u00abHola queridos hinchas. Es dif\u00edcil encontrar las palabras exactas para esto. S\u00f3lo quiero agradecerles desde lo m\u00e1s profundo de mi coraz\u00f3n, <strong>estoy muy agradecido de haber sido una peque\u00f1a parte del incre\u00edble \u00e9xito que hemos tenido juntos durante los \u00faltimos seis a\u00f1os\u00bb<\/strong>, comenz\u00f3 diciendo en un sentido posteo en su cuenta oficial de Instagram. <\/p>\n<div class=\"sp__Normal\">\n<div class=\"image-embeb image-trigger\" readability=\"6\">\n<picture><source media=\"(min-width: 720px)\" srcset=\"http:\/\/hoycordobaweb.com\/wp-content\/uploads\/2022\/06\/mane-presentacion-en-el-bayern-y-divertida-despedida-de-los-hinchas-del-liverpool-3.jpg\"><img itemprop=\"image\" src=\"http:\/\/hoycordobaweb.com\/wp-content\/uploads\/2022\/06\/mane-presentacion-en-el-bayern-y-divertida-despedida-de-los-hinchas-del-liverpool-3.jpg\" loading=\"lazy\" alt=\"El sentido posteo de Man\u00e9 tras su salida del Liverpool.\nFoto: @Liverpoolfc\">\n<\/picture><figcaption readability=\"2\">\n<p>El sentido posteo de Man\u00e9 tras su salida del Liverpool.<br \/>\nFoto: @Liverpoolfc\n<\/p>\n<\/figcaption><\/div>\n<\/div>\n<p>Y concluy\u00f3: \u00abUstedes siempre estuvieron ah\u00ed, en los buenos y en los malos momentos. Nunca me voy a olvidar de esto. Gracias de nuevo. <strong>Nunca caminar\u00e1s solo<\/strong>.\u00bb <\/p>\n<div class=\"sp__SM\">\n<div class=\"content-new no-img\">\n<span class=\"tit-mobile\">Mir\u00e1 tambi\u00e9n<\/span> <\/div>\n<\/div>\n<div class=\"sp__SM\">\n<div class=\"content-new \">\n<span class=\"tit-mobile\">Mir\u00e1 tambi\u00e9n<\/span><\/p>\n<div class=\"mg\">\n<div class=\"wrap-figure\">\n<picture>\n<a href=\"https:\/\/www.ole.com.ar\/maradona\/maradona-inglaterra-diego-aniversario_0_AoPunBpYeL.html\" target=\"_self\" rel=\"noopener noreferrer\"><br \/>\n<img class=\"img-responsive\" alt=\"As\u00ed contaba Maradona c\u00f3mo hizo el mejor gol de la historia\" src=\"http:\/\/hoycordobaweb.com\/wp-content\/uploads\/2022\/06\/mane-presentacion-en-el-bayern-y-divertida-despedida-de-los-hinchas-del-liverpool-4.jpg\" loading=\"lazy\"><br \/>\n<\/a>\n<\/picture>\n<\/div>\n<\/div><\/div>\n<\/div>\n<p>El mensaje fue replicado por la cuenta oficial del Liverpool, que comparti\u00f3 la publicaci\u00f3n y coment\u00f3: \u00abNunca caminar\u00e1s s\u00f3lo\u00bb. De esta manera, <strong>Man\u00e9 cerr\u00f3 un cap\u00edtulo de seis a\u00f1os en la historia del club de la Premier League.<\/strong><\/p>\n<h2><strong>MAN\u00c9 AL BAYERN MUNICH<\/strong><\/h2>\n<p><strong>\u200b<\/strong>Luego de varias semanas de negociaci\u00f3n con el Liverpool, el Bayern Munich pudo hacer oficial la llegada de Sadio Man\u00e9. El senegal\u00e9s lleg\u00f3 <strong>por 32 millones de euros<\/strong> -cifra que podr\u00eda ascender a los 41 millones por distintos bonus- y <strong>firm\u00f3 hasta 2025.<\/strong> Adem\u00e1s, <strong>recibir\u00e1 un sueldo semanal de aproximadamente 232 mil euros.<\/strong><\/p>\n<div class=\"sp__Normal\">\n<div class=\"image-embeb image-trigger\" readability=\"6\">\n<picture><source media=\"(min-width: 720px)\" srcset=\"http:\/\/hoycordobaweb.com\/wp-content\/uploads\/2022\/06\/mane-presentacion-en-el-bayern-y-divertida-despedida-de-los-hinchas-del-liverpool-5.jpg\"><img itemprop=\"image\" src=\"http:\/\/hoycordobaweb.com\/wp-content\/uploads\/2022\/06\/mane-presentacion-en-el-bayern-y-divertida-despedida-de-los-hinchas-del-liverpool-5.jpg\" loading=\"lazy\" alt=\"Man\u00e9 firm\u00f3 con el club b\u00e1varo hasta 2025.\nFoto: @fcbayern\">\n<\/picture><figcaption readability=\"2\">\n<p>Man\u00e9 firm\u00f3 con el club b\u00e1varo hasta 2025.<br \/>\nFoto: @fcbayern\n<\/p>\n<\/figcaption><\/div>\n<\/div>\n<div class=\"sp__SM\">\n<div class=\"content-new \">\n<span class=\"tit-mobile\">Mir\u00e1 tambi\u00e9n<\/span><\/p>\n<div class=\"mg\">\n<div class=\"wrap-figure\">\n<picture>\n<a href=\"https:\/\/www.ole.com.ar\/fuera-de-juego\/paige-spinanac-golfista-mujer-sexy_0_2hZzxShKn3.html\" target=\"_self\" rel=\"noopener noreferrer\"><br \/>\n<img class=\"img-responsive\" alt=\"La golfista a la que nombraron como la &quot;mujer m\u00e1s sexy del mundo&quot;\" src=\"http:\/\/hoycordobaweb.com\/wp-content\/uploads\/2022\/06\/mane-presentacion-en-el-bayern-y-divertida-despedida-de-los-hinchas-del-liverpool-6.jpg\" loading=\"lazy\"><br \/>\n<\/a>\n<\/picture>\n<\/div>\n<\/div><\/div>\n<\/div>\n<p>Man\u00e9 hab\u00eda llegado al Liverpool en 2016 proveniente del Southampton. En estos seis a\u00f1os, el delantero de 30 a\u00f1os <strong>convirti\u00f3 120 goles en los 269 partidos<\/strong> que disput\u00f3 con la camiseta de los Reds. Adem\u00e1s, se consagr\u00f3 campe\u00f3n en seis ocasiones, entre las que se destaca la Champions League obtenida en 2019.<\/p>\n<p>En la conferencia de presentaci\u00f3n, Man\u00e9 se sorprendi\u00f3 al ver que&nbsp;su nuevo DT, Julian Nagelsmann, lo estaba escuchando desde el sector en el que se sentaba la prensa.&nbsp;<\/p>\n<h2><strong>EL VIDEO DE MAN\u00c9 EN SU LLEGADA AL BAYERN<\/strong><\/h2>\n<div class=\"sp__SM\">\n<div class=\"content-new \">\n<span class=\"tit-mobile\">Mir\u00e1 tambi\u00e9n<\/span><\/p>\n<div class=\"mg\">\n<div class=\"wrap-figure\">\n<picture>\n<a href=\"https:\/\/www.ole.com.ar\/futbol-internacional\/libertadores\/encuesta-copa-libertadores-argentinos_0_Q220YfKFCu.html\" target=\"_self\" rel=\"noopener noreferrer\"><br \/>\n<img class=\"img-responsive\" alt=\"\u00bfQui\u00e9nes pasan a cuartos de la Libertadores seg\u00fan las encuestas de Ol\u00e9?\" src=\"http:\/\/hoycordobaweb.com\/wp-content\/uploads\/2022\/06\/mane-presentacion-en-el-bayern-y-divertida-despedida-de-los-hinchas-del-liverpool-7.jpg\" loading=\"lazy\"><br \/>\n<\/a>\n<\/picture>\n<\/div>\n<\/div><\/div>\n<\/div>\n<div class=\"sp__SM\">\n<div class=\"content-new \">\n<span class=\"tit-mobile\">Mir\u00e1 tambi\u00e9n<\/span><\/p>\n<div class=\"mg\">\n<div class=\"wrap-figure\">\n<picture>\n<a href=\"https:\/\/www.ole.com.ar\/messi\/lionel-messi-seguidos-instagram_0_fBdip7cZCB.html\" target=\"_self\" rel=\"noopener noreferrer\"><br \/>\n<img class=\"img-responsive\" alt=\"\u00bfA qui\u00e9nes sigue Messi en Instagram, con algunas perlitas?\" src=\"http:\/\/hoycordobaweb.com\/wp-content\/uploads\/2022\/06\/mane-presentacion-en-el-bayern-y-divertida-despedida-de-los-hinchas-del-liverpool-8.jpg\" loading=\"lazy\"><br \/>\n<\/a>\n<\/picture>\n<\/div>\n<\/div><\/div>\n<\/div>\n<div class=\"entry-tags\">\n<h2>TEMAS QUE APARECEN EN ESTA NOTA<\/h2>\n<\/p><\/div>\n","protected":false},"excerpt":{"rendered":"<p>Luego de perder la final de la Champions League ante el Manchester City, Sadio Man\u00e9 anunci\u00f3 su decisi\u00f3n de dar un paso al costado&nbsp;y se fue del Liverpool luego de seis a\u00f1os con destino al Bayern Munich. Antes de su presentaci\u00f3n oficial en el club de la Bundesliga, el senegal\u00e9s tuvo un lindo intercambio con [&hellip;]<\/p>\n","protected":false},"author":1,"featured_media":43519,"comment_status":"open","ping_status":"closed","sticky":false,"template":"","format":"standard","meta":[],"categories":[16],"tags":[],"_links":{"self":[{"href":"http:\/\/hoycordobaweb.com\/index.php\/wp-json\/wp\/v2\/posts\/43518"}],"collection":[{"href":"http:\/\/hoycordobaweb.com\/index.php\/wp-json\/wp\/v2\/posts"}],"about":[{"href":"http:\/\/hoycordobaweb.com\/index.php\/wp-json\/wp\/v2\/types\/post"}],"author":[{"embeddable":true,"href":"http:\/\/hoycordobaweb.com\/index.php\/wp-json\/wp\/v2\/users\/1"}],"replies":[{"embeddable":true,"href":"http:\/\/hoycordobaweb.com\/index.php\/wp-json\/wp\/v2\/comments?post=43518"}],"version-history":[{"count":0,"href":"http:\/\/hoycordobaweb.com\/index.php\/wp-json\/wp\/v2\/posts\/43518\/revisions"}],"wp:featuredmedia":[{"embeddable":true,"href":"http:\/\/hoycordobaweb.com\/index.php\/wp-json\/wp\/v2\/media\/43519"}],"wp:attachment":[{"href":"http:\/\/hoycordobaweb.com\/index.php\/wp-json\/wp\/v2\/media?parent=43518"}],"wp:term":[{"taxonomy":"category","embeddable":true,"href":"http:\/\/hoycordobaweb.com\/index.php\/wp-json\/wp\/v2\/categories?post=43518"},{"taxonomy":"post_tag","embeddable":true,"href":"http:\/\/hoycordobaweb.com\/index.php\/wp-json\/wp\/v2\/tags?post=43518"}],"curies":[{"name":"wp","href":"https:\/\/api.w.org\/{rel}","templated":true}]}}