{"id":43512,"date":"2022-06-21T20:43:16","date_gmt":"2022-06-21T20:43:16","guid":{"rendered":"https:\/\/ladecimaweb.com\/?p=13799"},"modified":"2022-06-21T20:43:16","modified_gmt":"2022-06-21T20:43:16","slug":"amoedo-se-represento-la-posibilidad-concreta-de-colisionar-con-vehiculos-o-personas","status":"publish","type":"post","link":"http:\/\/hoycordobaweb.com\/index.php\/2022\/06\/21\/amoedo-se-represento-la-posibilidad-concreta-de-colisionar-con-vehiculos-o-personas\/","title":{"rendered":"Amoedo se represent\u00f3 la posibilidad concreta de colisionar con veh\u00edculos o personas"},"content":{"rendered":"<div class=\"boldgrid-section\">\n<div class=\"container\">\n<div class=\"row\">\n<div class=\"col-md-12 col-xs-12 col-sm-12\">\n<p class=\"\"><em>(Justicia C\u00f3rdoba)<\/em> La C\u00e1mara en lo Criminal y Correccional de 9\u00b0 Nominaci\u00f3n de la ciudad de C\u00f3rdoba dio a conocer los fundamentos de la sentencia que conden\u00f3 a Alan Amoedo a la pena de nueve a\u00f1os de prisi\u00f3n por homicidio simple, con dolo eventual, en perjuicio de Rodrigo Burgos y Sol Vi\u00f1olo; como as\u00ed tambi\u00e9n por las lesiones graves, con dolo eventual, provocadas a Fernanda Guardia.<\/p>\n<p>El tribunal, integrado por los camaristas Roberto Cornejo, Gustavo Rodr\u00edguez Fern\u00e1ndez (autor del voto) y Fernando Mart\u00edn Bertone, consider\u00f3 probado que Amoedo, cuando realiz\u00f3 un cambio de direcci\u00f3n hacia su derecha y accedi\u00f3 a la banquina de la Avenida Circunvalaci\u00f3n, se represent\u00f3 la posibilidad concreta de que pod\u00eda colisionar con veh\u00edculos detenidos o personas situadas en el lugar y causar un resultado mortal.<\/p>\n<p>La sentencia se\u00f1ala que el acusado ten\u00eda los conocimientos de cualquier sujeto habilitado para conducir sobre los riesgos que acarrean los comportamientos antirreglamentarios en el tr\u00e1fico vial para la vida y la integridad f\u00edsica de las personas. Pero tambi\u00e9n subraya que la noche previa al suceso un testigo le hizo una \u201cclara y concreta transmisi\u00f3n de conocimientos\u201d cuando le dijo a Amoedo que no pod\u00eda manejar alcoholizado como estaba porque iba a causar un accidente.<\/p>\n<p>\u201cLa elocuente y espec\u00edfica advertencia realizada por (Agust\u00edn) Fern\u00e1ndez Reuter fue menospreciada por el acusado, pues Amoedo sigui\u00f3 injiriendo bebidas alcoh\u00f3licas la noche y la ma\u00f1ana posterior al prudente consejo que le brind\u00f3 el referido testigo y, luego, decidi\u00f3 conducir por la Avenida Circunvalaci\u00f3n\u201d, asegura el fallo.<\/p>\n<p>Para el tribunal de juicio, Amoedo despleg\u00f3 una serie de maniobras viales antirreglamentarias en los momentos previos del choque y dejo \u201clibrado al azar o a la suerte\u201d la posibilidad de evitar el da\u00f1o a la vida de las personas que estaban en la banquina por un desperfecto en su autom\u00f3vil. \u201cEs que, en las circunstancias detalladas, resulta inveros\u00edmil sostener una confianza de poder evitar un infortunio fatal\u201d, enfatiza la sentencia.<\/p>\n<p class=\"\"><strong>Dolo eventual o culpa<\/strong><\/p>\n<p>En la sentencia, el camarista Rodr\u00edguez Fern\u00e1ndez formul\u00f3 algunas consideraciones t\u00e9cnicas en relaci\u00f3n con la calificaci\u00f3n penal del hecho. En este sentido, explic\u00f3 que no todas las muertes ocasionadas por la conducci\u00f3n antirreglamentaria de veh\u00edculos con motor \u201cson atribuibles a t\u00edtulo de imprudencia\u201d. Pero agreg\u00f3 que tampoco puede sostenerse que todo resultado muerte \u201cdebe ser atribuible a t\u00edtulo de dolo\u201d.<\/p>\n<p>Para el magistrado, deben encuadrarse como homicidio simple, con dolo eventual, aquellos casos en los que puede comprobarse que el acusado sab\u00eda que su conducta pod\u00eda afectar concretamente la vida de otros y, no obstante, emprendi\u00f3 la acci\u00f3n riesgosa, dejando s\u00f3lo librado al azar o a la suerte que ella no sucediera.<br \/>\nEn tanto, consider\u00f3 que deb\u00eda encuadrarse en homicidio imprudente si se acredita que el sujeto conoc\u00eda la posibilidad abstracta de realizaci\u00f3n del riesgo no permitido y sigui\u00f3 adelante con su acci\u00f3n, confiando en que podr\u00eda evitarla.<\/p>\n<p class=\"\">\u201cActuar\u00e1 con dolo eventual de homicidio simple (art. 79 del C\u00f3digo Penal), quien realiza una acci\u00f3n que crea un riesgo no permitido para la vida del sujeto pasivo, en la medida en que su autor conoce la posibilidad concreta que su conducta puede causar un riesgo mortal y act\u00faa voluntariamente sin descartar la aludida posibilidad\u201d, enfatiz\u00f3 el camarista Rodr\u00edguez Fern\u00e1ndez en su voto.<\/p>\n<div class=\"ubm_banner\"><a href=\"https:\/\/www.cba.gov.ar\/10-https:\/\/www.cba.gov.ar\/10-mil-viviendas\/?csrt=8333084810548506306\" target=\"_blank\" rel=\"dofollow noopener noreferrer\"><img src=\"http:\/\/hoycordobaweb.com\/wp-content\/uploads\/2022\/06\/amoedo-se-represento-la-posibilidad-concreta-de-colisionar-con-vehiculos-o-personas.gif\" alt=\"\"><\/a><\/div>\n<\/div>\n<\/div>\n<\/div>\n<\/div>\n<p>La entrada <a rel=\"nofollow\" href=\"https:\/\/ladecimaweb.com\/amoedo-se-represento-la-posibilidad-concreta-de-colisionar-con-vehiculos-o-personas\/\">Amoedo se represent\u00f3 la posibilidad concreta de colisionar con veh\u00edculos o personas<\/a> se public\u00f3 primero en <a rel=\"nofollow\" href=\"https:\/\/ladecimaweb.com\">LaDecima<\/a>.<\/p>\n","protected":false},"excerpt":{"rendered":"<p>(Justicia C\u00f3rdoba) La C\u00e1mara en lo Criminal y Correccional de 9\u00b0 Nominaci\u00f3n de la ciudad de C\u00f3rdoba dio a conocer los fundamentos de la sentencia que conden\u00f3 a Alan Amoedo a la pena de nueve a\u00f1os de prisi\u00f3n por homicidio simple, con dolo eventual, en perjuicio de Rodrigo Burgos y Sol Vi\u00f1olo; como as\u00ed tambi\u00e9n [&hellip;]<\/p>\n","protected":false},"author":1,"featured_media":43513,"comment_status":"closed","ping_status":"closed","sticky":false,"template":"","format":"standard","meta":[],"categories":[19],"tags":[],"_links":{"self":[{"href":"http:\/\/hoycordobaweb.com\/index.php\/wp-json\/wp\/v2\/posts\/43512"}],"collection":[{"href":"http:\/\/hoycordobaweb.com\/index.php\/wp-json\/wp\/v2\/posts"}],"about":[{"href":"http:\/\/hoycordobaweb.com\/index.php\/wp-json\/wp\/v2\/types\/post"}],"author":[{"embeddable":true,"href":"http:\/\/hoycordobaweb.com\/index.php\/wp-json\/wp\/v2\/users\/1"}],"replies":[{"embeddable":true,"href":"http:\/\/hoycordobaweb.com\/index.php\/wp-json\/wp\/v2\/comments?post=43512"}],"version-history":[{"count":0,"href":"http:\/\/hoycordobaweb.com\/index.php\/wp-json\/wp\/v2\/posts\/43512\/revisions"}],"wp:featuredmedia":[{"embeddable":true,"href":"http:\/\/hoycordobaweb.com\/index.php\/wp-json\/wp\/v2\/media\/43513"}],"wp:attachment":[{"href":"http:\/\/hoycordobaweb.com\/index.php\/wp-json\/wp\/v2\/media?parent=43512"}],"wp:term":[{"taxonomy":"category","embeddable":true,"href":"http:\/\/hoycordobaweb.com\/index.php\/wp-json\/wp\/v2\/categories?post=43512"},{"taxonomy":"post_tag","embeddable":true,"href":"http:\/\/hoycordobaweb.com\/index.php\/wp-json\/wp\/v2\/tags?post=43512"}],"curies":[{"name":"wp","href":"https:\/\/api.w.org\/{rel}","templated":true}]}}