{"id":43442,"date":"2022-06-20T15:16:00","date_gmt":"2022-06-20T15:16:00","guid":{"rendered":"http:\/\/hoycordobaweb.com\/index.php\/2022\/06\/20\/alberto-fernandez-argentina-no-es-ese-pais-sin-destino-que-algunos-quieren-plantearnos\/"},"modified":"2022-06-20T15:16:00","modified_gmt":"2022-06-20T15:16:00","slug":"alberto-fernandez-argentina-no-es-ese-pais-sin-destino-que-algunos-quieren-plantearnos","status":"publish","type":"post","link":"http:\/\/hoycordobaweb.com\/index.php\/2022\/06\/20\/alberto-fernandez-argentina-no-es-ese-pais-sin-destino-que-algunos-quieren-plantearnos\/","title":{"rendered":"Alberto Fern\u00e1ndez: \u00abArgentina no es ese pa\u00eds sin destino que algunos quieren plantearnos\u00bb"},"content":{"rendered":"<p><img src=\"http:\/\/hoycordobaweb.com\/wp-content\/uploads\/2022\/06\/alberto-fernandez-argentina-no-es-ese-pais-sin-destino-que-algunos-quieren-plantearnos.jpg\"><\/p>\n<figure class=\"mb-3\"><img loading=\"lazy\" src=\"http:\/\/hoycordobaweb.com\/wp-content\/uploads\/2022\/06\/alberto-fernandez-argentina-no-es-ese-pais-sin-destino-que-algunos-quieren-plantearnos-2.jpg\" width=\"100%\" height=\"100%\" alt=\"El Presidente dijo que Belgrano fue un hombre singular\"><figcaption> El Presidente dijo que \u00abBelgrano fue un hombre singular\u00bb. <\/figcaption><\/figure>\n<p>El presidente Alberto Fern\u00e1ndez sostuvo que <strong>la conmemoraci\u00f3n del D\u00eda de la Bandera \u00abest\u00e1 vinculado al d\u00eda en que nos dej\u00f3 Manuel Belgrano, que fue un hombre singular\u00bb<\/strong>.<\/p>\n<p>Fern\u00e1ndez se\u00f1al\u00f3 que la trascendencia de Belgrano es \u00abs\u00f3lo equiparable a Jos\u00e9 de San Mart\u00edn y Mart\u00edn Miguel de G\u00fcemes, que fueron <strong>hombres que dieron todo para que hoy seamos un pa\u00eds libre e independiente<\/strong>\u00ab.<\/p>\n<p>Belgrano \u00abestaba convencido de que en la educaci\u00f3n radicaba el futuro del desarrollo de nuestra patria\u00bb.<\/p>\n<p>\u00abQue hoy conmemoremos la figura de Belgrano es algo que deber\u00edamos hacer hoy y todos los d\u00edas, porque estos h\u00e9roes que la patria tuvo son el ejemplo que debemos seguir en tiempos de mucha incertidumbre que vivi\u00f3 el mundo\u00bb, se\u00f1al\u00f3.<\/p>\n<p>Fern\u00e1ndez advirti\u00f3 que Argentina \u00abno es ese pa\u00eds sin destino que algunos quieren plantearnos, sino que es un pa\u00eds que quiere ponerse de pie\u00bb.<\/p>\n<p>\u00abVamos a ponernos de pie una vez m\u00e1s, por ustedes, para que tengan de una vez y para siempre la patria que se merecen\u00bb, dijo al dirigirse a los alumnos que hicieron el juramento a la Bandera, y complet\u00f3 su mensaje: \u00abPrep\u00e1rense para un ma\u00f1ana mejor\u00bb.<\/p>\n<figure class=\"mb-3\"><img loading=\"lazy\" src=\"http:\/\/hoycordobaweb.com\/wp-content\/uploads\/2022\/06\/alberto-fernandez-argentina-no-es-ese-pais-sin-destino-que-algunos-quieren-plantearnos-3.jpg\" width=\"100%\" height=\"100%\" alt=\"El acto se realiza en el Centro Cultural Kirchner \"><figcaption> El acto se realiza en el Centro Cultural Kirchner. <\/figcaption><\/figure>\n<p>El Presidente encabeza este lunes a la ma\u00f1ana el acto de Promesa de Lealtad a la Bandera con m\u00e1s de 2000 estudiantes de cuarto grado en el Centro Cultural Kirchner (CCK).<\/p>\n<p>De la actividad participan los ministros de Educaci\u00f3n, Jaime Perczyk; de Cultura, Trist\u00e1n Bauer, y de Defensa, Jorge Taiana. <\/p>\n","protected":false},"excerpt":{"rendered":"<p>El Presidente dijo que \u00abBelgrano fue un hombre singular\u00bb. El presidente Alberto Fern\u00e1ndez sostuvo que la conmemoraci\u00f3n del D\u00eda de la Bandera \u00abest\u00e1 vinculado al d\u00eda en que nos dej\u00f3 Manuel Belgrano, que fue un hombre singular\u00bb. Fern\u00e1ndez se\u00f1al\u00f3 que la trascendencia de Belgrano es \u00abs\u00f3lo equiparable a Jos\u00e9 de San Mart\u00edn y Mart\u00edn Miguel [&hellip;]<\/p>\n","protected":false},"author":1,"featured_media":43443,"comment_status":"open","ping_status":"closed","sticky":false,"template":"","format":"standard","meta":[],"categories":[19],"tags":[],"_links":{"self":[{"href":"http:\/\/hoycordobaweb.com\/index.php\/wp-json\/wp\/v2\/posts\/43442"}],"collection":[{"href":"http:\/\/hoycordobaweb.com\/index.php\/wp-json\/wp\/v2\/posts"}],"about":[{"href":"http:\/\/hoycordobaweb.com\/index.php\/wp-json\/wp\/v2\/types\/post"}],"author":[{"embeddable":true,"href":"http:\/\/hoycordobaweb.com\/index.php\/wp-json\/wp\/v2\/users\/1"}],"replies":[{"embeddable":true,"href":"http:\/\/hoycordobaweb.com\/index.php\/wp-json\/wp\/v2\/comments?post=43442"}],"version-history":[{"count":0,"href":"http:\/\/hoycordobaweb.com\/index.php\/wp-json\/wp\/v2\/posts\/43442\/revisions"}],"wp:featuredmedia":[{"embeddable":true,"href":"http:\/\/hoycordobaweb.com\/index.php\/wp-json\/wp\/v2\/media\/43443"}],"wp:attachment":[{"href":"http:\/\/hoycordobaweb.com\/index.php\/wp-json\/wp\/v2\/media?parent=43442"}],"wp:term":[{"taxonomy":"category","embeddable":true,"href":"http:\/\/hoycordobaweb.com\/index.php\/wp-json\/wp\/v2\/categories?post=43442"},{"taxonomy":"post_tag","embeddable":true,"href":"http:\/\/hoycordobaweb.com\/index.php\/wp-json\/wp\/v2\/tags?post=43442"}],"curies":[{"name":"wp","href":"https:\/\/api.w.org\/{rel}","templated":true}]}}