{"id":43374,"date":"2022-06-19T14:47:27","date_gmt":"2022-06-19T14:47:27","guid":{"rendered":"https:\/\/www.ole.com.ar\/futbol-internacional\/america\/regreso-aued-problema-cardiaco-boric_0_YVvYLpIzKQ.html"},"modified":"2022-06-19T14:47:27","modified_gmt":"2022-06-19T14:47:27","slug":"chile-el-doblete-de-zampedri-y-la-vuelta-de-aued-que-celebro-hasta-el-presidente-boric","status":"publish","type":"post","link":"http:\/\/hoycordobaweb.com\/index.php\/2022\/06\/19\/chile-el-doblete-de-zampedri-y-la-vuelta-de-aued-que-celebro-hasta-el-presidente-boric\/","title":{"rendered":"Chile: el doblete de Zampedri y la vuelta de Aued que celebr\u00f3 hasta el presidente Boric"},"content":{"rendered":"<p><img src=\"http:\/\/hoycordobaweb.com\/wp-content\/uploads\/2022\/06\/chile-el-doblete-de-zampedri-y-la-vuelta-de-aued-que-celebro-hasta-el-presidente-boric.jpg\"><\/p>\n<div><img src=\"http:\/\/hoycordobaweb.com\/wp-content\/uploads\/2022\/06\/chile-el-doblete-de-zampedri-y-la-vuelta-de-aued-que-celebro-hasta-el-presidente-boric.jpg\" class=\"ff-og-image-inserted\"><\/div>\n<p>El delantero argentino <strong><a alt=\"fernando-zampedri\" class=\"slug\" href=\"https:\/\/www.ole.com.ar\/tema\/fernando-zampedri.html\" target=\"_blank\" title=\"fernando-zampedri\" rel=\"noopener noreferrer\">Fernando Zampedri<\/a> <\/strong>convirti\u00f3 un <strong>doblete<\/strong> en la noche del s\u00e1bado para <strong>Universidad Cat\u00f3lica, que bati\u00f3 por 3-1 a Uni\u00f3n San Felipe<\/strong>, en partido de ida de una de las llaves de tercera ronda de la <strong>Copa Chile<\/strong>.<\/p>\n<p>El atacante entrerriano, de 34 a\u00f1os, anot\u00f3 a los 11&#8242; y a los 90&#8242;. De esta manera, el exjugador de Atl\u00e9tico Tucum\u00e1n y Rosario Central,<strong> lleg\u00f3 a los 12 tantos en los 15 encuentros que disput\u00f3 en la temporada<\/strong> para el elenco del DT bonaerense, <strong><a alt=\"ariel-holan\" class=\"slug\" href=\"https:\/\/www.ole.com.ar\/tema\/ariel-holan.html\" target=\"_blank\" title=\"ariel-holan\" rel=\"noopener noreferrer\">Ariel Holan<\/a><\/strong> (ex Independiente y Defensa y Justicia).<\/p>\n<p> En Universidad Cat\u00f3lica, que ser\u00e1 local en la revancha del s\u00e1bado 25, tambi\u00e9n actuaron el arquero Nicol\u00e1s Peranic (ex CADU y Almagro), el enganche Diego Buenanotte (ex River) y el mediocampista Luciano Aued (ex Gimnasia La Plata y Racing).<\/p>\n<h2><mark><strong>La buena nueva de Aued<\/strong><\/mark><\/h2>\n<p> A prop\u00f3sito de<strong> Aued, Luli expres\u00f3 su alegr\u00eda por \u00abvolver\u00bb a sentirse \u00abjugador\u00bb luego de seis meses inactivo por un problema card\u00edaco.<\/strong> \u00abLo \u00fanico que quer\u00eda era disfrutar del partido, disfrutar de mis compa\u00f1eros, de la gente que nunca me dej\u00f3 solo todo este tiempo. Quer\u00eda volver a estar en una cancha y sentirme jugador\u00bb, manifest\u00f3.<\/p>\n<p> Aued fue titular en el equipo dirigido por Ariel Holan y as\u00ed dej\u00f3 atr\u00e1s una larga y preocupante inactividad por una afecci\u00f3n card\u00edaca. El argentino, de 35 a\u00f1os, fue reemplazado sobre el final del partido y<strong> recibi\u00f3 la ovaci\u00f3n de todo el p\u00fablico<\/strong> presente en el estadio Municipal Lucio Fari\u00f1a de la ciudad de Quillota.<\/p>\n<p> <mark>En enero pasado, Aued fue sometido a una cirug\u00eda ya que le hab\u00edan detectado una alteraci\u00f3n card\u00edaca que, en principio, lo iba a alejar definitivamente de la pr\u00e1ctica profesional<\/mark>. El regreso de Aued tuvo una fuerte repercusi\u00f3n en Chile e incluso <strong>fue festejado por el presidente de Chile, Gabriel Boric<\/strong>, confeso hincha de la UC, que le dedic\u00f3 un sentido mensaje en sus redes sociales.<\/p>\n<div class=\"sp__Normal htmlLibre\">\n<div class=\"embed-responsive-c\" readability=\"6.1245674740484\">\n<blockquote class=\"twitter-tweet\" readability=\"6.5328719723183\">\n<p lang=\"es\" dir=\"ltr\">\ud83d\ude2e\u26aa\ufe0f\ud83d\udd35 Hasta el presidente Gabriel Boric le dese\u00f3 suerte<\/p>\n<p>Luciano Aued volver\u00e1 a jugar despu\u00e9s de sus problemas cardiacos y Ariel Holan lo tiene considerado como titular para el debut en la <a href=\"https:\/\/twitter.com\/hashtag\/CopaChileEasy?src=hash&amp;ref_src=twsrc%5Etfw\">#CopaChileEasy<\/a> <a href=\"https:\/\/t.co\/v1nL9lzvOc\">pic.twitter.com\/v1nL9lzvOc<\/a><\/p>\n<p>\u2014 TNT Sports Chile (@TNTSportsCL) <a href=\"https:\/\/twitter.com\/TNTSportsCL\/status\/1537280554835619840?ref_src=twsrc%5Etfw\">June 16, 2022<\/a><\/p><\/blockquote><\/div>\n<\/div>\n<p> Holan tambi\u00e9n le regal\u00f3 unas palabras en rueda de prensa: \u201cEs un futbolista muy importante para nosotros. Toda su experiencia hizo que pudiera aguantar casi todo el partido despu\u00e9s de meses sin jugar. Lo m\u00e1s importante de todo esto, aparte de su vuelta que fue por un problema de salud no habitual del f\u00fatbol, <strong>nos pone contento por el Luli ser humano, m\u00e1s all\u00e1 del Luli futbolista<\/strong>. Eso es lo que m\u00e1s me llena de satisfacci\u00f3n\u201d.<\/p>\n<h2><mark><strong>El resto de la jornada por la Copa Chile<\/strong><\/mark><\/h2>\n<p> Universidad de Concepci\u00f3n, con el concurso del arquero Manuel Garc\u00eda (ex Rosario Central), super\u00f3 por 4-3 a Deportes La Serena, que dirige el DT santafesino Pablo Marini (ex Uni\u00f3n de Santa Fe) y que tuvo en sus filas a Marcelo Herrera (ex Lan\u00fas) y Juan Ignacio Cavallaro (ex Tigre).<\/p>\n<p> En tanto, Colo Colo, con los desempe\u00f1os de Mat\u00edas Zaldivia (ex Arsenal), Juan Mart\u00edn Lucero (ex V\u00e9lez) y Leonardo Gil (ex Rosario Central), empat\u00f3 sin goles en la ida con Deportes Temuco, que mostr\u00f3 la actuaci\u00f3n del volante Santiago Camacho (ex Colegiales).<\/p>\n<p> Por su lado, el delantero bonaerense Mauro Gonz\u00e1lez (ex Almagro y Patronato de Paran\u00e1) marc\u00f3 un gol para Cobresal, que dobleg\u00f3 a Barnechea por 2-1.<\/p>\n<p> <u>Los dem\u00e1s resultados<\/u>: Magallanes 1-Everton 1 (gol de Juan Cuevas, ex Gimnasia La Plata); Santiago Morning 1-Uni\u00f3n La Calera 2; \u00d1ublense 1-Independiente de Cauquenes 2; Puerto Montt 2-Huachipato 2.<\/p>\n<div class=\"entry-tags\">\n<h2>TEMAS QUE APARECEN EN ESTA NOTA<\/h2>\n<\/p><\/div>\n","protected":false},"excerpt":{"rendered":"<p>El delantero argentino Fernando Zampedri convirti\u00f3 un doblete en la noche del s\u00e1bado para Universidad Cat\u00f3lica, que bati\u00f3 por 3-1 a Uni\u00f3n San Felipe, en partido de ida de una de las llaves de tercera ronda de la Copa Chile. El atacante entrerriano, de 34 a\u00f1os, anot\u00f3 a los 11&#8242; y a los 90&#8242;. De [&hellip;]<\/p>\n","protected":false},"author":1,"featured_media":43375,"comment_status":"open","ping_status":"closed","sticky":false,"template":"","format":"standard","meta":[],"categories":[16],"tags":[],"_links":{"self":[{"href":"http:\/\/hoycordobaweb.com\/index.php\/wp-json\/wp\/v2\/posts\/43374"}],"collection":[{"href":"http:\/\/hoycordobaweb.com\/index.php\/wp-json\/wp\/v2\/posts"}],"about":[{"href":"http:\/\/hoycordobaweb.com\/index.php\/wp-json\/wp\/v2\/types\/post"}],"author":[{"embeddable":true,"href":"http:\/\/hoycordobaweb.com\/index.php\/wp-json\/wp\/v2\/users\/1"}],"replies":[{"embeddable":true,"href":"http:\/\/hoycordobaweb.com\/index.php\/wp-json\/wp\/v2\/comments?post=43374"}],"version-history":[{"count":0,"href":"http:\/\/hoycordobaweb.com\/index.php\/wp-json\/wp\/v2\/posts\/43374\/revisions"}],"wp:featuredmedia":[{"embeddable":true,"href":"http:\/\/hoycordobaweb.com\/index.php\/wp-json\/wp\/v2\/media\/43375"}],"wp:attachment":[{"href":"http:\/\/hoycordobaweb.com\/index.php\/wp-json\/wp\/v2\/media?parent=43374"}],"wp:term":[{"taxonomy":"category","embeddable":true,"href":"http:\/\/hoycordobaweb.com\/index.php\/wp-json\/wp\/v2\/categories?post=43374"},{"taxonomy":"post_tag","embeddable":true,"href":"http:\/\/hoycordobaweb.com\/index.php\/wp-json\/wp\/v2\/tags?post=43374"}],"curies":[{"name":"wp","href":"https:\/\/api.w.org\/{rel}","templated":true}]}}