{"id":43364,"date":"2022-06-19T13:52:00","date_gmt":"2022-06-19T13:52:00","guid":{"rendered":"http:\/\/hoycordobaweb.com\/index.php\/2022\/06\/19\/el-jefe-de-la-otan-advirtio-que-la-guerra-en-ucrania-podria-durar-anos\/"},"modified":"2022-06-19T13:52:00","modified_gmt":"2022-06-19T13:52:00","slug":"el-jefe-de-la-otan-advirtio-que-la-guerra-en-ucrania-podria-durar-anos","status":"publish","type":"post","link":"http:\/\/hoycordobaweb.com\/index.php\/2022\/06\/19\/el-jefe-de-la-otan-advirtio-que-la-guerra-en-ucrania-podria-durar-anos\/","title":{"rendered":"El jefe de la OTAN advirti\u00f3 que la guerra en Ucrania podr\u00eda durar \u00aba\u00f1os\u00bb"},"content":{"rendered":"<p><img src=\"http:\/\/hoycordobaweb.com\/wp-content\/uploads\/2022\/06\/el-jefe-de-la-otan-advirtio-que-la-guerra-en-ucrania-podria-durar-anos.jpg\"><\/p>\n<figure class=\"mb-3\"><img loading=\"lazy\" src=\"http:\/\/hoycordobaweb.com\/wp-content\/uploads\/2022\/06\/el-jefe-de-la-otan-advirtio-que-la-guerra-en-ucrania-podria-durar-anos-2.jpg\" width=\"100%\" height=\"100%\" alt=\"Jens Stolternberg jefe de la OTAN Foto AFP\"><figcaption> Jens Stolternberg, jefe de la OTAN. Foto: AFP <\/figcaption><\/figure>\n<p>La guerra en Ucrania podr\u00eda durar \u00aba\u00f1os\u00bb, advirti\u00f3 el secretario general de la OTAN en una entrevista publicada este domingo por el peri\u00f3dico alem\u00e1n Bild en la que inst\u00f3 a los pa\u00edses occidentales a demostrar apoyo a Kiev mientras se prolongue.<\/p>\n<p><strong>\u00abTenemos que estar preparados para que esto dure a\u00f1os\u00bb, dijo Jens Stoltenberg.<\/strong><\/p>\n<p>\u00abNo debemos desfallecer en nuestro apoyo a Ucrania, incluso si los costos son altos, no solo en t\u00e9rminos de apoyo militar sino tambi\u00e9n en el aumento de los precios de la energ\u00eda y los alimentos\u00bb, agreg\u00f3.<\/p>\n<p>Estos costos no son nada en comparaci\u00f3n con los que pagan diariamente los ucranianos en la primera l\u00ednea, ponder\u00f3 el jefe de la alianza.<\/p>\n<figure class=\"mb-3\"><img loading=\"lazy\" src=\"http:\/\/hoycordobaweb.com\/wp-content\/uploads\/2022\/06\/el-jefe-de-la-otan-advirtio-que-la-guerra-en-ucrania-podria-durar-anos-3.jpg\" width=\"100%\" height=\"100%\" alt=\"Severodonetsk ucrania Foto AFP\"><figcaption> Severodonetsk, ucrania. Foto: AFP <\/figcaption><\/figure>\n<p>Stoltenberg a\u00f1adi\u00f3 que <strong>si el presidente ruso Vladimir Putin lograra sus objetivos en Ucrania<\/strong>, como cuando anex\u00f3 Crimea en 2014, <strong>\u00abtendr\u00edamos que pagar un precio a\u00fan mayor\u00bb<\/strong>, inform\u00f3 la agencia de noticias AFP.<\/p>\n<p>En ese escenario, el secretario general inst\u00f3 a los pa\u00edses de la alianza a continuar con <a href=\"https:\/\/www.telam.com.ar\/notas\/202206\/595506-ucrania-rusia-conflicto-armas.html\" target=\"_blank\" rel=\"noopener noreferrer\">los env\u00edos de armas a Kiev.<\/a> \u00abCon armas modernas adicionales, aumentar\u00eda la probabilidad de que Ucrania pueda repeler a las tropas de (Vladimir) Putin del Donbass\u00bb, vaticin\u00f3.<\/p>\n<p>Esa regi\u00f3n del este de Ucrania actualmente se encuentra bajo el control parcial de las fuerzas rusas. <\/p>\n","protected":false},"excerpt":{"rendered":"<p>Jens Stolternberg, jefe de la OTAN. Foto: AFP La guerra en Ucrania podr\u00eda durar \u00aba\u00f1os\u00bb, advirti\u00f3 el secretario general de la OTAN en una entrevista publicada este domingo por el peri\u00f3dico alem\u00e1n Bild en la que inst\u00f3 a los pa\u00edses occidentales a demostrar apoyo a Kiev mientras se prolongue. \u00abTenemos que estar preparados para que [&hellip;]<\/p>\n","protected":false},"author":1,"featured_media":43365,"comment_status":"open","ping_status":"closed","sticky":false,"template":"","format":"standard","meta":[],"categories":[24],"tags":[],"_links":{"self":[{"href":"http:\/\/hoycordobaweb.com\/index.php\/wp-json\/wp\/v2\/posts\/43364"}],"collection":[{"href":"http:\/\/hoycordobaweb.com\/index.php\/wp-json\/wp\/v2\/posts"}],"about":[{"href":"http:\/\/hoycordobaweb.com\/index.php\/wp-json\/wp\/v2\/types\/post"}],"author":[{"embeddable":true,"href":"http:\/\/hoycordobaweb.com\/index.php\/wp-json\/wp\/v2\/users\/1"}],"replies":[{"embeddable":true,"href":"http:\/\/hoycordobaweb.com\/index.php\/wp-json\/wp\/v2\/comments?post=43364"}],"version-history":[{"count":0,"href":"http:\/\/hoycordobaweb.com\/index.php\/wp-json\/wp\/v2\/posts\/43364\/revisions"}],"wp:featuredmedia":[{"embeddable":true,"href":"http:\/\/hoycordobaweb.com\/index.php\/wp-json\/wp\/v2\/media\/43365"}],"wp:attachment":[{"href":"http:\/\/hoycordobaweb.com\/index.php\/wp-json\/wp\/v2\/media?parent=43364"}],"wp:term":[{"taxonomy":"category","embeddable":true,"href":"http:\/\/hoycordobaweb.com\/index.php\/wp-json\/wp\/v2\/categories?post=43364"},{"taxonomy":"post_tag","embeddable":true,"href":"http:\/\/hoycordobaweb.com\/index.php\/wp-json\/wp\/v2\/tags?post=43364"}],"curies":[{"name":"wp","href":"https:\/\/api.w.org\/{rel}","templated":true}]}}