{"id":43344,"date":"2022-06-18T15:26:00","date_gmt":"2022-06-18T15:26:00","guid":{"rendered":"http:\/\/hoycordobaweb.com\/index.php\/2022\/06\/18\/para-cristina-la-extradicion-de-assange-marca-un-precedente-alarmante-para-periodistas\/"},"modified":"2022-06-18T15:26:00","modified_gmt":"2022-06-18T15:26:00","slug":"para-cristina-la-extradicion-de-assange-marca-un-precedente-alarmante-para-periodistas","status":"publish","type":"post","link":"http:\/\/hoycordobaweb.com\/index.php\/2022\/06\/18\/para-cristina-la-extradicion-de-assange-marca-un-precedente-alarmante-para-periodistas\/","title":{"rendered":"Para Cristina, la extradici\u00f3n de Assange \u00abmarca un precedente alarmante\u00bb para periodistas"},"content":{"rendered":"<p><img src=\"http:\/\/hoycordobaweb.com\/wp-content\/uploads\/2022\/06\/para-cristina-la-extradicion-de-assange-marca-un-precedente-alarmante-para-periodistas.jpg\"><\/p>\n<figure class=\"mb-3\"><img loading=\"lazy\" src=\"http:\/\/hoycordobaweb.com\/wp-content\/uploads\/2022\/06\/para-cristina-la-extradicion-de-assange-marca-un-precedente-alarmante-para-periodistas-2.jpg\" width=\"100%\" height=\"100%\" alt=\"Fundador de WikiLeaks Julian Assange Foto AFP\"><figcaption> Fundador de WikiLeaks, Julian Assange \/ Foto: AFP. <\/figcaption><\/figure>\n<p>La vicepresidenta Cristina Fern\u00e1ndez de Kirchner asegur\u00f3 este s\u00e1bado que la decisi\u00f3n del Reino Unido de habilitar la extradici\u00f3n del periodista Julian Assange hacia Estados Unidos<strong> \u00abpone en peligro su vida\u00bb <\/strong>y adem\u00e1s \u00abmarca un precedente\u00bb para los periodistas de investigaci\u00f3n mundiales.<\/p>\n<p>\u00abLa decisi\u00f3n de habilitar la extradici\u00f3n de Julian Assange no solo pone en peligro su vida sino que adem\u00e1s marca un precedente alarmante para todos los y las periodistas del mundo que investigan y buscan la verdad: <strong>disciplinamiento period\u00edstico para todos y todas<\/strong>\u00ab, sostuvo la vicepresidenta desde su cuenta personal de Twitter.<\/p>\n<p>Fern\u00e1ndez de Kirchner acompa\u00f1\u00f3 sus declaraciones junto con la foto de la tapa del diario P\u00e1gina 12 de este s\u00e1bado, con el t\u00edtulo: \u00abUn mensaje escalofriante para los periodistas de todo el mundo\u00bb.<\/p>\n<blockquote class=\"twitter-tweet\" readability=\"6.2086956521739\">\n<p lang=\"es\" dir=\"ltr\">La decisi\u00f3n de habilitar la extradici\u00f3n de Julian Assange no solo pone en peligro su vida sino que adem\u00e1s marca un precedente alarmante para todos los y las periodistas del mundo que investigan y buscan la verdad: disciplinamiento period\u00edstico para todos y todas. <a href=\"https:\/\/t.co\/FHVhv7Ewen\">pic.twitter.com\/FHVhv7Ewen<\/a><\/p>\n<p>\u2014 Cristina Kirchner (@CFKArgentina) <a href=\"https:\/\/twitter.com\/CFKArgentina\/status\/1538160382879088641?ref_src=twsrc%5Etfw\">June 18, 2022<\/a><\/p><\/blockquote>\n<p>El Gobierno brit\u00e1nico firm\u00f3 el viernes la extradici\u00f3n d<strong>el fundador de WikiLeaks, Julian Assange, a Estados Unidos, donde se lo acusa de haber difundido documentos confidenciales<\/strong> y podr\u00eda recibir una sentencia de hasta 175 a\u00f1os de prisi\u00f3n, seg\u00fan los defensores del periodista, que apelar\u00e1n esta decisi\u00f3n que marca \u201cun d\u00eda negro para la libertad de prensa\u201d.<\/p>\n<p>\u00abEn virtud de la ley de 2003 sobre la extradici\u00f3n, la ministra firmar\u00e1 una orden si no hay ning\u00fan motivo que la proh\u00edba\u00bb, dijo un portavoz del Ministerio de Interior, al confirmar que la titular de la cartera, Priti Patel, hab\u00eda firmado el decreto para trasladar al australiano, que tiene 15 d\u00edas para apelar esta decisi\u00f3n.<\/p>\n<p>El portal WikiLeaks calific\u00f3 de \u00abd\u00eda oscuro para la libertad de prensa y la democracia brit\u00e1nica\u00bb la decisi\u00f3n de Reino Unido.<\/p>\n<p>\u00abCualquiera en este pa\u00eds que se preocupe por la libertad de expresi\u00f3n deber\u00eda estar profundamente avergonzado de que la ministra del Interior haya aprobado la extradici\u00f3n a EEUU, el pa\u00eds que plane\u00f3 su asesinato\u00bb, se\u00f1al\u00f3 en un comunicado difundido en sus redes sociales.<\/p>\n<p>En ese texto, <strong>WikiLeaks anticip\u00f3 que apelar\u00e1 la decisi\u00f3n, algo que solamente podr\u00e1 hacer si el Tribunal Superior brit\u00e1nico<\/strong> lo autoriza, con la posibilidad de ir en \u00faltima instancia ante el Tribunal Europeo de Derechos Humanos.<\/p>\n<figure class=\"mb-3\"><img loading=\"lazy\" src=\"http:\/\/hoycordobaweb.com\/wp-content\/uploads\/2022\/06\/para-cristina-la-extradicion-de-assange-marca-un-precedente-alarmante-para-periodistas-3.jpg\" width=\"100%\" height=\"100%\" alt=\"Cristina Fernndez de Kirchner se expres en Twitter sobre la decisin del Reino Unido Foto Pepe Mateos\"><figcaption> Cristina Fern\u00e1ndez de Kirchner se expres\u00f3 en Twitter sobre la decisi\u00f3n del Reino Unido \/ Foto: Pepe Mateos <\/figcaption><\/figure>\n<p>Seg\u00fan el vocero del Ministerio de Interior del Reino Unido, \u00ablos tribunales brit\u00e1nicos no concluyeron que ser\u00eda opresivo, injusto o un abuso procesal extraditar al se\u00f1or Assange\u00bb.<\/p>\n<p>\u00abTampoco concluyeron que la extradici\u00f3n fuera incompatible con sus derechos, incluyendo el derecho de tener un juicio justo, y con la libertad de expresi\u00f3n, y (garantizaron) que durante su estancia en Estados Unidos ser\u00e1 tratado de manera apropiada, tambi\u00e9n con respecto a su salud\u00bb, agreg\u00f3 citado por la agencia de noticias AFP.<\/p>\n<p><strong>La justicia estadounidense quiere juzgarlo por difundir a partir de 2010 m\u00e1s de 700.000 documentos secretos<\/strong> sobre las actividades diplom\u00e1ticas y militares estadounidenses, en particular en Irak y Afganist\u00e1n.<\/p>\n<p>Entre esos documentos figuraba un video que mostraba a civiles, incluidos dos periodistas de la agencia Reuters, muertos por disparos de un helic\u00f3ptero de combate estadounidense en Irak en julio de 2007.<\/p>\n<p>Acusado de espionaje, de ser declarado culpable Assange puede ser condenado a 175 a\u00f1os de c\u00e1rcel, en un caso que las organizaciones de defensa de los derechos humanos denuncian como un peligroso ataque a la libertad de prensa.<\/p>\n","protected":false},"excerpt":{"rendered":"<p>Fundador de WikiLeaks, Julian Assange \/ Foto: AFP. La vicepresidenta Cristina Fern\u00e1ndez de Kirchner asegur\u00f3 este s\u00e1bado que la decisi\u00f3n del Reino Unido de habilitar la extradici\u00f3n del periodista Julian Assange hacia Estados Unidos \u00abpone en peligro su vida\u00bb y adem\u00e1s \u00abmarca un precedente\u00bb para los periodistas de investigaci\u00f3n mundiales. \u00abLa decisi\u00f3n de habilitar la [&hellip;]<\/p>\n","protected":false},"author":1,"featured_media":43345,"comment_status":"open","ping_status":"closed","sticky":false,"template":"","format":"standard","meta":[],"categories":[19],"tags":[],"_links":{"self":[{"href":"http:\/\/hoycordobaweb.com\/index.php\/wp-json\/wp\/v2\/posts\/43344"}],"collection":[{"href":"http:\/\/hoycordobaweb.com\/index.php\/wp-json\/wp\/v2\/posts"}],"about":[{"href":"http:\/\/hoycordobaweb.com\/index.php\/wp-json\/wp\/v2\/types\/post"}],"author":[{"embeddable":true,"href":"http:\/\/hoycordobaweb.com\/index.php\/wp-json\/wp\/v2\/users\/1"}],"replies":[{"embeddable":true,"href":"http:\/\/hoycordobaweb.com\/index.php\/wp-json\/wp\/v2\/comments?post=43344"}],"version-history":[{"count":0,"href":"http:\/\/hoycordobaweb.com\/index.php\/wp-json\/wp\/v2\/posts\/43344\/revisions"}],"wp:featuredmedia":[{"embeddable":true,"href":"http:\/\/hoycordobaweb.com\/index.php\/wp-json\/wp\/v2\/media\/43345"}],"wp:attachment":[{"href":"http:\/\/hoycordobaweb.com\/index.php\/wp-json\/wp\/v2\/media?parent=43344"}],"wp:term":[{"taxonomy":"category","embeddable":true,"href":"http:\/\/hoycordobaweb.com\/index.php\/wp-json\/wp\/v2\/categories?post=43344"},{"taxonomy":"post_tag","embeddable":true,"href":"http:\/\/hoycordobaweb.com\/index.php\/wp-json\/wp\/v2\/tags?post=43344"}],"curies":[{"name":"wp","href":"https:\/\/api.w.org\/{rel}","templated":true}]}}