{"id":43275,"date":"2022-06-17T14:27:54","date_gmt":"2022-06-17T14:27:54","guid":{"rendered":"https:\/\/www.ole.com.ar\/futbol-internacional\/byron-castillo-danos-prejuicios_0_iI6vqVa8oq.html"},"modified":"2022-06-17T14:27:54","modified_gmt":"2022-06-17T14:27:54","slug":"el-abogado-de-byron-castillo-aseguro-que-realizaran-una-demanda-de-danos-y-perjuicios-a-la-federacion-de-chile","status":"publish","type":"post","link":"http:\/\/hoycordobaweb.com\/index.php\/2022\/06\/17\/el-abogado-de-byron-castillo-aseguro-que-realizaran-una-demanda-de-danos-y-perjuicios-a-la-federacion-de-chile\/","title":{"rendered":"El abogado de Byron Castillo asegur\u00f3 que realizar\u00e1n \u00abuna demanda de da\u00f1os y perjuicios\u00bb a la Federaci\u00f3n de Chile"},"content":{"rendered":"<p><img src=\"http:\/\/hoycordobaweb.com\/wp-content\/uploads\/2022\/06\/el-abogado-de-byron-castillo-aseguro-que-realizaran-una-demanda-de-danos-y-perjuicios-a-la-federacion-de-chile.jpg\"><\/p>\n<p>Finalmente se resolvi\u00f3 la situaci\u00f3n de Ecuador y la FIFA determin\u00f3 cerrar el caso luego de definir que la participaci\u00f3n de Byron Castillo en el equipo estaba en regla. Es por eso que el abogado del jugador asegur\u00f3 que iniciar\u00e1n acciones legales contra la Asociaci\u00f3n de Chile por da\u00f1os y perjucios.<\/p>\n<div class=\"sp__SM\">\n<div class=\"content-new \">\n<span class=\"tit-mobile\">Mir\u00e1 tambi\u00e9n<\/span><\/p>\n<div class=\"mg\">\n<div class=\"wrap-figure\">\n<picture>\n<a href=\"https:\/\/www.ole.com.ar\/futbol-internacional\/oficial-cambios-reglamento-futbol_0_X9xm4Qh5Gz.html\" target=\"_self\" rel=\"noopener noreferrer\"><br \/>\n<img class=\"img-responsive\" alt=\"F\u00fatbol: se oficializaron los cinco cambios con 15 suplentes\" src=\"http:\/\/hoycordobaweb.com\/wp-content\/uploads\/2022\/06\/el-abogado-de-byron-castillo-aseguro-que-realizaran-una-demanda-de-danos-y-perjuicios-a-la-federacion-de-chile-2.jpg\" loading=\"lazy\"><br \/>\n<\/a>\n<\/picture>\n<\/div>\n<\/div><\/div>\n<\/div>\n<div class=\"sp__Normal\">\n<div class=\"image-embeb image-trigger\" readability=\"6\">\n<picture><source media=\"(min-width: 720px)\" srcset=\"http:\/\/hoycordobaweb.com\/wp-content\/uploads\/2022\/06\/el-abogado-de-byron-castillo-aseguro-que-realizaran-una-demanda-de-danos-y-perjuicios-a-la-federacion-de-chile-3.jpg\"><img itemprop=\"image\" src=\"http:\/\/hoycordobaweb.com\/wp-content\/uploads\/2022\/06\/el-abogado-de-byron-castillo-aseguro-que-realizaran-una-demanda-de-danos-y-perjuicios-a-la-federacion-de-chile-3.jpg\" loading=\"lazy\" alt=\"Byron Castillo con la selecci\u00f3n de Ecuador\">\n<\/picture><figcaption readability=\"2\">\n<p>Byron Castillo con la selecci\u00f3n de Ecuador\n<\/p>\n<\/figcaption><\/div>\n<\/div>\n<p>Seg\u00fan detall\u00f3 Andr\u00e9s Holgu\u00edn en di\u00e1logo con medios ecuatorianos, el jugador habr\u00eda sido afectado tanto psicol\u00f3gica como moralmente y expres\u00f3:&nbsp;\u201cEl ofrecimiento de Byron en su contrato, que pudo haber sido un valor en enero. <strong>La plata que perdi\u00f3 Byron qued\u00e1ndose estos meses en Ecuador, todo eso podr\u00eda darnos un n\u00famero en lo deportivo. <\/strong>Falta el valor del da\u00f1o moral y psicol\u00f3gico que se le caus\u00f3 al jugador, que es m\u00e1s dif\u00edcil de comprobar, pero hay f\u00f3rmulas para hacerlo y debemos ver d\u00f3nde vamos a demandar para saber cu\u00e1nto vamos a pedir\u201d.<\/p>\n<div class=\"sp__SM\">\n<div class=\"content-new \">\n<span class=\"tit-mobile\">Mir\u00e1 tambi\u00e9n<\/span><\/p>\n<div class=\"mg\">\n<div class=\"wrap-figure\">\n<picture>\n<a href=\"https:\/\/www.ole.com.ar\/futbol-internacional\/america\/berizzo-reaccion-caso-byron-castillo_0_MuaBFK3AHV.html\" target=\"_self\" rel=\"noopener noreferrer\"><br \/>\n<img class=\"img-responsive\" alt=\"Berizzo sobre los efectos del caso Byron Castillo\" src=\"http:\/\/hoycordobaweb.com\/wp-content\/uploads\/2022\/06\/el-abogado-de-byron-castillo-aseguro-que-realizaran-una-demanda-de-danos-y-perjuicios-a-la-federacion-de-chile-4.jpg\" loading=\"lazy\"><br \/>\n<\/a>\n<\/picture>\n<\/div>\n<\/div><\/div>\n<\/div>\n<p>Adem\u00e1s, detall\u00f3 que se apuntar\u00e1 a la Asociaci\u00f3n de Chile a trav\u00e9s de una demanda. \u201cUna demanda de da\u00f1os y perjuicios, es una de las demandas m\u00e1s complicadas porque es dif\u00edcil comprobar da\u00f1os morales. <strong>Tenemos la suerte de que estamos hablando de un futbolista y por muy cruel que suene, un futbolista tiene precio, a diferencia de una persona com\u00fan y corriente, como nosotros. Eso nos ayuda bastante\u201d, <\/strong>agreg\u00f3.<\/p>\n<div class=\"sp__SM\">\n<div class=\"content-new \">\n<span class=\"tit-mobile\">Mir\u00e1 tambi\u00e9n<\/span><\/p>\n<div class=\"mg\">\n<div class=\"wrap-figure\">\n<picture>\n<a href=\"https:\/\/www.ole.com.ar\/mundial\/mundial-qatar-202\/medida-byron-denuncia-chile_0_38LC9Kr57g.html\" target=\"_self\" rel=\"noopener noreferrer\"><br \/>\n<img class=\"img-responsive\" alt=\"La medida que tomar\u00e1 Byron Castillo tras la decisi\u00f3n de FIFA\" src=\"http:\/\/hoycordobaweb.com\/wp-content\/uploads\/2022\/06\/el-abogado-de-byron-castillo-aseguro-que-realizaran-una-demanda-de-danos-y-perjuicios-a-la-federacion-de-chile-5.jpg\" loading=\"lazy\"><br \/>\n<\/a>\n<\/picture>\n<\/div>\n<\/div><\/div>\n<\/div>\n<p>Seg\u00fan Holgu\u00edn, la denuncia de Chile repercuti\u00f3 en la carrera del jugador ya que no le permiti\u00f3 irse de Barcelona de Ecuador cuando lo hubiese deseado y eso tuvo un costo en su carrera y en su bolsillo. \u201cByron pudo ser vendido en el libro de pases anterior, en enero, pero a ra\u00edz de todas estas cosas es que se complic\u00f3 todo. <strong>Ah\u00ed podemos tener un posible criterio para avaluar la demanda. Lo que ofrec\u00edan por Byron en diciembre y lo que terminaron pagando por \u00e9l\u201d<\/strong>, expres\u00f3.&nbsp;<\/p>\n<div class=\"sp__SM\">\n<div class=\"content-new \">\n<span class=\"tit-mobile\">Mir\u00e1 tambi\u00e9n<\/span><\/p>\n<div class=\"mg\">\n<div class=\"wrap-figure\">\n<picture>\n<a href=\"https:\/\/www.ole.com.ar\/mundial\/mundial-qatar-202\/selecciones-jugaran-mundial-qatar-2022_0_XEX89vcyIo.html\" target=\"_self\" rel=\"noopener noreferrer\"><br \/>\n<img class=\"img-responsive\" alt=\"\u00bfQu\u00e9 selecciones jugar\u00e1n el Mundial de Qatar?\" src=\"http:\/\/hoycordobaweb.com\/wp-content\/uploads\/2022\/06\/el-abogado-de-byron-castillo-aseguro-que-realizaran-una-demanda-de-danos-y-perjuicios-a-la-federacion-de-chile-6.jpg\" loading=\"lazy\"><br \/>\n<\/a>\n<\/picture>\n<\/div>\n<\/div><\/div>\n<\/div>\n<p>Hasta el momento ni el abogado ni el jugador dieron detalles de cu\u00e1ndo iniciar\u00e1 el proceso legal, pero est\u00e1 claro que tomar\u00e1n cartas en el asunto.&nbsp;<\/p>\n<h2><strong>EL D\u00cdA QUE BYRON COLAPS\u00d3<\/strong><\/h2>\n<p> El 22 de mayo pasado, sobrepasado por la situaci\u00f3n, cometi\u00f3 un error en un partido con Barcelona y le pidi\u00f3 al t\u00e9cnico que lo sacara.<mark><strong> \u00abS\u00e1came, no aguanto m\u00e1s\u00bb<\/strong><\/mark>, fueron lo expresado por Castillo a su DT, el argentino Jorge C\u00e9lico, una vez que se concret\u00f3 el tanto rival desde los doce pasos sobre el final del primer tiempo.<\/p>\n<p> Sus palabras fueron captadas por la transmisi\u00f3n del partido (Gol TV) y varios de sus compa\u00f1eros se acercaron a consolarlo. De todos modos, una vez que inici\u00f3 el complemento, el entrenador del \u00cddolo del Astillero cumpli\u00f3 con su pedido y fue reemplazado por Pedro Pablo Velasco<\/p>\n<div class=\"entry-tags\">\n<h2>TEMAS QUE APARECEN EN ESTA NOTA<\/h2>\n<\/p><\/div>\n","protected":false},"excerpt":{"rendered":"<p>Finalmente se resolvi\u00f3 la situaci\u00f3n de Ecuador y la FIFA determin\u00f3 cerrar el caso luego de definir que la participaci\u00f3n de Byron Castillo en el equipo estaba en regla. Es por eso que el abogado del jugador asegur\u00f3 que iniciar\u00e1n acciones legales contra la Asociaci\u00f3n de Chile por da\u00f1os y perjucios. Mir\u00e1 tambi\u00e9n Byron Castillo [&hellip;]<\/p>\n","protected":false},"author":1,"featured_media":43276,"comment_status":"open","ping_status":"closed","sticky":false,"template":"","format":"standard","meta":[],"categories":[16],"tags":[],"_links":{"self":[{"href":"http:\/\/hoycordobaweb.com\/index.php\/wp-json\/wp\/v2\/posts\/43275"}],"collection":[{"href":"http:\/\/hoycordobaweb.com\/index.php\/wp-json\/wp\/v2\/posts"}],"about":[{"href":"http:\/\/hoycordobaweb.com\/index.php\/wp-json\/wp\/v2\/types\/post"}],"author":[{"embeddable":true,"href":"http:\/\/hoycordobaweb.com\/index.php\/wp-json\/wp\/v2\/users\/1"}],"replies":[{"embeddable":true,"href":"http:\/\/hoycordobaweb.com\/index.php\/wp-json\/wp\/v2\/comments?post=43275"}],"version-history":[{"count":0,"href":"http:\/\/hoycordobaweb.com\/index.php\/wp-json\/wp\/v2\/posts\/43275\/revisions"}],"wp:featuredmedia":[{"embeddable":true,"href":"http:\/\/hoycordobaweb.com\/index.php\/wp-json\/wp\/v2\/media\/43276"}],"wp:attachment":[{"href":"http:\/\/hoycordobaweb.com\/index.php\/wp-json\/wp\/v2\/media?parent=43275"}],"wp:term":[{"taxonomy":"category","embeddable":true,"href":"http:\/\/hoycordobaweb.com\/index.php\/wp-json\/wp\/v2\/categories?post=43275"},{"taxonomy":"post_tag","embeddable":true,"href":"http:\/\/hoycordobaweb.com\/index.php\/wp-json\/wp\/v2\/tags?post=43275"}],"curies":[{"name":"wp","href":"https:\/\/api.w.org\/{rel}","templated":true}]}}