{"id":43263,"date":"2022-06-15T17:24:14","date_gmt":"2022-06-15T17:24:14","guid":{"rendered":"https:\/\/ladecimaweb.com\/?p=13735"},"modified":"2022-06-15T17:24:14","modified_gmt":"2022-06-15T17:24:14","slug":"proponen-una-eximicion-impositiva-para-comerciantes-de-la-avenida-armada-argentina","status":"publish","type":"post","link":"http:\/\/hoycordobaweb.com\/index.php\/2022\/06\/15\/proponen-una-eximicion-impositiva-para-comerciantes-de-la-avenida-armada-argentina\/","title":{"rendered":"Proponen una eximici\u00f3n impositiva para comerciantes de la avenida Armada Argentina"},"content":{"rendered":"<div class=\"boldgrid-section\">\n<div class=\"container\">\n<div class=\"row\">\n<div class=\"col-md-12 col-xs-12 col-sm-12\">\n<p class=\"\">El legislador de Juntos por el Cambio, Dante Rossi, solicit\u00f3 a trav\u00e9s de un proyecto de ley la eximici\u00f3n del pago del impuesto inmobiliario de la Provincia desde la sanci\u00f3n de la presente y hasta la finalizaci\u00f3n de la obra que se lleva adelante del alto nivel que conectar\u00e1 Villa El Libertador y Avda. Circunvalaci\u00f3n, para todos aquellos titulares de comercios ubicados sobre Avenida Armada Argentina, en donde se realicen trabajos que dificulten la circulaci\u00f3n y\/o el estacionamiento.<\/p>\n<p class=\"\">El art\u00edculo 2 del proyecto establece que &#8220;la Direcci\u00f3n General de Rentas ser\u00e1 la encargada de determinar en un plazo de quince d\u00edas cuales son los comercios que se encuadran dentro de lo prescripto por el art\u00edculo 1 de \u00e9sta ley&#8221;.<\/p>\n<figure id=\"attachment_13738\" aria-describedby=\"caption-attachment-13738\" style=\"width: 461px\" class=\"wp-caption aligncenter\"><img loading=\"lazy\" class=\"wp-image-13738\" src=\"http:\/\/hoycordobaweb.com\/wp-content\/uploads\/2022\/06\/proponen-una-eximicion-impositiva-para-comerciantes-de-la-avenida-armada-argentina.jpg\" alt=\"\" width=\"461\" height=\"291\" srcset=\"http:\/\/hoycordobaweb.com\/wp-content\/uploads\/2022\/06\/proponen-una-eximicion-impositiva-para-comerciantes-de-la-avenida-armada-argentina.jpg 825w, http:\/\/hoycordobaweb.com\/wp-content\/uploads\/2022\/06\/proponen-una-eximicion-impositiva-para-comerciantes-de-la-avenida-armada-argentina-1.jpg 703w, http:\/\/hoycordobaweb.com\/wp-content\/uploads\/2022\/06\/proponen-una-eximicion-impositiva-para-comerciantes-de-la-avenida-armada-argentina-2.jpg 768w\" sizes=\"(max-width: 461px) 100vw, 461px\" \/><figcaption id=\"caption-attachment-13738\" class=\"wp-caption-text\">El legislador radical Rossi.<\/figcaption><\/figure>\n<p class=\"\">En los fundamentos del proyecto, Rossi no duda de la importancia y necesidad de la obra -presupuestada en 1.709 millones de pesos- que lleva adelante el Gobierno de C\u00f3rdoba a trav\u00e9s de Caminos de las Sierras, que dar\u00e1 continuidad a la Autov\u00eda C\u00f3rdoba-Alta Gracia, y que consiste en la ejecuci\u00f3n de un puente de 125 metros de largo sobre la Avenida Armada Argentina; otro puente de 123 metros hacia Alta Gracia: un puente de 20 metros de largo que servir\u00e1 como ramal directo en sentido oeste-sur y una rotonda a nivel con ramales de conexi\u00f3n e isletas.<\/p>\n<p class=\"\">&#8220;No dudamos de la importancia de la misma, pero creemos que en un momento tan dif\u00edcil desde el punto de vista econ\u00f3mico y social por el que atraviesa la Argentina, el estado debe tener solidaridad y no asistir pasivo al deterioro econ\u00f3mico de muchos comerciantes que sufren las consecuencias&#8221;, apunta el legislador opositor.<\/p>\n<p class=\"\">Rossi recibi\u00f3 el reclamo de los comerciantes en una recorrida in situ en el sector. &#8220;Nos relataron (por los comerciantes) que han ca\u00eddo sensiblemente las ventas producto de la obra y su consecuencia de falta de accesibilidad y de estacionamiento en el lugar&#8221;<\/p>\n<p class=\"\">Es por eso que propone &#8220;que se apruebe por ley la eximici\u00f3n del pago del impuesto inmobiliario provincial para aquellos titulares que se encuentran frente a la Av. Armada Argentina donde se lleva adelante la obra&#8221;.<\/p>\n<p class=\"\">La idea es solo un proyecto y su sanci\u00f3n depender\u00e1 de la actitud que adopte el bloque mayoritario de Hacemos por C\u00f3rdoba.<\/p>\n<p class=\"\">\n<div class=\"ubm_banner\"><a href=\"https:\/\/www.cba.gov.ar\/10-https:\/\/www.cba.gov.ar\/10-mil-viviendas\/?csrt=8333084810548506306\" target=\"_blank\" rel=\"dofollow noopener noreferrer\"><img src=\"http:\/\/hoycordobaweb.com\/wp-content\/uploads\/2022\/06\/proponen-una-eximicion-impositiva-para-comerciantes-de-la-avenida-armada-argentina.gif\" alt=\"\"><\/a><\/div>\n<p>&nbsp;<\/p>\n<p class=\"\">&nbsp;<\/p>\n<\/div>\n<\/div>\n<\/div>\n<\/div>\n<p>La entrada <a rel=\"nofollow\" href=\"https:\/\/ladecimaweb.com\/piden-una-eximicion-impositiva-para-comerciantes-de-la-avenida-armada-argentina\/\">Proponen una eximici\u00f3n impositiva para comerciantes de la avenida Armada Argentina<\/a> se public\u00f3 primero en <a rel=\"nofollow\" href=\"https:\/\/ladecimaweb.com\">LaDecima<\/a>.<\/p>\n","protected":false},"excerpt":{"rendered":"<p>El legislador de Juntos por el Cambio, Dante Rossi, solicit\u00f3 a trav\u00e9s de un proyecto de ley la eximici\u00f3n del pago del impuesto inmobiliario de la Provincia desde la sanci\u00f3n de la presente y hasta la finalizaci\u00f3n de la obra que se lleva adelante del alto nivel que conectar\u00e1 Villa El Libertador y Avda. Circunvalaci\u00f3n, [&hellip;]<\/p>\n","protected":false},"author":1,"featured_media":43264,"comment_status":"closed","ping_status":"closed","sticky":false,"template":"","format":"standard","meta":[],"categories":[19],"tags":[],"_links":{"self":[{"href":"http:\/\/hoycordobaweb.com\/index.php\/wp-json\/wp\/v2\/posts\/43263"}],"collection":[{"href":"http:\/\/hoycordobaweb.com\/index.php\/wp-json\/wp\/v2\/posts"}],"about":[{"href":"http:\/\/hoycordobaweb.com\/index.php\/wp-json\/wp\/v2\/types\/post"}],"author":[{"embeddable":true,"href":"http:\/\/hoycordobaweb.com\/index.php\/wp-json\/wp\/v2\/users\/1"}],"replies":[{"embeddable":true,"href":"http:\/\/hoycordobaweb.com\/index.php\/wp-json\/wp\/v2\/comments?post=43263"}],"version-history":[{"count":0,"href":"http:\/\/hoycordobaweb.com\/index.php\/wp-json\/wp\/v2\/posts\/43263\/revisions"}],"wp:featuredmedia":[{"embeddable":true,"href":"http:\/\/hoycordobaweb.com\/index.php\/wp-json\/wp\/v2\/media\/43264"}],"wp:attachment":[{"href":"http:\/\/hoycordobaweb.com\/index.php\/wp-json\/wp\/v2\/media?parent=43263"}],"wp:term":[{"taxonomy":"category","embeddable":true,"href":"http:\/\/hoycordobaweb.com\/index.php\/wp-json\/wp\/v2\/categories?post=43263"},{"taxonomy":"post_tag","embeddable":true,"href":"http:\/\/hoycordobaweb.com\/index.php\/wp-json\/wp\/v2\/tags?post=43263"}],"curies":[{"name":"wp","href":"https:\/\/api.w.org\/{rel}","templated":true}]}}