{"id":43225,"date":"2022-06-16T13:37:39","date_gmt":"2022-06-16T13:37:39","guid":{"rendered":"https:\/\/www.ole.com.ar\/futbol-internacional\/van-basten-messi-mejores-historia_0_14yitQpKOH.html"},"modified":"2022-06-16T13:37:39","modified_gmt":"2022-06-16T13:37:39","slug":"van-basten-polemico-messi-no-esta-entre-los-tres-mejores-de-la-historia","status":"publish","type":"post","link":"http:\/\/hoycordobaweb.com\/index.php\/2022\/06\/16\/van-basten-polemico-messi-no-esta-entre-los-tres-mejores-de-la-historia\/","title":{"rendered":"Van Basten pol\u00e9mico: \u00abMessi no est\u00e1 entre los tres mejores de la historia\u00bb"},"content":{"rendered":"<p><img src=\"http:\/\/hoycordobaweb.com\/wp-content\/uploads\/2022\/06\/van-basten-polemico-messi-no-esta-entre-los-tres-mejores-de-la-historia.jpg\"><\/p>\n<p><a target=\"_blank\" href=\"https:\/\/www.ole.com.ar\/tema\/marco-van-basten.html\" rel=\"noopener noreferrer\"><strong>Marco Van Basten<\/strong><\/a>&nbsp;fue, sin dudas,<strong> uno de los mejores jugadores de todos los tiempos.<\/strong> Dotado de una excelente pegada, culmin\u00f3 su carrera con un total de 277 goles -seg\u00fan Transfermarkt- <strong>y tres balones de oro. <\/strong>Una lesi\u00f3n constante en uno de sus tobillos lo oblig\u00f3 a retirarse con s\u00f3lo 28 a\u00f1os. Nunca se guarda nada a la hora de opinar, y siempre suele ser muy tajante con sus palabras<a target=\"_blank\" href=\"https:\/\/www.ole.com.ar\/futbol-internacional\/espana\/van-basten-simeone-critica_0_ryyCTrw2Je.html\" rel=\"noopener noreferrer\"><strong> -hace algunos meses coment\u00f3 que prefer\u00eda ver Netflix antes que al Atleti del Cholo Simeone-. <\/strong><\/a>Esta vez, en una entrevista con <strong>France Football<\/strong>, <strong>no coloc\u00f3 a <a target=\"_blank\" href=\"https:\/\/www.ole.com.ar\/messi\/\" rel=\"noopener noreferrer\">Lionel Messi<\/a> entre los tres mejores de la historia.&nbsp;<\/strong><\/p>\n<div class=\"sp__Normal\">\n<div class=\"image-embeb image-trigger\" readability=\"6.5\">\n<picture><source media=\"(min-width: 720px)\" srcset=\"http:\/\/hoycordobaweb.com\/wp-content\/uploads\/2022\/06\/van-basten-polemico-messi-no-esta-entre-los-tres-mejores-de-la-historia-2.jpg\"><img itemprop=\"image\" src=\"http:\/\/hoycordobaweb.com\/wp-content\/uploads\/2022\/06\/van-basten-polemico-messi-no-esta-entre-los-tres-mejores-de-la-historia-2.jpg\" loading=\"lazy\" alt=\"Van Basten, siempre cr\u00edtico. (Foto: EFE\/ANATOLY MALTSEV)\">\n<\/picture><figcaption readability=\"3\">\n<p>Van Basten, siempre cr\u00edtico. (Foto: EFE\/ANATOLY MALTSEV)\n<\/p>\n<\/figcaption><\/div>\n<\/div>\n<p>\u00abPel\u00e9, Diego Maradona y Johan Cruyff son los tres mejores de la historia. Messi tambi\u00e9n es un gran jugador, <strong>pero Maradona siempre tuvo m\u00e1s personalidad en un equipo y Messi no es el que se pone al frente para ir a la guerra<\/strong>\u00ab, mencion\u00f3 el neerland\u00e9s. <\/p>\n<div class=\"sp__SM\">\n<div class=\"content-new \">\n<span class=\"tit-mobile\">Mir\u00e1 tambi\u00e9n<\/span><\/p>\n<div class=\"mg\">\n<div class=\"wrap-figure\">\n<picture>\n<a href=\"https:\/\/www.ole.com.ar\/spotify\/ole-podcast-spotify-banini-seleccion_0_7k5SWnrlHE.html\" target=\"_self\" rel=\"noopener noreferrer\"><br \/>\n<img class=\"img-responsive\" alt=\"El podcast de Ol\u00e9 en Spotify: Estefan\u00eda Banini, la voz contra la desigualdad\" src=\"http:\/\/hoycordobaweb.com\/wp-content\/uploads\/2022\/06\/van-basten-polemico-messi-no-esta-entre-los-tres-mejores-de-la-historia-3.jpg\" loading=\"lazy\"><br \/>\n<\/a>\n<\/picture>\n<\/div>\n<\/div><\/div>\n<\/div>\n<p>Tambi\u00e9n, agreg\u00f3 que desde chico so\u00f1aba con ser como Cruyff, y volvi\u00f3 a elogiar a Diego y al brasile\u00f1o: \u201cDe ni\u00f1o quer\u00eda ser como Cruyff. \u00c9l era mi amigo. Lo extra\u00f1o. <strong>Pel\u00e9 y Maradona tambi\u00e9n fueron incre\u00edbles<\/strong>\u00ab. <\/p>\n<div class=\"sp__SM\">\n<div class=\"content-new \">\n<span class=\"tit-mobile\">Mir\u00e1 tambi\u00e9n<\/span><\/p>\n<div class=\"mg\">\n<div class=\"wrap-figure\">\n<picture>\n<a href=\"https:\/\/www.ole.com.ar\/futbol-internacional\/inglaterra\/florentino-perez-mbappe-madrid_0_Rw0vvTdLsW.html\" target=\"_self\" rel=\"noopener noreferrer\"><br \/>\n<img class=\"img-responsive\" alt=\"La revancha de Florentino P\u00e9rez contra Mbapp\u00e9\" src=\"http:\/\/hoycordobaweb.com\/wp-content\/uploads\/2022\/06\/van-basten-polemico-messi-no-esta-entre-los-tres-mejores-de-la-historia-4.jpg\" loading=\"lazy\"><br \/>\n<\/a>\n<\/picture>\n<\/div>\n<\/div><\/div>\n<\/div>\n<p>Sin embargo, para el neerland\u00e9s, Messi est\u00e1 entre los mejores de la historia, <strong>pero en un pelda\u00f1o m\u00e1s abajo,<\/strong> junto a otras estrellas mundiales.<strong> \u00abNo me olvido de Cristiano Ronaldo, Michel Platini o Zinedine Zidane\u00bb<\/strong>, concluy\u00f3. <\/p>\n<div class=\"sp__SM\">\n<div class=\"content-new \">\n<span class=\"tit-mobile\">Mir\u00e1 tambi\u00e9n<\/span><\/p>\n<div class=\"mg\">\n<div class=\"wrap-figure\">\n<picture>\n<a href=\"https:\/\/www.ole.com.ar\/messi\/lionel-messi-barcelona-vacaciones_0_kCuT0Q0AGe.html\" target=\"_self\" rel=\"noopener noreferrer\"><br \/>\n<img class=\"img-responsive\" alt=\"\u00bfQu\u00e9 hizo Messi en su regreso a Barcelona?\" src=\"http:\/\/hoycordobaweb.com\/wp-content\/uploads\/2022\/06\/van-basten-polemico-messi-no-esta-entre-los-tres-mejores-de-la-historia-5.jpg\" loading=\"lazy\"><br \/>\n<\/a>\n<\/picture>\n<\/div>\n<\/div><\/div>\n<\/div>\n<h2><strong>Para Van Basten, Messi es mejor que Cristiano Ronaldo<\/strong><\/h2>\n<div class=\"sp__Normal\">\n<div class=\"image-embeb image-trigger\" readability=\"6.5\">\n<picture><source media=\"(min-width: 720px)\" srcset=\"http:\/\/hoycordobaweb.com\/wp-content\/uploads\/2022\/06\/van-basten-polemico-messi-no-esta-entre-los-tres-mejores-de-la-historia-6.jpg\"><img itemprop=\"image\" src=\"http:\/\/hoycordobaweb.com\/wp-content\/uploads\/2022\/06\/van-basten-polemico-messi-no-esta-entre-los-tres-mejores-de-la-historia-6.jpg\" loading=\"lazy\" alt=\"Messi y Cristiano Ronaldo, en un partido de Champions League en 2020. (Foto: AP\/Joan Monfort)\">\n<\/picture><figcaption readability=\"3\">\n<p>Messi y Cristiano Ronaldo, en un partido de Champions League en 2020. (Foto: AP\/Joan Monfort)\n<\/p>\n<\/figcaption><\/div>\n<\/div>\n<p>Si bien el hist\u00f3rico delantero no considera que Messi est\u00e9 entre los tres mejores de la historia, <strong>en muchas ocasiones lo ha elogiado.&nbsp;<\/strong>De hecho, en relaci\u00f3n a sus dichos, salieron r\u00e1pidamente a la luz las declaraciones de una entrevista que le hab\u00eda concedido&nbsp;al medio italiano <strong>Corriere Della Serra en el verano del 2020<\/strong>, en donde ponderaba al argentino por sobre Cristiano Ronaldo. \u00abCristiano es un gran jugador,<strong> pero los que dicen que es mejor que Messi no saben nada de f\u00fatbol, o lo dicen de mala fe<\/strong>\u201d, hab\u00eda comentado.<\/p>\n<div class=\"entry-tags\">\n<h2>TEMAS QUE APARECEN EN ESTA NOTA<\/h2>\n<\/p><\/div>\n","protected":false},"excerpt":{"rendered":"<p>Marco Van Basten&nbsp;fue, sin dudas, uno de los mejores jugadores de todos los tiempos. Dotado de una excelente pegada, culmin\u00f3 su carrera con un total de 277 goles -seg\u00fan Transfermarkt- y tres balones de oro. Una lesi\u00f3n constante en uno de sus tobillos lo oblig\u00f3 a retirarse con s\u00f3lo 28 a\u00f1os. Nunca se guarda nada [&hellip;]<\/p>\n","protected":false},"author":1,"featured_media":43226,"comment_status":"open","ping_status":"closed","sticky":false,"template":"","format":"standard","meta":[],"categories":[16],"tags":[],"_links":{"self":[{"href":"http:\/\/hoycordobaweb.com\/index.php\/wp-json\/wp\/v2\/posts\/43225"}],"collection":[{"href":"http:\/\/hoycordobaweb.com\/index.php\/wp-json\/wp\/v2\/posts"}],"about":[{"href":"http:\/\/hoycordobaweb.com\/index.php\/wp-json\/wp\/v2\/types\/post"}],"author":[{"embeddable":true,"href":"http:\/\/hoycordobaweb.com\/index.php\/wp-json\/wp\/v2\/users\/1"}],"replies":[{"embeddable":true,"href":"http:\/\/hoycordobaweb.com\/index.php\/wp-json\/wp\/v2\/comments?post=43225"}],"version-history":[{"count":0,"href":"http:\/\/hoycordobaweb.com\/index.php\/wp-json\/wp\/v2\/posts\/43225\/revisions"}],"wp:featuredmedia":[{"embeddable":true,"href":"http:\/\/hoycordobaweb.com\/index.php\/wp-json\/wp\/v2\/media\/43226"}],"wp:attachment":[{"href":"http:\/\/hoycordobaweb.com\/index.php\/wp-json\/wp\/v2\/media?parent=43225"}],"wp:term":[{"taxonomy":"category","embeddable":true,"href":"http:\/\/hoycordobaweb.com\/index.php\/wp-json\/wp\/v2\/categories?post=43225"},{"taxonomy":"post_tag","embeddable":true,"href":"http:\/\/hoycordobaweb.com\/index.php\/wp-json\/wp\/v2\/tags?post=43225"}],"curies":[{"name":"wp","href":"https:\/\/api.w.org\/{rel}","templated":true}]}}