{"id":43221,"date":"2022-06-16T14:48:23","date_gmt":"2022-06-16T14:48:23","guid":{"rendered":"https:\/\/www.ole.com.ar\/fuera-de-juego\/marcelo-tatuaje-curioso-motivo_0_xPJ6GsI9nx.html"},"modified":"2022-06-16T14:48:23","modified_gmt":"2022-06-16T14:48:23","slug":"el-curioso-motivo-por-el-que-marcelo-tiene-tatuado-el-logo-de-una-marca-de-autos","status":"publish","type":"post","link":"http:\/\/hoycordobaweb.com\/index.php\/2022\/06\/16\/el-curioso-motivo-por-el-que-marcelo-tiene-tatuado-el-logo-de-una-marca-de-autos\/","title":{"rendered":"El curioso motivo por el que Marcelo tiene tatuado el logo de una marca de autos"},"content":{"rendered":"<p><img src=\"http:\/\/hoycordobaweb.com\/wp-content\/uploads\/2022\/06\/el-curioso-motivo-por-el-que-marcelo-tiene-tatuado-el-logo-de-una-marca-de-autos.jpg\"><\/p>\n<p>Hace unos d\u00edas hubo una situaci\u00f3n que emocion\u00f3 a todos los seguidores del buen f\u00fatbol:&nbsp;Marcelo, hist\u00f3rico jugador del Real Madrid, se despidi\u00f3 del club en el que compiti\u00f3 durante 16 temporadas con un emotivo discurso y habr\u00e1 que ver d\u00f3nde elige continuar su carrera. Tras este emotivo episodio,&nbsp;circul\u00f3 un curioso dato sobre su vida que pocos saben y es que&nbsp;tiene un tatuaje con el logo de una marca de autos.<\/p>\n<div class=\"sp__SM\">\n<div class=\"content-new \">\n<span class=\"tit-mobile\">Mir\u00e1 tambi\u00e9n<\/span><\/p>\n<div class=\"mg\">\n<div class=\"wrap-figure\">\n<picture>\n<a href=\"https:\/\/www.ole.com.ar\/futbol-internacional\/espana\/tchouameni-real-madrid-100-millones_0_gIfR7nB5sK.html\" target=\"_self\" rel=\"noopener noreferrer\"><br \/>\n<img class=\"img-responsive\" alt=\"Tchouam\u00e9ni, el jugador al que no le importa valer 100 millones de d\u00f3lares\" src=\"http:\/\/hoycordobaweb.com\/wp-content\/uploads\/2022\/06\/el-curioso-motivo-por-el-que-marcelo-tiene-tatuado-el-logo-de-una-marca-de-autos-2.jpg\" loading=\"lazy\"><br \/>\n<\/a>\n<\/picture>\n<\/div>\n<\/div><\/div>\n<\/div>\n<p>En m\u00e1s de una oportunidad el futbolista brasile\u00f1o mostr\u00f3 su amor por los tatuajes y hay uno bastante particular. <strong><mark>En su brazo derecho lleva el logo de Volkswagen en honor a su abuelo. <\/mark><\/strong>Cada una de las inscripciones que tiene en la piel tiene un significado para \u00e9l y no s\u00f3lo homenajea al Real Madrid sino tambi\u00e9n a sus familiares y seres queridos.&nbsp;<\/p>\n<div class=\"sp__Normal\">\n<div class=\"image-embeb image-trigger\" readability=\"6\">\n<picture><source media=\"(min-width: 720px)\" srcset=\"http:\/\/hoycordobaweb.com\/wp-content\/uploads\/2022\/06\/el-curioso-motivo-por-el-que-marcelo-tiene-tatuado-el-logo-de-una-marca-de-autos-3.jpg\"><img itemprop=\"image\" src=\"http:\/\/hoycordobaweb.com\/wp-content\/uploads\/2022\/06\/el-curioso-motivo-por-el-que-marcelo-tiene-tatuado-el-logo-de-una-marca-de-autos-3.jpg\" loading=\"lazy\" alt=\"El curioso motivo por el que Marcelo tiene tatuado el logo de una marca de autos\">\n<\/picture><figcaption readability=\"2\">\n<p>El curioso motivo por el que Marcelo tiene tatuado el logo de una marca de autos\n<\/p>\n<\/figcaption><\/div>\n<\/div>\n<div class=\"sp__SM\">\n<div class=\"content-new \">\n<span class=\"tit-mobile\">Mir\u00e1 tambi\u00e9n<\/span><\/p>\n<div class=\"mg\">\n<div class=\"wrap-figure\">\n<picture>\n<a href=\"https:\/\/www.ole.com.ar\/futbol-internacional\/espana\/saint-germain-seleccion-francia_0_7faaR0qN2r.html\" target=\"_self\" rel=\"noopener noreferrer\"><br \/>\n<img class=\"img-responsive\" alt=\"La reacci\u00f3n de Mbapp\u00e9 por la llegada de Tchouam\u00e9ni al Real Madrid\" src=\"http:\/\/hoycordobaweb.com\/wp-content\/uploads\/2022\/06\/el-curioso-motivo-por-el-que-marcelo-tiene-tatuado-el-logo-de-una-marca-de-autos-4.jpg\" loading=\"lazy\"><br \/>\n<\/a>\n<\/picture>\n<\/div>\n<\/div><\/div>\n<\/div>\n<p>Es por eso que para recordar a su abuelo decidi\u00f3 tatuarse un auto y el logo de la marca que le recuerda a Pedro quien fue una de las personas m\u00e1s importantes de su vida. Justamente con un auto Volkswagen naranja cuyo modelo es conocido como Escarabajo, su abuelo lo llevaba a los entrenamientos. Aquel veh\u00edculo represent\u00f3 algo muy importante en su vida y hasta llegaron a nombrarlo \u00abfusquinha\u00bb.<\/p>\n<div class=\"sp__SM\">\n<div class=\"content-new \">\n<span class=\"tit-mobile\">Mir\u00e1 tambi\u00e9n<\/span><\/p>\n<div class=\"mg\">\n<div class=\"wrap-figure\">\n<picture>\n<a href=\"https:\/\/www.ole.com.ar\/futbol-internacional\/francia\/psg-pochettino-bajas-fisio-bisciotti_0_O3UoPbs3iG.html\" target=\"_self\" rel=\"noopener noreferrer\"><br \/>\n<img class=\"img-responsive\" alt=\"Sigue el desguace en el Paris Saint Germain\" src=\"http:\/\/hoycordobaweb.com\/wp-content\/uploads\/2022\/06\/el-curioso-motivo-por-el-que-marcelo-tiene-tatuado-el-logo-de-una-marca-de-autos-5.jpg\" loading=\"lazy\"><br \/>\n<\/a>\n<\/picture>\n<\/div>\n<\/div><\/div>\n<\/div>\n<p> <strong>\u00abSignifica mucho para m\u00ed. Muchas cosas vividas en \u00e9l\u201d,<\/strong> record\u00f3 el futbolista que gracias a que Pedro hizo los esfuerzos de llevarlo, hoy puede ser el futbolista que es. Durante largas horas su abuelo conduc\u00eda sin importar si era de d\u00eda o de noche y en 2005 lo vio debutar con la camiseta de Fluminense.&nbsp;<\/p>\n<h2><strong>\u00bfC\u00f3mo fue la despedida del Real Madrid?<\/strong><\/h2>\n<p>Fin del largo y exitoso ciclo de Marcelo en el Real Madrid. Tras ganar la \u00faltima Champions League, el brasile\u00f1o se despidi\u00f3 del Merengue luego de <strong>16 a\u00f1os y 25 t\u00edtulos con un emotivo discurso en el marco de un acto en el que estuvieron presentes su familia, el presidente Florentino P\u00e9rez, el t\u00e9cnico Carlo Ancelotti y sus compa\u00f1eros.<\/strong><\/p>\n<p>Despu\u00e9s de ver un video que hizo un recorrido por los logros, goles y jugadas del lateral durante su paso por el club y de escuchar las palabras del presidente, Marcelo tom\u00f3 la palabra en un discurso que estuvo cargado de emociones.<\/p>\n<p>\u00abQuiero agradecer al club, a los compa\u00f1eros que he tenido, la suerte que tuve de jugar durante todos estos a\u00f1os, a los entrenadores, a los utileros que para mi son como familia, la gente que trabaja en la residencia, los de seguridad los que trabajan por detr\u00e1s y hacen el trabajo sucio\u00bb, asegur\u00f3 entre l\u00e1grimas.<\/p>\n<p>Y explic\u00f3: <strong>\u00abNosotros solo nos dedicamos a jugar al f\u00fatbol y para que lo hagamos bien, hay un trabajo por detr\u00e1s que aprend\u00ed en el Real Madrid. Quiero agradecer al mejor club del mundo por poder disfrutar de esto. Estamos haciendo lo que nos gusta y lo tenemos todo para disfrutar. He despertado todos los d\u00edas de mi vida con la alegr\u00eda de estar en el mejor club del mundo hacer historia y que mis hijos vean que fui capaz de jugar en el mejor lugar posible\u00bb<\/strong>.<\/p>\n<div class=\"entry-tags\">\n<h2>TEMAS QUE APARECEN EN ESTA NOTA<\/h2>\n<\/p><\/div>\n","protected":false},"excerpt":{"rendered":"<p>Hace unos d\u00edas hubo una situaci\u00f3n que emocion\u00f3 a todos los seguidores del buen f\u00fatbol:&nbsp;Marcelo, hist\u00f3rico jugador del Real Madrid, se despidi\u00f3 del club en el que compiti\u00f3 durante 16 temporadas con un emotivo discurso y habr\u00e1 que ver d\u00f3nde elige continuar su carrera. Tras este emotivo episodio,&nbsp;circul\u00f3 un curioso dato sobre su vida que [&hellip;]<\/p>\n","protected":false},"author":1,"featured_media":43222,"comment_status":"open","ping_status":"closed","sticky":false,"template":"","format":"standard","meta":[],"categories":[16],"tags":[],"_links":{"self":[{"href":"http:\/\/hoycordobaweb.com\/index.php\/wp-json\/wp\/v2\/posts\/43221"}],"collection":[{"href":"http:\/\/hoycordobaweb.com\/index.php\/wp-json\/wp\/v2\/posts"}],"about":[{"href":"http:\/\/hoycordobaweb.com\/index.php\/wp-json\/wp\/v2\/types\/post"}],"author":[{"embeddable":true,"href":"http:\/\/hoycordobaweb.com\/index.php\/wp-json\/wp\/v2\/users\/1"}],"replies":[{"embeddable":true,"href":"http:\/\/hoycordobaweb.com\/index.php\/wp-json\/wp\/v2\/comments?post=43221"}],"version-history":[{"count":0,"href":"http:\/\/hoycordobaweb.com\/index.php\/wp-json\/wp\/v2\/posts\/43221\/revisions"}],"wp:featuredmedia":[{"embeddable":true,"href":"http:\/\/hoycordobaweb.com\/index.php\/wp-json\/wp\/v2\/media\/43222"}],"wp:attachment":[{"href":"http:\/\/hoycordobaweb.com\/index.php\/wp-json\/wp\/v2\/media?parent=43221"}],"wp:term":[{"taxonomy":"category","embeddable":true,"href":"http:\/\/hoycordobaweb.com\/index.php\/wp-json\/wp\/v2\/categories?post=43221"},{"taxonomy":"post_tag","embeddable":true,"href":"http:\/\/hoycordobaweb.com\/index.php\/wp-json\/wp\/v2\/tags?post=43221"}],"curies":[{"name":"wp","href":"https:\/\/api.w.org\/{rel}","templated":true}]}}