{"id":43195,"date":"2022-06-15T15:42:34","date_gmt":"2022-06-15T15:42:34","guid":{"rendered":"https:\/\/fono.fcm.unc.edu.ar\/?p=9349"},"modified":"2022-06-15T15:42:34","modified_gmt":"2022-06-15T15:42:34","slug":"congreso-internacional-de-universidades-publicas-ciup-2022","status":"publish","type":"post","link":"http:\/\/hoycordobaweb.com\/index.php\/2022\/06\/15\/congreso-internacional-de-universidades-publicas-ciup-2022\/","title":{"rendered":"Congreso Internacional de Universidades P\u00fablicas (CIUP 2022)"},"content":{"rendered":"<p dir=\"ltr\"><img loading=\"lazy\" class=\"size-fusion-400 wp-image-9350 alignright\" src=\"https:\/\/fono.fcm.unc.edu.ar\/wp-content\/uploads\/sites\/14\/2022\/06\/WhatsApp-Image-2022-06-15-at-12.41.04-PM-400x322.jpeg\" alt width=\"400\" height=\"322\" srcset=\"https:\/\/fono.fcm.unc.edu.ar\/wp-content\/uploads\/sites\/14\/2022\/06\/WhatsApp-Image-2022-06-15-at-12.41.04-PM-177x142.jpeg 177w, https:\/\/fono.fcm.unc.edu.ar\/wp-content\/uploads\/sites\/14\/2022\/06\/WhatsApp-Image-2022-06-15-at-12.41.04-PM-200x161.jpeg 200w, https:\/\/fono.fcm.unc.edu.ar\/wp-content\/uploads\/sites\/14\/2022\/06\/WhatsApp-Image-2022-06-15-at-12.41.04-PM-300x241.jpeg 300w, https:\/\/fono.fcm.unc.edu.ar\/wp-content\/uploads\/sites\/14\/2022\/06\/WhatsApp-Image-2022-06-15-at-12.41.04-PM-400x322.jpeg 400w, https:\/\/fono.fcm.unc.edu.ar\/wp-content\/uploads\/sites\/14\/2022\/06\/WhatsApp-Image-2022-06-15-at-12.41.04-PM-600x483.jpeg 600w, https:\/\/fono.fcm.unc.edu.ar\/wp-content\/uploads\/sites\/14\/2022\/06\/WhatsApp-Image-2022-06-15-at-12.41.04-PM-768x618.jpeg 768w, https:\/\/fono.fcm.unc.edu.ar\/wp-content\/uploads\/sites\/14\/2022\/06\/WhatsApp-Image-2022-06-15-at-12.41.04-PM-800x644.jpeg 800w, https:\/\/fono.fcm.unc.edu.ar\/wp-content\/uploads\/sites\/14\/2022\/06\/WhatsApp-Image-2022-06-15-at-12.41.04-PM.jpeg 957w\" sizes=\"(max-width: 400px) 100vw, 400px\">Los d\u00edas 30 de junio y 1 de julio pr\u00f3ximo se llevar\u00e1 a cabo el<b> Congreso Internacional de Universidades P\u00fablicas<\/b> (<a href=\"https:\/\/ciup2022.unc.edu.ar\/\" target=\"_blank\" rel=\"noopener noreferrer\" data-saferedirecturl=\"https:\/\/www.google.com\/url?q=https:\/\/ciup2022.unc.edu.ar\/&amp;source=gmail&amp;ust=1655393812283000&amp;usg=AOvVaw0txxaTc2K0GMXOCwfQM8DU\">CIUP 2022<\/a>) organizado por la <b>Universidad Nacional de C\u00f3rdoba<\/b> (UNC), el <b>Ministerio de Educaci\u00f3n<\/b> de Argentina y el <b>Consejo Interuniversitario Nacional <\/b>(CIN).<\/p>\n<p dir=\"ltr\">El <a href=\"https:\/\/ciup2022.unc.edu.ar\/\" target=\"_blank\" rel=\"noopener noreferrer\" data-saferedirecturl=\"https:\/\/www.google.com\/url?q=https:\/\/ciup2022.unc.edu.ar\/&amp;source=gmail&amp;ust=1655393812283000&amp;usg=AOvVaw0txxaTc2K0GMXOCwfQM8DU\">CIUP 2022<\/a> es una propuesta de acceso libre y gratuito para toda la comunidad universitaria con el objetivo de debatir acerca del rumbo, las pol\u00edticas y las acciones que guiar\u00e1n a la Educaci\u00f3n Superior los pr\u00f3ximos a\u00f1os, en sinton\u00eda con otros debates previos como la <b>Conferencia Regional de Educaci\u00f3n Superior de Latinoam\u00e9rica y el Caribe <\/b>(CRES 2018), tambi\u00e9n realizada en C\u00f3rdoba y la <b>Conferencia Mundial de Educaci\u00f3n Superior<\/b> organizada por UNESCO en Espa\u00f1a en mayo 2022.<\/p>\n<p dir=\"ltr\">Durante el<a href=\"https:\/\/ciup2022.unc.edu.ar\/\" target=\"_blank\" rel=\"noopener noreferrer\" data-saferedirecturl=\"https:\/\/www.google.com\/url?q=https:\/\/ciup2022.unc.edu.ar\/&amp;source=gmail&amp;ust=1655393812283000&amp;usg=AOvVaw0txxaTc2K0GMXOCwfQM8DU\"> CIUP 2022 <\/a>se pretende valorizar el conocimiento como herramienta de transformaci\u00f3n social, poniendo a la Educaci\u00f3n Superior en primer plano como un derecho humano, un bien social y una responsabilidad de los Estados. Para esto, fija como objetivos centrales la Innovaci\u00f3n, la Integraci\u00f3n y la Agenda 2030.<\/p>\n<p dir=\"ltr\">El <b>Dr. Hugo Juri<\/b>, rector de la UNC y anfitri\u00f3n del <a href=\"https:\/\/ciup2022.unc.edu.ar\/\" target=\"_blank\" rel=\"noopener noreferrer\" data-saferedirecturl=\"https:\/\/www.google.com\/url?q=https:\/\/ciup2022.unc.edu.ar\/&amp;source=gmail&amp;ust=1655393812283000&amp;usg=AOvVaw0txxaTc2K0GMXOCwfQM8DU\">CIUP 2022<\/a> anticip\u00f3 que uno de los grandes desaf\u00edos de las Universidades P\u00fablicas es avanzar en la efectiva integraci\u00f3n entre ellas, particularmente a nivel de Am\u00e9rica Latina, tanto en lo que refiere a los estudios propiamente dichos, como en materia de investigaci\u00f3n y cooperaci\u00f3n cient\u00edfica.<\/p>\n<p dir=\"ltr\">Las \u00e1reas de trabajo definidas por la organizaci\u00f3n incluyen estos ejes tem\u00e1ticos:<\/p>\n<ul readability=\"5\">\n<li readability=\"-1\">\n<p dir=\"ltr\" role=\"presentation\">Seguimiento de la Agenda PosCRES 2018.<\/p>\n<\/li>\n<li readability=\"0\">\n<p dir=\"ltr\" role=\"presentation\">Construcci\u00f3n de la Agenda 2030 en y entre las Universidades: Una agenda para la integraci\u00f3n e innovaci\u00f3n.<\/p>\n<\/li>\n<li readability=\"-1\">\n<p dir=\"ltr\" role=\"presentation\">Ciencia abierta y participaci\u00f3n ciudadana del conocimiento y la agenda cient\u00edfica.<\/p>\n<\/li>\n<li readability=\"0\">\n<p dir=\"ltr\" role=\"presentation\">Pueblos ind\u00edgenas, afrodescendientes y Educaci\u00f3n Superior para el 2030<\/p>\n<\/li>\n<li readability=\"-1\">\n<p dir=\"ltr\" role=\"presentation\">Interacci\u00f3n gremial en la Educaci\u00f3n Superior: Di\u00e1logo de claustros.<\/p>\n<\/li>\n<li readability=\"-1\">\n<p dir=\"ltr\" role=\"presentation\">Cooperaci\u00f3n para la salud.<\/p>\n<\/li>\n<li readability=\"-1\">\n<p dir=\"ltr\" role=\"presentation\">Pol\u00edticas de g\u00e9nero en las universidades.<\/p>\n<\/li>\n<\/ul>\n<p dir=\"ltr\">En car\u00e1cter de co-organizadores, tambi\u00e9n son parte central del <a href=\"https:\/\/ciup2022.unc.edu.ar\/\" target=\"_blank\" rel=\"noopener noreferrer\" data-saferedirecturl=\"https:\/\/www.google.com\/url?q=https:\/\/ciup2022.unc.edu.ar\/&amp;source=gmail&amp;ust=1655393812283000&amp;usg=AOvVaw0txxaTc2K0GMXOCwfQM8DU\">CIUP 2022<\/a> la Asociaci\u00f3n de Universidades Grupo Montevideo (AUGM), la Universidad de la Rep\u00fablica de Uruguay (UDELAR) y la Uni\u00f3n de Universidades de Am\u00e9rica Latina y el Caribe (UDUAL).<\/p>\n<p dir=\"ltr\">Las inscripciones se tramitan, hasta el 17 de junio a las 13 horas, a trav\u00e9s de la <a href=\"https:\/\/ciup2022.unc.edu.ar\/\" target=\"_blank\" rel=\"noopener noreferrer\" data-saferedirecturl=\"https:\/\/www.google.com\/url?q=https:\/\/ciup2022.unc.edu.ar\/&amp;source=gmail&amp;ust=1655393812283000&amp;usg=AOvVaw0txxaTc2K0GMXOCwfQM8DU\">p\u00e1gina WEB del evento<\/a> (<a href=\"https:\/\/ciup2022.unc.edu.ar\/\" target=\"_blank\" rel=\"noopener noreferrer\" data-saferedirecturl=\"https:\/\/www.google.com\/url?q=https:\/\/ciup2022.unc.edu.ar\/&amp;source=gmail&amp;ust=1655393812283000&amp;usg=AOvVaw0txxaTc2K0GMXOCwfQM8DU\">https:\/\/ciup2022.unc.edu.ar\/<\/a>), completando un formulario habilitado a tal efecto.<\/p>\n<p dir=\"ltr\">Tambi\u00e9n se puede requerir informaci\u00f3n extra al correo electr\u00f3nico: <a href=\"mailto:info@ciup2022.unc.edu.ar\" target=\"_blank\" rel=\"noopener noreferrer\">info@ciup2022.unc.edu.ar<\/a>.<\/p>\n","protected":false},"excerpt":{"rendered":"<p>Los d\u00edas 30 de junio y 1 de julio pr\u00f3ximo se llevar\u00e1 a cabo el Congreso Internacional de Universidades P\u00fablicas (CIUP 2022) organizado por la Universidad Nacional de C\u00f3rdoba (UNC), el Ministerio de Educaci\u00f3n de Argentina y el Consejo Interuniversitario Nacional (CIN). El CIUP 2022 es una propuesta de acceso libre y gratuito para toda [&hellip;]<\/p>\n","protected":false},"author":1,"featured_media":0,"comment_status":"closed","ping_status":"closed","sticky":false,"template":"","format":"standard","meta":[],"categories":[1],"tags":[],"_links":{"self":[{"href":"http:\/\/hoycordobaweb.com\/index.php\/wp-json\/wp\/v2\/posts\/43195"}],"collection":[{"href":"http:\/\/hoycordobaweb.com\/index.php\/wp-json\/wp\/v2\/posts"}],"about":[{"href":"http:\/\/hoycordobaweb.com\/index.php\/wp-json\/wp\/v2\/types\/post"}],"author":[{"embeddable":true,"href":"http:\/\/hoycordobaweb.com\/index.php\/wp-json\/wp\/v2\/users\/1"}],"replies":[{"embeddable":true,"href":"http:\/\/hoycordobaweb.com\/index.php\/wp-json\/wp\/v2\/comments?post=43195"}],"version-history":[{"count":0,"href":"http:\/\/hoycordobaweb.com\/index.php\/wp-json\/wp\/v2\/posts\/43195\/revisions"}],"wp:attachment":[{"href":"http:\/\/hoycordobaweb.com\/index.php\/wp-json\/wp\/v2\/media?parent=43195"}],"wp:term":[{"taxonomy":"category","embeddable":true,"href":"http:\/\/hoycordobaweb.com\/index.php\/wp-json\/wp\/v2\/categories?post=43195"},{"taxonomy":"post_tag","embeddable":true,"href":"http:\/\/hoycordobaweb.com\/index.php\/wp-json\/wp\/v2\/tags?post=43195"}],"curies":[{"name":"wp","href":"https:\/\/api.w.org\/{rel}","templated":true}]}}