{"id":43189,"date":"2022-06-15T15:19:00","date_gmt":"2022-06-15T15:19:00","guid":{"rendered":"http:\/\/hoycordobaweb.com\/index.php\/2022\/06\/15\/lucas-viatri-y-walter-gargano-fueron-acusados-de-agresion-sexual-en-uruguay\/"},"modified":"2022-06-15T15:19:00","modified_gmt":"2022-06-15T15:19:00","slug":"lucas-viatri-y-walter-gargano-fueron-acusados-de-agresion-sexual-en-uruguay","status":"publish","type":"post","link":"http:\/\/hoycordobaweb.com\/index.php\/2022\/06\/15\/lucas-viatri-y-walter-gargano-fueron-acusados-de-agresion-sexual-en-uruguay\/","title":{"rendered":"Lucas Viatri y Walter Gargano fueron acusados de agresi\u00f3n sexual en Uruguay"},"content":{"rendered":"<p><img src=\"http:\/\/hoycordobaweb.com\/wp-content\/uploads\/2022\/06\/lucas-viatri-y-walter-gargano-fueron-acusados-de-agresion-sexual-en-uruguay.jpg\"><\/p>\n<figure class=\"mb-3\"><img loading=\"lazy\" src=\"http:\/\/hoycordobaweb.com\/wp-content\/uploads\/2022\/06\/lucas-viatri-y-walter-gargano-fueron-acusados-de-agresion-sexual-en-uruguay-2.jpg\" width=\"100%\" height=\"100%\" alt=\"Telam SE\"><figcaption><\/figcaption><\/figure>\n<p>El argentino Lucas Viatri y su compa\u00f1ero Walter Gargano, ambos futbolistas de Pe\u00f1arol de Uruguay, fueron denunciados por manosear, agredir y amenazar a dos mujeres en una fiesta en la zona de Carrasco, en un hecho sucedido en marzo pasado que sali\u00f3 a la luz en las \u00faltimas horas.<\/p>\n<p>Seg\u00fan el diario El Observador, <strong>el hecho aconteci\u00f3 cuando el plantel del club contrat\u00f3 un sal\u00f3n de fiestas infantiles para darle la bienvenida a los nuevos futbolistas.<\/strong><\/p>\n<p>El sal\u00f3n no divulg\u00f3 lo sucedido ni a exhibi\u00f3 las filmaciones de los hechos, que le fueron negadas a dos mozas del sal\u00f3n, que tienen entre 30 y 35 a\u00f1os, que denunciaron a Viatri y Gargano acus\u00e1ndolos de manoseos, agresiones y amenazas.<\/p>\n<p>Las mujeres presentaron una denuncia ante la Fiscal\u00eda de Delitos Sexuales contra los futbolistas seg\u00fan lo confirm\u00f3 al citado medio el fiscal a cargo de la investigaci\u00f3n Maximiliano Sosa.<\/p>\n<p>Sosa solicit\u00f3 pericias e im\u00e1genes de las c\u00e1maras de videovigilancia y tambi\u00e9n c\u00e1maras p\u00fablicas de la zona, en tanto que<strong> la abogada de las mujeres, Valentina D\u00edaz, inform\u00f3 que la denuncia es por \u00abdelitos Sexuales\u00bb y \u00abAmenazas\u00bb de \u00abcar\u00e1cter de abuso sexual\u00bb.<\/strong><\/p>\n<p><strong>Fuentes de Pe\u00f1arol se\u00f1alaron que es un tema ajeno al club <\/strong>y que se denunciaron hechos que est\u00e1n fuera de la actividad oficial, pese a que hayan participado integrantes del plantel. Cuando la justicia determine que sucedi\u00f3, el club evaluar\u00e1 medidas, si corresponden.<\/p>\n<p><strong>Seg\u00fan lo hechos, la celebraci\u00f3n comenz\u00f3 alrededor de las 18 horas y dos horas m\u00e1s tarde ingres\u00f3 al lugar un grupo de unas 20 mujeres.<\/strong> Dentro del sal\u00f3n consumieron bebidas alcoh\u00f3licas y se produjeron roturas en las instalaciones.<\/p>\n<p>La reuni\u00f3n culmin\u00f3 alrededor de las 3 de la ma\u00f1ana y los due\u00f1os del sal\u00f3n se comunicaron con los referentes del plantel para reclamarle por lo sucedido, motivo por el cual Gargano al d\u00eda siguiente fue al lugar y pago por los destrozos.<\/p>\n<p><strong>Viatri tiene 35 a\u00f1os, es bonaerense, se desempe\u00f1o en Boca Juniors<\/strong>, Banfield, Estudiantes y Col\u00f3n, adem\u00e1s de Emelec (Ecuador), Maracaibo (Venezuela), Chiapas (M\u00e9xico), Shanghai Shenhua (China) y Deportivo Maldonado (Uruguay), mientras que <strong>Gargano tiene 37 a\u00f1os, actu\u00f3 en Danubio de Uruguay, Inter, N\u00e1poli y Parma (Italia) y Monterrey (M\u00e9xico).<\/strong> <\/p>\n","protected":false},"excerpt":{"rendered":"<p>El argentino Lucas Viatri y su compa\u00f1ero Walter Gargano, ambos futbolistas de Pe\u00f1arol de Uruguay, fueron denunciados por manosear, agredir y amenazar a dos mujeres en una fiesta en la zona de Carrasco, en un hecho sucedido en marzo pasado que sali\u00f3 a la luz en las \u00faltimas horas. Seg\u00fan el diario El Observador, el [&hellip;]<\/p>\n","protected":false},"author":1,"featured_media":43190,"comment_status":"open","ping_status":"closed","sticky":false,"template":"","format":"standard","meta":[],"categories":[19],"tags":[],"_links":{"self":[{"href":"http:\/\/hoycordobaweb.com\/index.php\/wp-json\/wp\/v2\/posts\/43189"}],"collection":[{"href":"http:\/\/hoycordobaweb.com\/index.php\/wp-json\/wp\/v2\/posts"}],"about":[{"href":"http:\/\/hoycordobaweb.com\/index.php\/wp-json\/wp\/v2\/types\/post"}],"author":[{"embeddable":true,"href":"http:\/\/hoycordobaweb.com\/index.php\/wp-json\/wp\/v2\/users\/1"}],"replies":[{"embeddable":true,"href":"http:\/\/hoycordobaweb.com\/index.php\/wp-json\/wp\/v2\/comments?post=43189"}],"version-history":[{"count":0,"href":"http:\/\/hoycordobaweb.com\/index.php\/wp-json\/wp\/v2\/posts\/43189\/revisions"}],"wp:featuredmedia":[{"embeddable":true,"href":"http:\/\/hoycordobaweb.com\/index.php\/wp-json\/wp\/v2\/media\/43190"}],"wp:attachment":[{"href":"http:\/\/hoycordobaweb.com\/index.php\/wp-json\/wp\/v2\/media?parent=43189"}],"wp:term":[{"taxonomy":"category","embeddable":true,"href":"http:\/\/hoycordobaweb.com\/index.php\/wp-json\/wp\/v2\/categories?post=43189"},{"taxonomy":"post_tag","embeddable":true,"href":"http:\/\/hoycordobaweb.com\/index.php\/wp-json\/wp\/v2\/tags?post=43189"}],"curies":[{"name":"wp","href":"https:\/\/api.w.org\/{rel}","templated":true}]}}