{"id":43185,"date":"2022-06-15T15:23:19","date_gmt":"2022-06-15T15:23:19","guid":{"rendered":"https:\/\/www.trendencias.com\/moda-famosas\/top-romantico-que-se-puso-sara-carbonero-fiesta-slow-love-esta-rebajado-disponible"},"modified":"2022-06-15T15:23:19","modified_gmt":"2022-06-15T15:23:19","slug":"el-top-romantico-que-se-puso-sara-carbonero-en-la-fiesta-de-slow-love-esta-rebajado-y-aun-disponible","status":"publish","type":"post","link":"http:\/\/hoycordobaweb.com\/index.php\/2022\/06\/15\/el-top-romantico-que-se-puso-sara-carbonero-en-la-fiesta-de-slow-love-esta-rebajado-y-aun-disponible\/","title":{"rendered":"El top rom\u00e1ntico que se puso Sara Carbonero en la fiesta de Slow Love est\u00e1 rebajado y a\u00fan disponible"},"content":{"rendered":"<p>Hay prendas que son un flechazo instant\u00e1neo y el top que llev\u00f3 <a href=\"https:\/\/www.trendencias.com\/tag\/sara-carbonero\">Sara Carbonero<\/a> durante la fiesta que organiz\u00f3 junto a su amiga Isabel Jim\u00e9nez y su marca <a href=\"https:\/\/www.trendencias.com\/tag\/slow-love\">Slow Love<\/a><em> <\/em>lo es para nosotras. Y es que, con perd\u00f3n de las preciosas sandalias de la periodista, este <strong>top rom\u00e1ntico de punto con textura fue la estrella indiscutible de su <\/strong><em><strong>look<\/strong><\/em> elegido para acudir al <em>rooftop<\/em> del Hotel Vincci The Mint de la calle Gran V\u00eda de Madrid.<\/p>\n<p><!-- BREAK 1 --><\/p>\n<p>Con cuerpo con puntadas el\u00e1sticas y mangas de volantes fruncidos, la pieza es todo un <strong>comod\u00edn de fondo de armario estival<\/strong>. Como tal, no hemos tardado en buscarlo. Lo hemos encontrado. Y para nuestra sorpresa, est\u00e1 rebajado y a\u00fan disponible en todas las tallas.<\/p>\n<p><!-- BREAK 2 --> <\/p>\n<div class=\"article-asset article-asset-normal article-asset-center\">\n<div class=\"desvio-container\">\n<div class=\"desvio\">\n<div class=\"desvio-figure js-desvio-figure\"> <a href=\"https:\/\/www.trendencias.com\/tendencias\/comfy-triunfa-ropa-interior-donde-comprar-sujetadores-tangas-braguitas-comodos\"> <img alt=\"El 'comfy' triunfa en la ropa interior: d\u00f3nde comprar los sujetadores, tangas y braguitas m\u00e1s c\u00f3modos\" src=\"http:\/\/hoycordobaweb.com\/wp-content\/uploads\/2022\/06\/el-top-romantico-que-se-puso-sara-carbonero-en-la-fiesta-de-slow-love-esta-rebajado-y-aun-disponible.jpg\"> <\/a> <\/div><\/div><\/div>\n<\/div>\n<div class=\"article-asset-image article-asset-normal article-asset-center\">\n<div class=\"asset-content\">\n<div class=\"base-wrapper-image\"> <img class=\"sf-lazy centro_sinmarco\" data-sf-srcset=\"http:\/\/hoycordobaweb.com\/wp-content\/uploads\/2022\/06\/el-top-romantico-que-se-puso-sara-carbonero-en-la-fiesta-de-slow-love-esta-rebajado-y-aun-disponible.png 450w, http:\/\/hoycordobaweb.com\/wp-content\/uploads\/2022\/06\/el-top-romantico-que-se-puso-sara-carbonero-en-la-fiesta-de-slow-love-esta-rebajado-y-aun-disponible-1.png 681w,http:\/\/hoycordobaweb.com\/wp-content\/uploads\/2022\/06\/el-top-romantico-que-se-puso-sara-carbonero-en-la-fiesta-de-slow-love-esta-rebajado-y-aun-disponible-2.png 1024w, http:\/\/hoycordobaweb.com\/wp-content\/uploads\/2022\/06\/el-top-romantico-que-se-puso-sara-carbonero-en-la-fiesta-de-slow-love-esta-rebajado-y-aun-disponible-3.png 1366w,\" data-sf-src=\"http:\/\/hoycordobaweb.com\/wp-content\/uploads\/2022\/06\/el-top-romantico-que-se-puso-sara-carbonero-en-la-fiesta-de-slow-love-esta-rebajado-y-aun-disponible.png\" alt=\"Captura De Pantalla 2022 06 15 A Las 16 52 46\"> <noscript><img alt=\"Captura De Pantalla 2022 06 15 A Las 16 52 46\" class=\"centro_sinmarco\" src=\"http:\/\/hoycordobaweb.com\/wp-content\/uploads\/2022\/06\/el-top-romantico-que-se-puso-sara-carbonero-en-la-fiesta-de-slow-love-esta-rebajado-y-aun-disponible.png\"><\/noscript> <\/div><\/div>\n<\/div>\n<p>Lo puedes comprar en la p\u00e1gina de Slow Love por <a href=\"https:\/\/slowlove.es\/producto\/top-romantico-textura\/\">19,99 euros<\/a> (antes 29,99 euros) en talla de la XS a la XL. Maravilla.<\/p>\n<p><!-- BREAK 3 --><\/p>\n<div class=\"article-asset-image article-asset-normal article-asset-center\">\n<div class=\"asset-content\">\n<div class=\"base-wrapper-image\"> <img class=\"sf-lazy centro_sinmarco\" data-sf-srcset=\"http:\/\/hoycordobaweb.com\/wp-content\/uploads\/2022\/06\/el-top-romantico-que-se-puso-sara-carbonero-en-la-fiesta-de-slow-love-esta-rebajado-y-aun-disponible-1.jpg 450w, http:\/\/hoycordobaweb.com\/wp-content\/uploads\/2022\/06\/el-top-romantico-que-se-puso-sara-carbonero-en-la-fiesta-de-slow-love-esta-rebajado-y-aun-disponible-5.jpg 681w,http:\/\/hoycordobaweb.com\/wp-content\/uploads\/2022\/06\/el-top-romantico-que-se-puso-sara-carbonero-en-la-fiesta-de-slow-love-esta-rebajado-y-aun-disponible-6.jpg 1024w, http:\/\/hoycordobaweb.com\/wp-content\/uploads\/2022\/06\/el-top-romantico-que-se-puso-sara-carbonero-en-la-fiesta-de-slow-love-esta-rebajado-y-aun-disponible-7.jpg 1366w,\" data-sf-src=\"http:\/\/hoycordobaweb.com\/wp-content\/uploads\/2022\/06\/el-top-romantico-que-se-puso-sara-carbonero-en-la-fiesta-de-slow-love-esta-rebajado-y-aun-disponible-1.jpg\" alt=\"Isw20220301 P 709317599fm 21\"> <noscript><img alt=\"Isw20220301 P 709317599fm 21\" class=\"centro_sinmarco\" src=\"http:\/\/hoycordobaweb.com\/wp-content\/uploads\/2022\/06\/el-top-romantico-que-se-puso-sara-carbonero-en-la-fiesta-de-slow-love-esta-rebajado-y-aun-disponible-1.jpg\"><\/noscript> <\/div><\/div>\n<\/div>\n<div class=\"article-asset article-asset-normal article-asset-center\">\n<div class=\"desvio-container\">\n<div class=\"desvio\">\n<div class=\"desvio-figure js-desvio-figure\"> <a href=\"https:\/\/www.trendencias.com\/diseno\/muebles-exterior-diseno-que-fermob-vende-300-euros-puedes-encontrarlos-leroy-merlin-50-euros\"> <img alt=\"Los muebles de exterior de dise\u00f1o que Fermob vende por m\u00e1s de 300 euros puedes encontrarlos en Leroy Merlin por menos de 50 euros \" src=\"http:\/\/hoycordobaweb.com\/wp-content\/uploads\/2022\/06\/el-top-romantico-que-se-puso-sara-carbonero-en-la-fiesta-de-slow-love-esta-rebajado-y-aun-disponible-2.jpg\"> <\/a> <\/div><\/div><\/div>\n<\/div>\n<p>La marca de las periodistas tiene <strong>otro similar <\/strong>con menos nido de abeja, por si prefieres ir m\u00e1s suelta. De algod\u00f3n \u00f3rganico y escote pico, esta versi\u00f3n tambi\u00e9n tiene los detalles de volantes con bordados perforados. Cuesta <a class=\"js-ecommerce\" href=\"https:\/\/www.trendencias.com\/redirect?url=https%3A%2F%2Fcortefiel.com%2Fes%2Fes%2Fmujer%2Fcamisetas-y-tops%2Ftop-crop-de-algodon-bordado%2F4013004.html%3Fdwvar_4013004_color%3D99&amp;category=moda-famosas\">34,99 euros<\/a> en Cortefiel y antes tambi\u00e9n estaba rebajado (costaba 49,99 euros).<\/p>\n<p><!-- BREAK 4 --><\/p>\n<div class=\"article-asset-image article-asset-normal article-asset-center\">\n<div class=\"asset-content\">\n<div class=\"base-wrapper-image\"> <img class=\"sf-lazy centro_sinmarco\" data-sf-srcset=\"http:\/\/hoycordobaweb.com\/wp-content\/uploads\/2022\/06\/el-top-romantico-que-se-puso-sara-carbonero-en-la-fiesta-de-slow-love-esta-rebajado-y-aun-disponible-3.jpg 450w, http:\/\/hoycordobaweb.com\/wp-content\/uploads\/2022\/06\/el-top-romantico-que-se-puso-sara-carbonero-en-la-fiesta-de-slow-love-esta-rebajado-y-aun-disponible-8.jpg 681w,http:\/\/hoycordobaweb.com\/wp-content\/uploads\/2022\/06\/el-top-romantico-que-se-puso-sara-carbonero-en-la-fiesta-de-slow-love-esta-rebajado-y-aun-disponible-9.jpg 1024w, http:\/\/hoycordobaweb.com\/wp-content\/uploads\/2022\/06\/el-top-romantico-que-se-puso-sara-carbonero-en-la-fiesta-de-slow-love-esta-rebajado-y-aun-disponible-10.jpg 1366w,\" data-sf-src=\"http:\/\/hoycordobaweb.com\/wp-content\/uploads\/2022\/06\/el-top-romantico-que-se-puso-sara-carbonero-en-la-fiesta-de-slow-love-esta-rebajado-y-aun-disponible-3.jpg\" alt=\"P 401300499tm\"> <noscript><img alt=\"P 401300499tm\" class=\"centro_sinmarco\" src=\"http:\/\/hoycordobaweb.com\/wp-content\/uploads\/2022\/06\/el-top-romantico-que-se-puso-sara-carbonero-en-la-fiesta-de-slow-love-esta-rebajado-y-aun-disponible-3.jpg\"><\/noscript> <\/div><\/div>\n<\/div>\n<p><strong>Sara complet\u00f3 su <\/strong><em><strong>look<\/strong><\/em><strong> apostando por los b\u00e1sicos<\/strong>: unos <a href=\"https:\/\/www.trendencias.com\/moda-famosas\/cuatro-vaqueros-campana-cortefiel-para-copiar-estilo-eva-gonzalez\"><em>jeans<\/em> ligeramente acampanados<\/a>, pelo suelto y ausencia total de complementos. Natural y estupenda, como siempre.<\/p>\n<p><!-- BREAK 5 --><\/p>\n<p>Otra opci\u00f3n es combinarlo con una <a href=\"https:\/\/www.trendencias.com\/moda-famosas\/nuria-roca-dicta-sentencia-esta-primavera-llevaremos-parar-falda-larga-aires-boho\">falda boho como la que tiene Nuria Roca<\/a> y llevar el <em>look<\/em> al extremo.<\/p>\n<p><!-- BREAK 6 --><\/p>\n<p>Fotos | <a href=\"https:\/\/www.instagram.com\/saracarbonero\/?hl=en\">@saracarbonero<\/a>, Slow Love<\/p>\n","protected":false},"excerpt":{"rendered":"<p>Hay prendas que son un flechazo instant\u00e1neo y el top que llev\u00f3 Sara Carbonero durante la fiesta que organiz\u00f3 junto a su amiga Isabel Jim\u00e9nez y su marca Slow Love lo es para nosotras. Y es que, con perd\u00f3n de las preciosas sandalias de la periodista, este top rom\u00e1ntico de punto con textura fue la [&hellip;]<\/p>\n","protected":false},"author":1,"featured_media":43186,"comment_status":"closed","ping_status":"closed","sticky":false,"template":"","format":"standard","meta":[],"categories":[1],"tags":[],"_links":{"self":[{"href":"http:\/\/hoycordobaweb.com\/index.php\/wp-json\/wp\/v2\/posts\/43185"}],"collection":[{"href":"http:\/\/hoycordobaweb.com\/index.php\/wp-json\/wp\/v2\/posts"}],"about":[{"href":"http:\/\/hoycordobaweb.com\/index.php\/wp-json\/wp\/v2\/types\/post"}],"author":[{"embeddable":true,"href":"http:\/\/hoycordobaweb.com\/index.php\/wp-json\/wp\/v2\/users\/1"}],"replies":[{"embeddable":true,"href":"http:\/\/hoycordobaweb.com\/index.php\/wp-json\/wp\/v2\/comments?post=43185"}],"version-history":[{"count":0,"href":"http:\/\/hoycordobaweb.com\/index.php\/wp-json\/wp\/v2\/posts\/43185\/revisions"}],"wp:featuredmedia":[{"embeddable":true,"href":"http:\/\/hoycordobaweb.com\/index.php\/wp-json\/wp\/v2\/media\/43186"}],"wp:attachment":[{"href":"http:\/\/hoycordobaweb.com\/index.php\/wp-json\/wp\/v2\/media?parent=43185"}],"wp:term":[{"taxonomy":"category","embeddable":true,"href":"http:\/\/hoycordobaweb.com\/index.php\/wp-json\/wp\/v2\/categories?post=43185"},{"taxonomy":"post_tag","embeddable":true,"href":"http:\/\/hoycordobaweb.com\/index.php\/wp-json\/wp\/v2\/tags?post=43185"}],"curies":[{"name":"wp","href":"https:\/\/api.w.org\/{rel}","templated":true}]}}