{"id":43181,"date":"2022-06-15T11:46:38","date_gmt":"2022-06-15T11:46:38","guid":{"rendered":"https:\/\/www.mujerhoy.com\/moda\/no-te-pierdas\/menorquinas-zara-tres-colores-calzado-comodo-fresco-verano-colaboracion-artesanal-20220615134612-nt.html"},"modified":"2022-06-15T11:46:38","modified_gmt":"2022-06-15T11:46:38","slug":"las-menorquinas-de-zara-disponibles-en-tres-colores-que-van-a-desbancar-a-las-sandalias-planas-como-calzado-comodo-del-verano","status":"publish","type":"post","link":"http:\/\/hoycordobaweb.com\/index.php\/2022\/06\/15\/las-menorquinas-de-zara-disponibles-en-tres-colores-que-van-a-desbancar-a-las-sandalias-planas-como-calzado-comodo-del-verano\/","title":{"rendered":"Las menorquinas de Zara disponibles en tres colores que van a desbancar a las sandalias planas como calzado c\u00f3modo del verano"},"content":{"rendered":"<p><!-- AUTHOR --><!-- COMPONENTS --><\/p>\n<p class=\"voc-paragraph\">Cuando llega el calor, somos muchas las que buscamos looks m\u00e1s <strong>naturales <\/strong>y desenfadados y eso se traduce en <strong>zapatos c\u00f3modos<\/strong> y fresquitos para nuestro d\u00eda a d\u00eda. As\u00ed triunfan las <a data-voc-vtm-id=\"in-text-traffic\" href=\"https:\/\/www.mujerhoy.com\/moda\/tendencias\/menorquinas-made-in-spain-mujer-sandalias-planas-comodas-tendencia-favoritas-royals-influencers-20220529124643-nt.html\">sandalias planas<\/a>, las <a data-voc-vtm-id=\"in-text-traffic\" href=\"https:\/\/www.mujerhoy.com\/moda\/tendencias\/alpargatas-planas-plataforma-comodas-made-in-spain-look-infliuencer-bonito-comodo-20220528133236-nt.html\">alpargatas<\/a>, los <a data-voc-vtm-id=\"in-text-traffic\" href=\"https:\/\/www.mujerhoy.com\/moda\/tendencias\/zuecos-calzado-comodo-tendencia-stradivarius-zara-corte-ingles-20220404142331-nt.html\">zuecos<\/a> o las <a data-voc-vtm-id=\"in-text-traffic\" href=\"https:\/\/www.mujerhoy.com\/moda\/no-te-pierdas\/bailarinas-caladas-rejilla-zapatos-planos-comodos-fresquitos-elegantes-primavera-verano-tendencia-20220522135858-nt.html\">bailarinas<\/a>. Si eres de las que te gusta este tipo de calzado vamos a crearte una nueva necesidad. Se trata de las <strong>menorquinas<\/strong>, un calzado muy tradicional que <strong>Zara <\/strong>ha decidido poner de moda gracias a su uni\u00f3n con la firma artesanal <strong>RIA Menorca<\/strong>.\n<\/p>\n<div class=\"voc-detail__cmp\">\n<div class=\"voc-article-container\">\n<article class=\"voc-article voc-article--cmp-photo-text\">\n<div class=\"voc-img-container\"><picture>\n<div class=\"voc-horizontal voc-img-icon-link\"><img class=\"lazy\" loading=\"lazy\" data-original=\"\/\/static.mujerhoy.com\/www\/multimedia\/202206\/14\/media\/cortadas\/beige-menorquinas-k7eF--624x624@MujerHoy.jpg\" alt><\/div>\n<\/picture><\/div>\n<\/article>\n<\/div>\n<\/div>\n<p class=\"voc-paragraph\">Las dos empresas se han asociado para crear una colecci\u00f3n de <strong>abarcas <\/strong>formada por tres originales dise\u00f1os que rinden homenaje a las tradicionales abarcas que usaban los <strong>payeses <\/strong>fabricando ellos mismos sus propias menorquinas, sentados frente al fuego las noches fr\u00edas de San Miguel a Navidad (de septiembre a diciembre). Antiguamente se fabricaban con el <strong>cuero <\/strong>de los animales pero con el paso del tiempo comenzaron a usar la <strong>goma <\/strong>de los neum\u00e1ticos viejos para la suela y cambiaron las correas de piel por tiras de goma de los laterales de los mismos.\n<\/p>\n<div class=\"voc-detail__cmp\">\n<div class=\"voc-article-container\">\n<article class=\"voc-article voc-article--cmp-photo-text\">\n<div class=\"voc-img-container\"><picture>\n<div class=\"voc-horizontal voc-img-icon-link\"><img class=\"lazy\" loading=\"lazy\" data-original=\"\/\/static2.mujerhoy.com\/www\/multimedia\/202206\/14\/media\/cortadas\/negras-menorquinas-k7eF--624x624@MujerHoy.jpg\" alt><\/div>\n<\/picture><\/div>\n<\/article>\n<\/div>\n<\/div>\n<p class=\"voc-paragraph\">La empresa gallega y la menorquina han querido ser <strong>fieles <\/strong>al dise\u00f1o original de punta m\u00e1s <strong>cuadrada<\/strong>, pieles r\u00fasticas y suelas de goma. Pero adem\u00e1s, tambi\u00e9n se han preocupado por cuidar el <strong>medio ambiente<\/strong> eligiendo para las suelas neum\u00e1ticos <strong>reciclados <\/strong>y buscando la <strong>econom\u00eda circular <\/strong>en sus proveedores.\n<\/p>\n<p class=\"voc-paragraph\">As\u00ed han creado tres modelos en piel de color <strong>negro o beige <\/strong>y en ante r\u00fastico en color <strong>verde agua<\/strong>, todas con suela neum\u00e1tica de goma, dise\u00f1o cuadrado tanto en la punta como en la trasera, planta del mismo color y material y <strong>tachuelas <\/strong>vistas rodeando la pala.\n<\/p>\n<div class=\"voc-detail__cmp\">\n<div class=\"voc-article-container\">\n<article class=\"voc-article voc-article--cmp-photo-text\">\n<div class=\"voc-img-container\"><picture>\n<div class=\"voc-horizontal voc-img-icon-link\"><img class=\"lazy\" loading=\"lazy\" data-original=\"\/\/static1.mujerhoy.com\/www\/multimedia\/202206\/14\/media\/cortadas\/verdes-menorquinas-k7eF--624x624@MujerHoy.jpg\" alt><\/div>\n<\/picture><\/div>\n<\/article>\n<\/div>\n<\/div>\n<p class=\"voc-paragraph\">Los tres modelos tienen un precio de <strong>69,95 euros<\/strong> y todav\u00eda est\u00e1n disponibles en la web de <strong>Zara<\/strong>, aunque ya puedes correr, porque hay algunos n\u00fameros que se est\u00e1n agotando y prevemos que los dem\u00e1s correr\u00e1n la misma suerte en breve.\n<\/p>\n<div class=\"voc-detail__cmp voc-detail__cmp--pad-lr voc-detail__cmp--pad-lr--bdr\">\n<div class=\"voc-ficha-detail__wrapper\">\n<section class=\"voc-ficha-detail\">\n<h4 class=\"voc-ficha-detail-title voc-title-section\">Te recomendamos<\/h4>\n<\/section>\n<\/div>\n<\/div>\n<p><!-- TOPICS --><\/p>\n","protected":false},"excerpt":{"rendered":"<p>Cuando llega el calor, somos muchas las que buscamos looks m\u00e1s naturales y desenfadados y eso se traduce en zapatos c\u00f3modos y fresquitos para nuestro d\u00eda a d\u00eda. As\u00ed triunfan las sandalias planas, las alpargatas, los zuecos o las bailarinas. Si eres de las que te gusta este tipo de calzado vamos a crearte una [&hellip;]<\/p>\n","protected":false},"author":1,"featured_media":43182,"comment_status":"closed","ping_status":"closed","sticky":false,"template":"","format":"standard","meta":[],"categories":[1],"tags":[],"_links":{"self":[{"href":"http:\/\/hoycordobaweb.com\/index.php\/wp-json\/wp\/v2\/posts\/43181"}],"collection":[{"href":"http:\/\/hoycordobaweb.com\/index.php\/wp-json\/wp\/v2\/posts"}],"about":[{"href":"http:\/\/hoycordobaweb.com\/index.php\/wp-json\/wp\/v2\/types\/post"}],"author":[{"embeddable":true,"href":"http:\/\/hoycordobaweb.com\/index.php\/wp-json\/wp\/v2\/users\/1"}],"replies":[{"embeddable":true,"href":"http:\/\/hoycordobaweb.com\/index.php\/wp-json\/wp\/v2\/comments?post=43181"}],"version-history":[{"count":0,"href":"http:\/\/hoycordobaweb.com\/index.php\/wp-json\/wp\/v2\/posts\/43181\/revisions"}],"wp:featuredmedia":[{"embeddable":true,"href":"http:\/\/hoycordobaweb.com\/index.php\/wp-json\/wp\/v2\/media\/43182"}],"wp:attachment":[{"href":"http:\/\/hoycordobaweb.com\/index.php\/wp-json\/wp\/v2\/media?parent=43181"}],"wp:term":[{"taxonomy":"category","embeddable":true,"href":"http:\/\/hoycordobaweb.com\/index.php\/wp-json\/wp\/v2\/categories?post=43181"},{"taxonomy":"post_tag","embeddable":true,"href":"http:\/\/hoycordobaweb.com\/index.php\/wp-json\/wp\/v2\/tags?post=43181"}],"curies":[{"name":"wp","href":"https:\/\/api.w.org\/{rel}","templated":true}]}}