{"id":43177,"date":"2022-06-15T12:48:46","date_gmt":"2022-06-15T12:48:46","guid":{"rendered":"https:\/\/www.ole.com.ar\/futbol-internacional\/barcelona-roma-joan-gamper-futbol-_0_DBI8suLUsJ.html"},"modified":"2022-06-15T12:48:46","modified_gmt":"2022-06-15T12:48:46","slug":"barcelona-confirmo-a-un-viejo-rival-para-la-joan-gamper","status":"publish","type":"post","link":"http:\/\/hoycordobaweb.com\/index.php\/2022\/06\/15\/barcelona-confirmo-a-un-viejo-rival-para-la-joan-gamper\/","title":{"rendered":"Barcelona confirm\u00f3 a un viejo rival para la Joan Gamper"},"content":{"rendered":"<p><img src=\"http:\/\/hoycordobaweb.com\/wp-content\/uploads\/2022\/06\/barcelona-confirmo-a-un-viejo-rival-para-la-joan-gamper.jpg\"><\/p>\n<p><strong>El <a alt=\"barcelona\" class=\"slug\" href=\"https:\/\/www.ole.com.ar\/tema\/barcelona.html\" target=\"_blank\" title=\"barcelona\" rel=\"noopener noreferrer\">Barcelona <\/a>y la Roma se ver\u00e1n las caras el 6 de agosto, para disputar la edici\u00f3n n\u00famero 57 del tradicional Trofeo <a alt=\"joan-gamper\" class=\"slug\" href=\"https:\/\/www.ole.com.ar\/tema\/joan-gamper.html\" target=\"_blank\" title=\"joan-gamper\" rel=\"noopener noreferrer\">Joan Gamper<\/a> en el <a alt=\"camp-nou\" class=\"slug\" href=\"https:\/\/www.ole.com.ar\/tema\/camp-nou.html\" target=\"_blank\" title=\"camp-nou\" rel=\"noopener noreferrer\">Camp Nou<\/a>.<\/strong> Se jugar\u00e1n dos partidos, el equipo femenino jugar\u00e1 a las 12:30 y el masculino a las 16:00 hs (hora argentina), ambos en el estadio del equipo catal\u00e1n.<\/p>\n<p>La Roma participar\u00e1 por segunda vez en esta competencia. La primera fue en el a\u00f1o 2015:&nbsp;en ese entonces, los dirigidos por Luis Enrique le ganaron&nbsp;3-0 al equipo italiano con goles de Messi, Neymar y Rakitic.<\/p>\n<div class=\"sp__SM\">\n<div class=\"content-new \">\n<span class=\"tit-mobile\">Mir\u00e1 tambi\u00e9n<\/span><\/p>\n<div class=\"mg\">\n<div class=\"wrap-figure\">\n<picture>\n<a href=\"https:\/\/www.ole.com.ar\/futbol-internacional\/italia\/dybala-correa-juntos-miami_0_xAT3AdwhLI.html\" target=\"_self\" rel=\"noopener noreferrer\"><br \/>\n<img class=\"img-responsive\" alt=\"\u00a1Mamma m\u00eda! Dybala y Correa, juntos en Miami, y un posteo indiscreto\" src=\"http:\/\/hoycordobaweb.com\/wp-content\/uploads\/2022\/06\/barcelona-confirmo-a-un-viejo-rival-para-la-joan-gamper-2.jpg\" loading=\"lazy\"><br \/>\n<\/a>\n<\/picture>\n<\/div>\n<\/div><\/div>\n<\/div>\n<p>El equipo femenino, dirigido por Jonatan Girald\u00e9z, y el equipo masculino, al mando de Xavi, del Barcelona ser\u00e1n&nbsp; presentados ante su gente entre medio de los dos encuentros, y tambi\u00e9n se espera que haya caras nuevas para anunciar. El club ya ha anunciado la venta de entradas mediante sus redes sociales y su p\u00e1gina web.<\/p>\n<h2><strong>Mourinho vuelve al Camp Nou<\/strong><\/h2>\n<div class=\"sp__Normal\">\n<div class=\"image-embeb image-trigger\" readability=\"6.5\">\n<picture><source media=\"(min-width: 720px)\" srcset=\"http:\/\/hoycordobaweb.com\/wp-content\/uploads\/2022\/06\/barcelona-confirmo-a-un-viejo-rival-para-la-joan-gamper-3.jpg\"><img itemprop=\"image\" src=\"http:\/\/hoycordobaweb.com\/wp-content\/uploads\/2022\/06\/barcelona-confirmo-a-un-viejo-rival-para-la-joan-gamper-3.jpg\" loading=\"lazy\" alt=\"Mou festejando el pase a la final de la Champions 2009\/2010. Luego terminar\u00eda ganando la final a Bayer Munich por 2-0.\">\n<\/picture><figcaption readability=\"3\">\n<p>Mou festejando el pase a la final de la Champions 2009\/2010. Luego terminar\u00eda ganando la final a Bayer Munich por 2-0.\n<\/p>\n<\/figcaption><\/div>\n<\/div>\n<p><strong>El Special One&nbsp;vuelve al estadio del Barcelona luego de varios a\u00f1os de no disputar ning\u00fan partido all\u00ed<\/strong>. A\u00fan as\u00ed, el tiempo no ha curado la herida que dej\u00f3 el entrenador portugu\u00e9s cuando elimin\u00f3 con el <a alt=\"internazionale\" class=\"slug\" href=\"https:\/\/www.ole.com.ar\/tema\/internazionale.html\" target=\"_blank\" title=\"internazionale\" rel=\"noopener noreferrer\">Inter<\/a>, luego campe\u00f3n, al equipo azulgrana en las semifinales de la <a alt=\"champions-league\" class=\"slug\" href=\"https:\/\/www.ole.com.ar\/tema\/champions-league.html\" target=\"_blank\" title=\"champions-league\" rel=\"noopener noreferrer\">Champions League<\/a> en la temporada 2009\/2010.<\/p>\n<div class=\"sp__SM\">\n<div class=\"content-new \">\n<span class=\"tit-mobile\">Mir\u00e1 tambi\u00e9n<\/span><\/p>\n<div class=\"mg\">\n<div class=\"wrap-figure\">\n<picture>\n<a href=\"https:\/\/www.ole.com.ar\/futbol-internacional\/espana\/saint-germain-seleccion-francia_0_7faaR0qN2r.html\" target=\"_self\" rel=\"noopener noreferrer\"><br \/>\n<img class=\"img-responsive\" alt=\"La reacci\u00f3n de Mbapp\u00e9 por la llegada de Tchouam\u00e9ni al Real Madrid\" src=\"http:\/\/hoycordobaweb.com\/wp-content\/uploads\/2022\/06\/barcelona-confirmo-a-un-viejo-rival-para-la-joan-gamper-4.jpg\" loading=\"lazy\"><br \/>\n<\/a>\n<\/picture>\n<\/div>\n<\/div><\/div>\n<\/div>\n<p>Tiempo despu\u00e9s, ahora como entrenador del Real Madrid, tambi\u00e9n los dej\u00f3 con un sabor amargo en las semifinales de la Copa del Rey en la temporada 2012\/2013 cuando el Merengue elimin\u00f3 al Barcelona con un 3-1 en la vuelta, luego de lo que hab\u00eda sido el empate 1-1 en el Santiago Bernab\u00e9u.<\/p>\n<h2><strong>Un cruce con historia<\/strong><\/h2>\n<div class=\"sp__Normal\">\n<div class=\"image-embeb image-trigger\">\n<picture><source media=\"(min-width: 720px)\" srcset=\"http:\/\/hoycordobaweb.com\/wp-content\/uploads\/2022\/06\/barcelona-confirmo-a-un-viejo-rival-para-la-joan-gamper-5.jpg\"><img itemprop=\"image\" src=\"http:\/\/hoycordobaweb.com\/wp-content\/uploads\/2022\/06\/barcelona-confirmo-a-un-viejo-rival-para-la-joan-gamper-5.jpg\" loading=\"lazy\" alt=\"Messi y Totti.\">\n<\/picture><figcaption>\n<p>Messi y Totti.\n<\/p>\n<\/figcaption><\/div>\n<\/div>\n<p><strong>No se puede hablar del Barcelona sin hablar de Messi, as\u00ed como tampoco se puede hablar de la Roma sin hablar de Totti.&nbsp;<\/strong>\u200bLos cracks se enfrentaron en pocas ocasiones, pero a\u00fan as\u00ed es imposible no recordar el Trofeo Joan Gamper que jugaron en 2015. Ese mismo a\u00f1o italianos y catalanes se cruzaron&nbsp;en la fase de grupos de la Champions League, pero Il Capitano&nbsp;no particip\u00f3 en ninguno de los dos encuentros.<\/p>\n<div class=\"sp__SM\">\n<div class=\"content-new \">\n<span class=\"tit-mobile\">Mir\u00e1 tambi\u00e9n<\/span><\/p>\n<div class=\"mg\">\n<div class=\"wrap-figure\">\n<picture>\n<a href=\"https:\/\/www.ole.com.ar\/futbol-internacional\/inglaterra\/darwin-nunez-liverpool_0_xK8D0FP5eB.html\" target=\"_self\" rel=\"noopener noreferrer\"><br \/>\n<img class=\"img-responsive\" alt=\"Oficial: el delantero uruguayo por el que Liverpool pagar\u00e1 100 palos\" src=\"http:\/\/hoycordobaweb.com\/wp-content\/uploads\/2022\/06\/barcelona-confirmo-a-un-viejo-rival-para-la-joan-gamper-6.jpg\" loading=\"lazy\"><br \/>\n<\/a>\n<\/picture>\n<\/div>\n<\/div><\/div>\n<\/div>\n<div class=\"entry-tags\">\n<h2>TEMAS QUE APARECEN EN ESTA NOTA<\/h2>\n<\/p><\/div>\n","protected":false},"excerpt":{"rendered":"<p>El Barcelona y la Roma se ver\u00e1n las caras el 6 de agosto, para disputar la edici\u00f3n n\u00famero 57 del tradicional Trofeo Joan Gamper en el Camp Nou. Se jugar\u00e1n dos partidos, el equipo femenino jugar\u00e1 a las 12:30 y el masculino a las 16:00 hs (hora argentina), ambos en el estadio del equipo catal\u00e1n. [&hellip;]<\/p>\n","protected":false},"author":1,"featured_media":43178,"comment_status":"open","ping_status":"closed","sticky":false,"template":"","format":"standard","meta":[],"categories":[16],"tags":[],"_links":{"self":[{"href":"http:\/\/hoycordobaweb.com\/index.php\/wp-json\/wp\/v2\/posts\/43177"}],"collection":[{"href":"http:\/\/hoycordobaweb.com\/index.php\/wp-json\/wp\/v2\/posts"}],"about":[{"href":"http:\/\/hoycordobaweb.com\/index.php\/wp-json\/wp\/v2\/types\/post"}],"author":[{"embeddable":true,"href":"http:\/\/hoycordobaweb.com\/index.php\/wp-json\/wp\/v2\/users\/1"}],"replies":[{"embeddable":true,"href":"http:\/\/hoycordobaweb.com\/index.php\/wp-json\/wp\/v2\/comments?post=43177"}],"version-history":[{"count":0,"href":"http:\/\/hoycordobaweb.com\/index.php\/wp-json\/wp\/v2\/posts\/43177\/revisions"}],"wp:featuredmedia":[{"embeddable":true,"href":"http:\/\/hoycordobaweb.com\/index.php\/wp-json\/wp\/v2\/media\/43178"}],"wp:attachment":[{"href":"http:\/\/hoycordobaweb.com\/index.php\/wp-json\/wp\/v2\/media?parent=43177"}],"wp:term":[{"taxonomy":"category","embeddable":true,"href":"http:\/\/hoycordobaweb.com\/index.php\/wp-json\/wp\/v2\/categories?post=43177"},{"taxonomy":"post_tag","embeddable":true,"href":"http:\/\/hoycordobaweb.com\/index.php\/wp-json\/wp\/v2\/tags?post=43177"}],"curies":[{"name":"wp","href":"https:\/\/api.w.org\/{rel}","templated":true}]}}