{"id":43157,"date":"2022-06-15T14:29:00","date_gmt":"2022-06-15T14:29:00","guid":{"rendered":"http:\/\/hoycordobaweb.com\/index.php\/2022\/06\/15\/espana-sufre-una-ola-de-calor-con-temperaturas-por-encima-de-los-40-grados\/"},"modified":"2022-06-15T14:29:00","modified_gmt":"2022-06-15T14:29:00","slug":"espana-sufre-una-ola-de-calor-con-temperaturas-por-encima-de-los-40-grados","status":"publish","type":"post","link":"http:\/\/hoycordobaweb.com\/index.php\/2022\/06\/15\/espana-sufre-una-ola-de-calor-con-temperaturas-por-encima-de-los-40-grados\/","title":{"rendered":"Espa\u00f1a sufre una ola de calor con temperaturas por encima de los 40 grados"},"content":{"rendered":"<p><img src=\"http:\/\/hoycordobaweb.com\/wp-content\/uploads\/2022\/06\/espana-sufre-una-ola-de-calor-con-temperaturas-por-encima-de-los-40-grados.jpg\"><\/p>\n<figure class=\"mb-3\"><img loading=\"lazy\" src=\"http:\/\/hoycordobaweb.com\/wp-content\/uploads\/2022\/06\/espana-sufre-una-ola-de-calor-con-temperaturas-por-encima-de-los-40-grados-2.jpg\" width=\"100%\" height=\"100%\" alt=\"La temperatura mxima de esta ola se produjo el domingo Foto Archivo AFP\"><figcaption> La temperatura m\u00e1xima de esta ola se produjo el domingo. (Foto: Archivo AFP). <\/figcaption><\/figure>\n<p>La prematura ola de calor que afecta a Espa\u00f1a alcanzar\u00e1 el r\u00e9cord de temperaturas con 15 comunidades bajo alerta y 9 con aviso naranja por riesgo importante, donde se pueden superar los 43 grados, mientras que en los pr\u00f3ximos d\u00edas el calor intenso se desplazar\u00e1 hacia Francia.<\/p>\n<p>Casi la totalidad del territorio espa\u00f1ol se ve\u00eda afectado este mi\u00e9rcoles por la primera ola de calor del verano, con nueve de las diecisiete regiones del pa\u00eds en alerta naranja, el segundo nivel m\u00e1s alto posible, por temperaturas de 39 a 43 grados, seg\u00fan inform\u00f3 la Agencia Espa\u00f1ola de Meteorolog\u00eda (Aemet).<\/p>\n<p><strong>Las temperaturas podr\u00edan llegar a 42\u00baC en Badajoz, en el suroeste, 40\u00baC en Sevilla (Andaluc\u00eda, sur) y 39\u00baC en Madrid, unos niveles \u00abmuy inusuales\u00bb en primavera<\/strong>, seg\u00fan consign\u00f3 la agencia de noticias AFP.<\/p>\n<blockquote class><p>La temperatura m\u00e1xima de esta ola se produjo el domingo con 43,2\u00b0 en Almad\u00e9n, mientras que la m\u00ednima m\u00e1s alta se registr\u00f3 en Osuna (Sevilla), con 27,4\u00b0 la madrugada del lunes<\/p><\/blockquote>\n<p>Desde que comenz\u00f3 la ola de calor el s\u00e1bado, provoc\u00f3 temperaturas de entre 7 y 12 grados por encima del promedio para esta \u00e9poca del a\u00f1o, indic\u00f3 el portavoz de la Aemet, Rub\u00e9n del Campo, en declaraciones al diario espa\u00f1ol El Pa\u00eds.<\/p>\n<p>Para dimensionar la extensi\u00f3n in\u00e9dita de la ola, <strong>el especialista indic\u00f3 que \u00abm\u00e1s de la cuarta parte de las capitales de provincia podr\u00e1n superar los 40\u00b0, como Bilbao, Ciudad Real, Girona, Granada, Huesca, Ja\u00e9n, Madrid, Murcia, Pamplona, Toledo o Zaragoza, e incluso los 43\u00b0 en C\u00f3rdoba y Lleida\u00bb.<\/strong><\/p>\n<p>La temperatura m\u00e1xima de esta ola se produjo el domingo con 43,2\u00b0 en Almad\u00e9n (Ciudad Real), mientras que la m\u00ednima m\u00e1s alta se registr\u00f3 en Osuna (Sevilla), con 27,4\u00b0 la madrugada del lunes, precis\u00f3 El Pa\u00eds.<\/p>\n<p>\u00abEste per\u00edodo del 10 al de 20 junio de 2022 se colar\u00e1 entre los tres m\u00e1s c\u00e1lidos desde que hay registros, por lo que es una situaci\u00f3n muy poco habitual\u00bb, agreg\u00f3 Del Campo.<\/p>\n<blockquote class><p>La multiplicaci\u00f3n de las olas de calor, particularmente en Europa, es consecuencia del calentamiento global<\/p><\/blockquote>\n<p><strong>La multiplicaci\u00f3n de las olas de calor, particularmente en Europa, es consecuencia del calentamiento global,<\/strong> seg\u00fan los cient\u00edficos, para quienes las emisiones de gases de efecto invernadero aumentan la potencia, duraci\u00f3n y repetici\u00f3n de estos fen\u00f3menos.<\/p>\n<p>\u00abEl cambio clim\u00e1tico es una realidad absoluta y en Andaluc\u00eda lo estamos viviendo con mucha crudeza\u00bb, afirm\u00f3 a periodistas este mi\u00e9rcoles el presidente regional andaluz, Juanma Moreno.<\/p>\n<p>Seg\u00fan el organismo meteorol\u00f3gico, <strong>la ola de calor seguir\u00e1 azotando Espa\u00f1a hasta el s\u00e1bado, y el calor extremo, producto de una masa de aire caliente proveniente del norte de \u00c1frica, se desplazar\u00e1 hacia Francia.<\/strong><\/p>\n<p>\u00abEntre el domingo y el lunes, por fin, bajar\u00e1n las temperaturas en la mayor parte de Espa\u00f1a, aunque el ambiente todav\u00eda ser\u00e1 bastante c\u00e1lido, con m\u00e1s de 35\u00b0 en el Ebro, regiones mediterr\u00e1neas y Baleares\u00bb, inform\u00f3 Del Campo.<\/p>\n<p>Si finaliza el domingo, esta ola igualar\u00e1 a la m\u00e1s temprana desde que hay registros, que comenz\u00f3 el 11 de junio de 1981. <\/p>\n","protected":false},"excerpt":{"rendered":"<p>La temperatura m\u00e1xima de esta ola se produjo el domingo. (Foto: Archivo AFP). La prematura ola de calor que afecta a Espa\u00f1a alcanzar\u00e1 el r\u00e9cord de temperaturas con 15 comunidades bajo alerta y 9 con aviso naranja por riesgo importante, donde se pueden superar los 43 grados, mientras que en los pr\u00f3ximos d\u00edas el calor [&hellip;]<\/p>\n","protected":false},"author":1,"featured_media":43158,"comment_status":"open","ping_status":"closed","sticky":false,"template":"","format":"standard","meta":[],"categories":[24],"tags":[],"_links":{"self":[{"href":"http:\/\/hoycordobaweb.com\/index.php\/wp-json\/wp\/v2\/posts\/43157"}],"collection":[{"href":"http:\/\/hoycordobaweb.com\/index.php\/wp-json\/wp\/v2\/posts"}],"about":[{"href":"http:\/\/hoycordobaweb.com\/index.php\/wp-json\/wp\/v2\/types\/post"}],"author":[{"embeddable":true,"href":"http:\/\/hoycordobaweb.com\/index.php\/wp-json\/wp\/v2\/users\/1"}],"replies":[{"embeddable":true,"href":"http:\/\/hoycordobaweb.com\/index.php\/wp-json\/wp\/v2\/comments?post=43157"}],"version-history":[{"count":0,"href":"http:\/\/hoycordobaweb.com\/index.php\/wp-json\/wp\/v2\/posts\/43157\/revisions"}],"wp:featuredmedia":[{"embeddable":true,"href":"http:\/\/hoycordobaweb.com\/index.php\/wp-json\/wp\/v2\/media\/43158"}],"wp:attachment":[{"href":"http:\/\/hoycordobaweb.com\/index.php\/wp-json\/wp\/v2\/media?parent=43157"}],"wp:term":[{"taxonomy":"category","embeddable":true,"href":"http:\/\/hoycordobaweb.com\/index.php\/wp-json\/wp\/v2\/categories?post=43157"},{"taxonomy":"post_tag","embeddable":true,"href":"http:\/\/hoycordobaweb.com\/index.php\/wp-json\/wp\/v2\/tags?post=43157"}],"curies":[{"name":"wp","href":"https:\/\/api.w.org\/{rel}","templated":true}]}}