{"id":43123,"date":"2022-06-14T12:00:55","date_gmt":"2022-06-14T12:00:55","guid":{"rendered":"https:\/\/www.ole.com.ar\/futbol-internacional\/tata-martino-continuidad-qatar_0_Q3Ts22T1hZ.html"},"modified":"2022-06-14T12:00:55","modified_gmt":"2022-06-14T12:00:55","slug":"los-motivos-por-los-que-el-tata-decidira-su-continuidad-despues-de-qatar","status":"publish","type":"post","link":"http:\/\/hoycordobaweb.com\/index.php\/2022\/06\/14\/los-motivos-por-los-que-el-tata-decidira-su-continuidad-despues-de-qatar\/","title":{"rendered":"Los motivos por los que el Tata decidir\u00e1 su continuidad despu\u00e9s de Qatar"},"content":{"rendered":"<p><img src=\"http:\/\/hoycordobaweb.com\/wp-content\/uploads\/2022\/06\/los-motivos-por-los-que-el-tata-decidira-su-continuidad-despues-de-qatar.jpg\"><\/p>\n<p>Cada vez falta menos para que se dispute el Mundial de Qatar y los equipos se preparan para llegar del mejor modo posible. Si bien el objetivo est\u00e1 en hacer el mejor campeonato posible, muchos entrenadores definen su futuro tras la competencia m\u00e1s importante. En ese sentido, Gerardo Martino determin\u00f3 que decidir\u00e1 si contin\u00faa o no al mando del plantel una vez que finalice el torneo.<\/p>\n<div class=\"sp__SM\">\n<div class=\"content-new \">\n<span class=\"tit-mobile\">Mir\u00e1 tambi\u00e9n<\/span><\/p>\n<div class=\"mg\">\n<div class=\"wrap-figure\">\n<picture>\n<a href=\"https:\/\/www.ole.com.ar\/futbol-internacional\/america\/turbosina-combustible-liga-naciones-concacaf-seleccion_0_gbIlIWhQOw.html\" target=\"_self\" rel=\"noopener noreferrer\"><br \/>\n<img class=\"img-responsive\" alt=\"Surinam qued\u00f3 varado en M\u00e9xico: no podr\u00edan pagar gastos del vuelo\" src=\"http:\/\/hoycordobaweb.com\/wp-content\/uploads\/2022\/06\/los-motivos-por-los-que-el-tata-decidira-su-continuidad-despues-de-qatar-2.jpg\" loading=\"lazy\"><br \/>\n<\/a>\n<\/picture>\n<\/div>\n<\/div><\/div>\n<\/div>\n<p>Es que en la conferencia de prensa previa al partido entre M\u00e9xico y Jamaica por la&nbsp;Concacaf Nations League, el Tata analiz\u00f3&nbsp;la renovaci\u00f3n que le propuso la Federaci\u00f3n Mexicana de F\u00fatbol (FMF) y habl\u00f3 sobre la posibilidad de extender su permanencia cuatro a\u00f1os m\u00e1s.<strong> Si bien reconoci\u00f3 que era una oferta interesante, asegur\u00f3 que por ahora s\u00f3lo puede pensar en la competencia que iniciar\u00e1 el 21 de noviembre y que reci\u00e9n al t\u00e9rmino definir\u00e1 su futuro.<\/strong><\/p>\n<div class=\"sp__SM\">\n<div class=\"content-new \">\n<span class=\"tit-mobile\">Mir\u00e1 tambi\u00e9n<\/span><\/p>\n<div class=\"mg\">\n<div class=\"wrap-figure\">\n<picture>\n<a href=\"https:\/\/www.ole.com.ar\/futbol-internacional\/america\/ecuador-triunfo-byron-castillo-cabo-verd_0_z7gbO7pgLk.html\" target=\"_self\" rel=\"noopener noreferrer\"><br \/>\n<img class=\"img-responsive\" alt=\"Otro triunfo para Ecuador: festejo ante Cabo Verde y con Byron Castillo de titular\" src=\"http:\/\/hoycordobaweb.com\/wp-content\/uploads\/2022\/06\/los-motivos-por-los-que-el-tata-decidira-su-continuidad-despues-de-qatar-3.jpg\" loading=\"lazy\"><br \/>\n<\/a>\n<\/picture>\n<\/div>\n<\/div><\/div>\n<\/div>\n<p>Tras la propuesta realizada por Gerardo Torrado, director deportivo de la FMF, confes\u00f3 que su \u00fanica preocupaci\u00f3n es que M\u00e9xico tenga la mejor actuaci\u00f3n posible en la cita internacional. Es por eso que decidi\u00f3 posponer la decisi\u00f3n y, si la oferta se mantiene en pie, definir\u00e1 al finalizar sin importar el resultado.<\/p>\n<p><mark><strong>\u201cEl Tata ha hecho una gran labor, si bien ha sido criticado, es una gran persona, un gran entrenador que est\u00e1 bien acompa\u00f1ado con un gran cuerpo t\u00e9cnico. Desde el principio puso la idea de juego muy acorde a lo que ven\u00edamos pensando; cuando una continuidad de este tipo puede ser muy interesante para una federaci\u00f3n\u201d<\/strong><\/mark>, destac\u00f3 Torrado.<\/p>\n<div class=\"sp__SM\">\n<div class=\"content-new \">\n<span class=\"tit-mobile\">Mir\u00e1 tambi\u00e9n<\/span><\/p>\n<div class=\"mg\">\n<div class=\"wrap-figure\">\n<picture>\n<a href=\"https:\/\/www.ole.com.ar\/futbol-internacional\/america\/llanto_0_1qVrZZv3qp.html\" target=\"_self\" rel=\"noopener noreferrer\"><br \/>\n<img class=\"img-responsive\" alt=\"La joyita de M\u00e9xico fall\u00f3 un penal y rompi\u00f3 en llanto\" src=\"http:\/\/hoycordobaweb.com\/wp-content\/uploads\/2022\/06\/los-motivos-por-los-que-el-tata-decidira-su-continuidad-despues-de-qatar-4.jpg\" loading=\"lazy\"><br \/>\n<\/a>\n<\/picture>\n<\/div>\n<\/div><\/div>\n<\/div>\n<h2><strong>El debut en la Liga de Naciones y las cr\u00edticas al Tata<\/strong><\/h2>\n<p>M\u00e9xico gan\u00f3 como local en su debut por la Liga de Naciones de la Concacaf este s\u00e1bado, en la que podr\u00eda haber sido la despedida con su gente durante la previa al Mundial de Qatar. Fue 3-0 sobre Surinam en el estadio Corona de Torre\u00f3n<strong>, gracias a los goles de Luis Reyes, Henry Martin y Erick S\u00e1nchez, <\/strong>en un partido que fue dominado de punta a punta por el equipo de Gerardo Martino, que puso un once alternativo y muchos j\u00f3venes.<\/p>\n<div class=\"sp__SM\">\n<div class=\"content-new \">\n<span class=\"tit-mobile\">Mir\u00e1 tambi\u00e9n<\/span><\/p>\n<div class=\"mg\">\n<div class=\"wrap-figure\">\n<picture>\n<a href=\"https:\/\/www.ole.com.ar\/futbol-internacional\/america\/resultados-canto-mundial-qatar_0_NeMrO6SjeW.html\" target=\"_self\" rel=\"noopener noreferrer\"><br \/>\n<img class=\"img-responsive\" alt=\"M\u00e9xico gan\u00f3, pero igual los hinchas reprobaron a Martino\" src=\"http:\/\/hoycordobaweb.com\/wp-content\/uploads\/2022\/06\/los-motivos-por-los-que-el-tata-decidira-su-continuidad-despues-de-qatar-5.jpg\" loading=\"lazy\"><br \/>\n<\/a>\n<\/picture>\n<\/div>\n<\/div><\/div>\n<\/div>\n<p>M\u00e1s all\u00e1 del triunfo, el<strong> Tricolor viene siendo muy criticado por su funcionamiento y los \u00faltimos resultados. Algo de eso se reflej\u00f3 el fin de semana en la actitud de los hinchas que, desde que el entrenador<\/strong> argentino sali\u00f3 al campo de juego y en buena parte del desarrollo del encuentro, le dedicaron un c\u00e1ntico pidiendo por su salida. \u00ab\u00a1Fuera Tata!\u00bb, fue el grito que se escuch\u00f3 proveniente de las tribunas.<\/p>\n<p>Antes de comenzar con la Liga de las Naciones de la Concacaf, en su gira de amistosos por Estados Unidos, la selecci\u00f3n mexicana venci\u00f3 a Nigeria (2-1), perdi\u00f3 con Uruguay (3-0) e igual\u00f3 con Ecuador (0-0). El balance de los resultados es regular, pero el nivel de juego y el funcionamiento del equipo quedaron en deuda y as\u00ed se lo hicieron sentir los fan\u00e1ticos a Martino en el compromiso contra Surinam.<\/p>\n<div class=\"sp__SM\">\n<div class=\"content-new \">\n<span class=\"tit-mobile\">Mir\u00e1 tambi\u00e9n<\/span><\/p>\n<div class=\"mg\">\n<div class=\"wrap-figure\">\n<picture>\n<a href=\"https:\/\/www.ole.com.ar\/futbol-internacional\/america\/estadistica-mexico-tata-martino-mundial_0_F1raYZuqMd.html\" target=\"_self\" rel=\"noopener noreferrer\"><br \/>\n<img class=\"img-responsive\" alt=\"La demoledora estad\u00edstica del M\u00e9xico del Tata Martino ante mundialistas\" src=\"http:\/\/hoycordobaweb.com\/wp-content\/uploads\/2022\/06\/los-motivos-por-los-que-el-tata-decidira-su-continuidad-despues-de-qatar-6.jpg\" loading=\"lazy\"><br \/>\n<\/a>\n<\/picture>\n<\/div>\n<\/div><\/div>\n<\/div>\n<p>Si bien el juego de este s\u00e1bado fue el debut del Tricolor en la competencia, ya fueron disputadas tres fechas. Jamaica es el l\u00edder del Grupo 1 con cuatro puntos, producto de un empate y un triunfo ante Surinam. Justamente el pr\u00f3ximo martes, El Tri visitar\u00e1 a Jamaica \u200bpor la cuarta jornada del torneo.<\/p>\n<div class=\"entry-tags\">\n<h2>TEMAS QUE APARECEN EN ESTA NOTA<\/h2>\n<\/p><\/div>\n","protected":false},"excerpt":{"rendered":"<p>Cada vez falta menos para que se dispute el Mundial de Qatar y los equipos se preparan para llegar del mejor modo posible. Si bien el objetivo est\u00e1 en hacer el mejor campeonato posible, muchos entrenadores definen su futuro tras la competencia m\u00e1s importante. En ese sentido, Gerardo Martino determin\u00f3 que decidir\u00e1 si contin\u00faa o [&hellip;]<\/p>\n","protected":false},"author":1,"featured_media":43124,"comment_status":"open","ping_status":"closed","sticky":false,"template":"","format":"standard","meta":[],"categories":[16],"tags":[],"_links":{"self":[{"href":"http:\/\/hoycordobaweb.com\/index.php\/wp-json\/wp\/v2\/posts\/43123"}],"collection":[{"href":"http:\/\/hoycordobaweb.com\/index.php\/wp-json\/wp\/v2\/posts"}],"about":[{"href":"http:\/\/hoycordobaweb.com\/index.php\/wp-json\/wp\/v2\/types\/post"}],"author":[{"embeddable":true,"href":"http:\/\/hoycordobaweb.com\/index.php\/wp-json\/wp\/v2\/users\/1"}],"replies":[{"embeddable":true,"href":"http:\/\/hoycordobaweb.com\/index.php\/wp-json\/wp\/v2\/comments?post=43123"}],"version-history":[{"count":0,"href":"http:\/\/hoycordobaweb.com\/index.php\/wp-json\/wp\/v2\/posts\/43123\/revisions"}],"wp:featuredmedia":[{"embeddable":true,"href":"http:\/\/hoycordobaweb.com\/index.php\/wp-json\/wp\/v2\/media\/43124"}],"wp:attachment":[{"href":"http:\/\/hoycordobaweb.com\/index.php\/wp-json\/wp\/v2\/media?parent=43123"}],"wp:term":[{"taxonomy":"category","embeddable":true,"href":"http:\/\/hoycordobaweb.com\/index.php\/wp-json\/wp\/v2\/categories?post=43123"},{"taxonomy":"post_tag","embeddable":true,"href":"http:\/\/hoycordobaweb.com\/index.php\/wp-json\/wp\/v2\/tags?post=43123"}],"curies":[{"name":"wp","href":"https:\/\/api.w.org\/{rel}","templated":true}]}}