{"id":43121,"date":"2022-06-14T12:48:54","date_gmt":"2022-06-14T12:48:54","guid":{"rendered":"https:\/\/www.ole.com.ar\/futbol-internacional\/australia-heroe-mabil-peru_0_Cf69OjgUvn.html"},"modified":"2022-06-14T12:48:54","modified_gmt":"2022-06-14T12:48:54","slug":"awer-mabil-el-heroe-no-australiano-de-australia","status":"publish","type":"post","link":"http:\/\/hoycordobaweb.com\/index.php\/2022\/06\/14\/awer-mabil-el-heroe-no-australiano-de-australia\/","title":{"rendered":"Awer Mabil: el h\u00e9roe no australiano de Australia"},"content":{"rendered":"<p><img src=\"http:\/\/hoycordobaweb.com\/wp-content\/uploads\/2022\/06\/awer-mabil-el-heroe-no-australiano-de-australia.jpg\"><\/p>\n<p>El encargado de la \u00faltima responsabilidad para los Socceroos, tal como se conoce a la selecci\u00f3n de <strong><a alt=\"australia\" class=\"slug\" href=\"https:\/\/www.ole.com.ar\/tema\/australia.html\" target=\"_blank\" title=\"australia\" rel=\"noopener noreferrer\">Australia<\/a><\/strong>, fue el futbolista de origen sudan\u00e9s nacido en un campamento de refugiados,<strong> Awer Mabil<\/strong>. A los 11 a\u00f1os y tras una infancia dif\u00edcil, tom\u00f3 la decisi\u00f3n de irse a <strong><a href=\"https:\/\/www.ole.com.ar\/tema\/australia.html\" target=\"_blank\" rel=\"noopener noreferrer\">Australia <\/a><\/strong>para lograr el objetivo de ser futbolista.<\/p>\n<p>Mabil afirm\u00f3 que el penal del lunes en Doha ante<strong> <a href=\"https:\/\/www.ole.com.ar\/tema\/peru.html?gclid=CjwKCAjw46CVBhB1EiwAgy6M4i4Vp5ZubFB02VckuLACxQBSdeCen_1FqwQ0uB8oWxw9gUSubYX-bRoCUZIQAvD_BwE\" target=\"_blank\" rel=\"noopener noreferrer\">Per\u00fa<\/a>&nbsp;<\/strong>fue una forma de darle las gracias al pa\u00eds que supo recibirlo. <strong>\u00abSab\u00eda que iba a marcar. Era la \u00fanica manera por parte de mi familia de dar las gracias a Australia&#8230;\u00bb<\/strong>, afirm\u00f3 el futbolista de origen africano.&nbsp;<\/p>\n<div class=\"sp__SM\">\n<div class=\"content-new \">\n<span class=\"tit-mobile\">Mir\u00e1 tambi\u00e9n<\/span><\/p>\n<div class=\"mg\">\n<div class=\"wrap-figure\">\n<picture>\n<a href=\"https:\/\/www.ole.com.ar\/futbol-internacional\/arbitro-asesinado-jugador-salvador_0_u0m1luk13Q.html\" target=\"_self\" rel=\"noopener noreferrer\"><br \/>\n<img class=\"img-responsive\" alt=\"Lamentable: un \u00e1rbitro es asesinado por un jugador en El Salvador\" src=\"http:\/\/hoycordobaweb.com\/wp-content\/uploads\/2022\/06\/awer-mabil-el-heroe-no-australiano-de-australia-2.jpg\" loading=\"lazy\"><br \/>\n<\/a>\n<\/picture>\n<\/div>\n<\/div><\/div>\n<\/div>\n<p>El extremo hab\u00eda sido titular en casi todos los partidos de <strong><a data-cke-saved-href=\"https:\/\/www.ole.com.ar\/futbol-internacional\/eliminatorias\/australia-eliminatorias-asiaticas-qatar_0_yWrBbGz204.html\" target=\"_blank\" href=\"https:\/\/www.ole.com.ar\/futbol-internacional\/eliminatorias\/australia-eliminatorias-asiaticas-qatar_0_yWrBbGz204.html\" rel=\"noopener noreferrer\">los oce\u00e1nicos que representan a Asia&nbsp;<\/a><\/strong>con la confianza del DT, Graham Arnold y lanz\u00f3 una frase inspiradora para otros refugiados:<strong>&nbsp;\u00abMarqu\u00e9, muchos de mis compa\u00f1eros marcaron, todos jugaron un papel importante y tal vez ese ni\u00f1o refugiado jug\u00f3 tambi\u00e9n un papel importante\u00bb, <\/strong>se\u00f1al\u00f3.<\/p>\n<p>Awer Bul, hermano del jugador, dijo que su familia estaba incre\u00edblemente emocionada: <strong>\u00abAl ser un ni\u00f1o que naci\u00f3 en un campo de refugiados, fue un momento muy conmovedor para nuestra comunidad, solo verlo estar en la selecci\u00f3n australiana nos emociona\u00bb<\/strong>, explic\u00f3.<\/p>\n<div class=\"sp__Normal\">\n<div class=\"image-embeb image-trigger\" readability=\"6\">\n<picture><source media=\"(min-width: 720px)\" srcset=\"http:\/\/hoycordobaweb.com\/wp-content\/uploads\/2022\/06\/awer-mabil-el-heroe-no-australiano-de-australia-3.jpg\"><img itemprop=\"image\" src=\"http:\/\/hoycordobaweb.com\/wp-content\/uploads\/2022\/06\/awer-mabil-el-heroe-no-australiano-de-australia-3.jpg\" loading=\"lazy\" alt=\"El momento de la euforia australiana. REUTERS\/Mohammed Dabbous\">\n<\/picture><figcaption readability=\"2\">\n<p>El momento de la euforia australiana. REUTERS\/Mohammed Dabbous\n<\/p>\n<\/figcaption><\/div>\n<\/div>\n<h2><strong>La dura infancia de Mabil&nbsp;<\/strong><\/h2>\n<p><mark>Su padre falleci\u00f3 durante la segunda guerra civil sudanesa <\/mark>y Mabil intent\u00f3 evadirse de su complicada infancia gracias al f\u00fatbol:<strong> \u00abDesde que camin\u00f3, siempre am\u00f3 el f\u00fatbol, en casa no hab\u00eda el equipamiento necesario para jugar al f\u00fatbol. Las condiciones de vida en el campamento eran precarias y desde los 5 a\u00f1os, \u00e9l le peg\u00f3 a la pelota y comenz\u00f3 una hermosa historia\u00bb<\/strong>, cont\u00f3 la madre del futbolista en ABC.<\/p>\n<p><strong>\u200b\u00bb<mark>Nac\u00ed en una choza, una choza peque\u00f1a. Mi habitaci\u00f3n de hotel aqu\u00ed es definitivamente m\u00e1s grande que aquella caba\u00f1a en la que viv\u00edamos toda la familia en ese campo de refugiados\u00bb,&nbsp;<\/mark><\/strong><mark>\u200bcont\u00f3<\/mark>.<\/p>\n<p>Com\u00eda solo una comida al d\u00eda, jugaba a la pelota descalzo y como otros tantos chicos, encontr\u00f3 en el f\u00fatbol el espacio de evasi\u00f3n y un momento para so\u00f1ar, para generar \u00eddolos, el de \u00e9l era<a alt=\"cristiano-ronaldo\" class=\"slug\" href=\"https:\/\/www.ole.com.ar\/tema\/cristiano-ronaldo.html\" target=\"_blank\" title=\"cristiano-ronaldo\" rel=\"noopener noreferrer\"> <strong>Cristiano Ronaldo<\/strong><\/a>. Creci\u00f3 con la idea de construir objetivos. <strong>Un programa de refugiados lanza a la familia de Mabil a un posible futuro de verdad: Australia.<\/strong><\/p>\n<div class=\"sp__SM\">\n<div class=\"content-new \">\n<span class=\"tit-mobile\">Mir\u00e1 tambi\u00e9n<\/span><\/p>\n<div class=\"mg\">\n<div class=\"wrap-figure\">\n<picture>\n<a href=\"https:\/\/www.ole.com.ar\/boca-juniors\/boca-advincula-descanso-peru-eliminacion_0_uzfO3pb7eG.html\" target=\"_self\" rel=\"noopener noreferrer\"><br \/>\n<img class=\"img-responsive\" alt=\"Boca le dar\u00e1 descanso a Adv\u00edncula\" src=\"http:\/\/hoycordobaweb.com\/wp-content\/uploads\/2022\/06\/awer-mabil-el-heroe-no-australiano-de-australia-4.jpg\" loading=\"lazy\"><br \/>\n<\/a>\n<\/picture>\n<\/div>\n<\/div><\/div>\n<\/div>\n<div class=\"sp__SM\">\n<div class=\"content-new \">\n<span class=\"tit-mobile\">Mir\u00e1 tambi\u00e9n<\/span><\/p>\n<div class=\"mg\">\n<div class=\"wrap-figure\">\n<picture>\n<a href=\"https:\/\/www.ole.com.ar\/futbol-internacional\/lampe-arquero-australiano-impresentable_0_LDIJveccFM.html\" target=\"_self\" rel=\"noopener noreferrer\"><br \/>\n<img class=\"img-responsive\" alt=\"\u00bfQu\u00e9 arquero le dijo &quot;impresentable&quot; al australiano?\" src=\"http:\/\/hoycordobaweb.com\/wp-content\/uploads\/2022\/06\/awer-mabil-el-heroe-no-australiano-de-australia-5.jpg\" loading=\"lazy\"><br \/>\n<\/a>\n<\/picture>\n<\/div>\n<\/div><\/div>\n<\/div>\n<p>\u200bEl club <strong>Adelaide United<\/strong> lo vio r\u00e1pidamente y debut\u00f3 en su filial. Sus habilidades para el regate y su calidad llamaron&nbsp;la atenci\u00f3n de los ojeadores&nbsp;del club, y <strong>debut\u00f3 en el primer equipo el 11 de enero de 2013 con tan solo 18 a\u00f1os de edad<\/strong>&nbsp;durante un partido contra el Perth Glory.<\/p>\n<p>Establecido en 2006 en Australia, desarroll\u00f3 su f\u00fatbol en el Adelaide United cuando era un adolescente y despu\u00e9s pas\u00f3 al FC Midtjylland dan\u00e9s.<strong> Actualmente est\u00e1 cedido al club turco Kasimpasa.<\/strong><\/p>\n<div class=\"sp__Normal\">\n<div class=\"image-embeb image-trigger\" readability=\"6\">\n<picture><source media=\"(min-width: 720px)\" srcset=\"http:\/\/hoycordobaweb.com\/wp-content\/uploads\/2022\/06\/awer-mabil-el-heroe-no-australiano-de-australia-6.jpg\"><img itemprop=\"image\" src=\"http:\/\/hoycordobaweb.com\/wp-content\/uploads\/2022\/06\/awer-mabil-el-heroe-no-australiano-de-australia-6.jpg\" loading=\"lazy\" alt=\"Awer Mabil luego de su penal decisivo EFE\/EPA\/Noushad Thekkayil\">\n<\/picture><figcaption readability=\"2\">\n<p>Awer Mabil luego de su penal decisivo EFE\/EPA\/Noushad Thekkayil\n<\/p>\n<\/figcaption><\/div>\n<\/div>\n<p>Claramente lo personal \u200bocupa la p\u00e1gina mas importante de la vida del futbolista de 26 a\u00f1os y a medida que fue pasando el tiempo se le hizo todo m\u00e1s f\u00e1cil. <strong>De crecer en Kakuma, en Kenia, en un hogar de refugiados que alberga a m\u00e1s de 185.000 personas, a patear el penal decisivo para jugar una Copa del Mundo.<\/strong><\/p>\n<p><strong>\u200b<\/strong><\/p>\n<div class=\"entry-tags\">\n<h2>TEMAS QUE APARECEN EN ESTA NOTA<\/h2>\n<\/p><\/div>\n","protected":false},"excerpt":{"rendered":"<p>El encargado de la \u00faltima responsabilidad para los Socceroos, tal como se conoce a la selecci\u00f3n de Australia, fue el futbolista de origen sudan\u00e9s nacido en un campamento de refugiados, Awer Mabil. A los 11 a\u00f1os y tras una infancia dif\u00edcil, tom\u00f3 la decisi\u00f3n de irse a Australia para lograr el objetivo de ser futbolista. [&hellip;]<\/p>\n","protected":false},"author":1,"featured_media":43122,"comment_status":"open","ping_status":"closed","sticky":false,"template":"","format":"standard","meta":[],"categories":[16],"tags":[],"_links":{"self":[{"href":"http:\/\/hoycordobaweb.com\/index.php\/wp-json\/wp\/v2\/posts\/43121"}],"collection":[{"href":"http:\/\/hoycordobaweb.com\/index.php\/wp-json\/wp\/v2\/posts"}],"about":[{"href":"http:\/\/hoycordobaweb.com\/index.php\/wp-json\/wp\/v2\/types\/post"}],"author":[{"embeddable":true,"href":"http:\/\/hoycordobaweb.com\/index.php\/wp-json\/wp\/v2\/users\/1"}],"replies":[{"embeddable":true,"href":"http:\/\/hoycordobaweb.com\/index.php\/wp-json\/wp\/v2\/comments?post=43121"}],"version-history":[{"count":0,"href":"http:\/\/hoycordobaweb.com\/index.php\/wp-json\/wp\/v2\/posts\/43121\/revisions"}],"wp:featuredmedia":[{"embeddable":true,"href":"http:\/\/hoycordobaweb.com\/index.php\/wp-json\/wp\/v2\/media\/43122"}],"wp:attachment":[{"href":"http:\/\/hoycordobaweb.com\/index.php\/wp-json\/wp\/v2\/media?parent=43121"}],"wp:term":[{"taxonomy":"category","embeddable":true,"href":"http:\/\/hoycordobaweb.com\/index.php\/wp-json\/wp\/v2\/categories?post=43121"},{"taxonomy":"post_tag","embeddable":true,"href":"http:\/\/hoycordobaweb.com\/index.php\/wp-json\/wp\/v2\/tags?post=43121"}],"curies":[{"name":"wp","href":"https:\/\/api.w.org\/{rel}","templated":true}]}}