{"id":43119,"date":"2022-06-14T14:24:25","date_gmt":"2022-06-14T14:24:25","guid":{"rendered":"https:\/\/www.ole.com.ar\/tenis\/schwartzman-queen-s-sam-querrey_0_HtQong3yUZ.html"},"modified":"2022-06-14T14:24:25","modified_gmt":"2022-06-14T14:24:25","slug":"schwartzman-patino-en-el-cesped-de-queens","status":"publish","type":"post","link":"http:\/\/hoycordobaweb.com\/index.php\/2022\/06\/14\/schwartzman-patino-en-el-cesped-de-queens\/","title":{"rendered":"Schwartzman patin\u00f3 en el c\u00e9sped de Queen&#8217;s"},"content":{"rendered":"<p><img src=\"http:\/\/hoycordobaweb.com\/wp-content\/uploads\/2022\/06\/schwartzman-patino-en-el-cesped-de-queens.jpg\"><\/p>\n<p>Despu\u00e9s de su buena actuaci\u00f3n en <strong><a alt=\"roland-garros\" class=\"slug\" href=\"https:\/\/www.ole.com.ar\/tema\/roland-garros.html\" target=\"_blank\" title=\"roland-garros\" rel=\"noopener noreferrer\">Roland Garros<\/a><\/strong>, donde se despidi\u00f3 en los octavos de final tras su ca\u00edda frente a <strong><a alt=\"novak-djokovic\" class=\"slug\" href=\"https:\/\/www.ole.com.ar\/tema\/novak-djokovic.html\" target=\"_blank\" title=\"novak-djokovic\" rel=\"noopener noreferrer\">Novak Djokovic<\/a><\/strong>,<strong> <a alt=\"diego-schwartzman\" class=\"slug\" href=\"https:\/\/www.ole.com.ar\/tema\/diego-schwartzman.html\" target=\"_blank\" title=\"diego-schwartzman\" rel=\"noopener noreferrer\">Diego Schwartzman<\/a><\/strong><span> comenz\u00f3 a prepararse de cara el tercer Grand Slam del a\u00f1o: <strong><a alt=\"wimbledon\" class=\"slug\" href=\"https:\/\/www.ole.com.ar\/tema\/wimbledon.html\" target=\"_blank\" title=\"wimbledon\" rel=\"noopener noreferrer\">Wimbledon<\/a><\/strong>. <strong>Sin embargo, en su primer partido de esta temporada en c\u00e9sped, el Peque sufri\u00f3 un duro traspi\u00e9 ante el estadounidense <\/strong><\/span><strong><a alt=\"sam-querrey\" class=\"slug\" href=\"https:\/\/www.ole.com.ar\/tema\/sam-querrey.html\" target=\"_blank\" title=\"sam-querrey\" rel=\"noopener noreferrer\">Sam Querrey.<\/a><\/strong><\/p>\n<div class=\"sp__SM\">\n<div class=\"content-new \">\n<span class=\"tit-mobile\">Mir\u00e1 tambi\u00e9n<\/span><\/p>\n<div class=\"mg\">\n<div class=\"wrap-figure\">\n<picture>\n<a href=\"https:\/\/www.ole.com.ar\/tenis\/toni-nadal-rafael-nadal-aliassime_0_la11eOWXlA.html\" target=\"_self\" rel=\"noopener noreferrer\"><br \/>\n<img class=\"img-responsive\" alt=\"Ins\u00f3lito: \u00a1El entrenador de Aliassime quer\u00eda que ganara Nadal!\" src=\"http:\/\/hoycordobaweb.com\/wp-content\/uploads\/2022\/06\/schwartzman-patino-en-el-cesped-de-queens-2.jpg\" loading=\"lazy\"><br \/>\n<\/a>\n<\/picture>\n<\/div>\n<\/div><\/div>\n<\/div>\n<p>En la primera ronda de Queen&#8217;s, el tenista argentino (16\u00ba) <strong>cay\u00f3 por 6-1 y 6-4 ante el 121\u00ba del mundo, <\/strong>en poco menos de una hora de juego. Pese a su ubicaci\u00f3n en el ranking y a que llegaba proveniente de la Qualy, cabe remarcar que suele destacarse sobre esta superficie.<strong> De hecho, en 2016, alcanz\u00f3 las semifinales en Wimbledon, su mejor actuaci\u00f3n en un Grand Slam.<\/strong> <\/p>\n<div class=\"sp__Normal\">\n<div class=\"image-embeb image-trigger\" readability=\"6\">\n<picture><source media=\"(min-width: 720px)\" srcset=\"http:\/\/hoycordobaweb.com\/wp-content\/uploads\/2022\/06\/schwartzman-patino-en-el-cesped-de-queens-3.jpg\"><img itemprop=\"image\" src=\"http:\/\/hoycordobaweb.com\/wp-content\/uploads\/2022\/06\/schwartzman-patino-en-el-cesped-de-queens-3.jpg\" loading=\"lazy\" alt=\"El peque cay\u00f3 en su debut.\">\n<\/picture><figcaption readability=\"2\">\n<p>El peque cay\u00f3 en su debut.\n<\/p>\n<\/figcaption><\/div>\n<\/div>\n<div class=\"sp__SM\">\n<div class=\"content-new \">\n<span class=\"tit-mobile\">Mir\u00e1 tambi\u00e9n<\/span><\/p>\n<div class=\"mg\">\n<div class=\"wrap-figure\">\n<picture>\n<a href=\"https:\/\/www.ole.com.ar\/tenis\/rafael-nadal-aliassime-roland-garros_0_BehIcAIBwA.html\" target=\"_self\" rel=\"noopener noreferrer\"><br \/>\n<img class=\"img-responsive\" alt=\"Nadal sobrevivi\u00f3 a la batalla contra Aliassime y se viene el cl\u00e1sico con Djokovic\" src=\"http:\/\/hoycordobaweb.com\/wp-content\/uploads\/2022\/06\/schwartzman-patino-en-el-cesped-de-queens-4.jpg\" loading=\"lazy\"><br \/>\n<\/a> <\/picture>\n<\/div>\n<\/div><\/div>\n<\/div>\n<p>Pese a la ca\u00edda, el Peque continuar\u00e1 compitiendo en Queen&#8217;s, porque tambi\u00e9n est\u00e1 anotado en dobles junto al espa\u00f1ol&nbsp;Pedro Mart\u00ednez. Estos partidos le sirven de preparaci\u00f3n al argentino de 29 a\u00f1os,&nbsp;de cara a Wimbledon,<strong> que se pondr\u00e1 en marcha el pr\u00f3ximo 27 de junio.&nbsp;&nbsp;<\/strong><\/p>\n<div class=\"sp__SM\">\n<div class=\"content-new \">\n<span class=\"tit-mobile\">Mir\u00e1 tambi\u00e9n<\/span><\/p>\n<div class=\"mg\">\n<div class=\"wrap-figure\">\n<picture>\n<a href=\"https:\/\/www.ole.com.ar\/tenis\/schwartzman-vs-djokovic-roland-garros-22_0_AeaEdfS41e.html\" target=\"_self\" rel=\"noopener noreferrer\"><br \/>\n<img class=\"img-responsive\" alt=\"Djokovic le tir\u00f3 la chapa encima: venci\u00f3 a Schwartzman en sets corridos\" src=\"http:\/\/hoycordobaweb.com\/wp-content\/uploads\/2022\/06\/schwartzman-patino-en-el-cesped-de-queens-5.jpg\" loading=\"lazy\"><br \/>\n<\/a>\n<\/picture>\n<\/div>\n<\/div><\/div>\n<\/div>\n<div class=\"sp__Normal\">\n<div class=\"image-embeb image-trigger\" readability=\"6\">\n<picture><source media=\"(min-width: 720px)\" srcset=\"http:\/\/hoycordobaweb.com\/wp-content\/uploads\/2022\/06\/schwartzman-patino-en-el-cesped-de-queens-6.jpg\"><img itemprop=\"image\" src=\"http:\/\/hoycordobaweb.com\/wp-content\/uploads\/2022\/06\/schwartzman-patino-en-el-cesped-de-queens-6.jpg\" loading=\"lazy\" alt=\"El Peque no pudo en su debut.\">\n<\/picture><figcaption readability=\"2\">\n<p>El Peque no pudo en su debut.\n<\/p>\n<\/figcaption><\/div>\n<\/div>\n<h2><strong>M\u00e1s argentinos en competencia<\/strong><br \/><\/h2>\n<p><strong><a alt=\"francisco-cerundolo\" class=\"slug\" href=\"https:\/\/www.ole.com.ar\/tema\/francisco-cerundolo.html\" target=\"_blank\" title=\"francisco-cerundolo\" rel=\"noopener noreferrer\">Francisco Cer\u00fandolo<\/a><\/strong> (46\u00ba) enfrenta al espa\u00f1ol&nbsp;Pedro Mart\u00ednez (45) por la primera ronda de Queen&#8217;s.&nbsp;En el caso de avanzar a octavos de final, Cer\u00fandolo se encontrar\u00e1 en esa instancia con el ganador del cruce entre el m\u00e1ximo favorito al t\u00edtulo y reciente finalista de Roland Garros,<strong> el noruego Casper Ruud (6), y el brit\u00e1nico Ryan Peniston (197).<\/strong><\/p>\n<p>El defensor del t\u00edtulo es el italiano <strong>Matteo Berrettini (10\u00ba),<\/strong> quien el domingo \u00faltimo se coron\u00f3 campe\u00f3n sobre el c\u00e9sped de <strong>Stuttgart <\/strong>tras imponerse en la final sobre el brit\u00e1nico <strong><a alt=\"andy-murray\" class=\"slug\" href=\"https:\/\/www.ole.com.ar\/tema\/andy-murray.html\" target=\"_blank\" title=\"andy-murray\" rel=\"noopener noreferrer\">Andy Murray <\/a><\/strong>en tres re\u00f1idos sets.<\/p>\n<p>Berrettini iniciar\u00e1 la defensa del t\u00edtulo <strong>ante el brit\u00e1nico Daniel Evans (31) <\/strong>y si le gana ir\u00e1 luego en los octavos de final ante el italiano Lorenzo Sonego (32) o el estadounidense Denis Kudla (82).<\/p>\n<div class=\"entry-tags\">\n<h2>TEMAS QUE APARECEN EN ESTA NOTA<\/h2>\n<\/p><\/div>\n","protected":false},"excerpt":{"rendered":"<p>Despu\u00e9s de su buena actuaci\u00f3n en Roland Garros, donde se despidi\u00f3 en los octavos de final tras su ca\u00edda frente a Novak Djokovic, Diego Schwartzman comenz\u00f3 a prepararse de cara el tercer Grand Slam del a\u00f1o: Wimbledon. Sin embargo, en su primer partido de esta temporada en c\u00e9sped, el Peque sufri\u00f3 un duro traspi\u00e9 ante [&hellip;]<\/p>\n","protected":false},"author":1,"featured_media":43120,"comment_status":"open","ping_status":"closed","sticky":false,"template":"","format":"standard","meta":[],"categories":[16],"tags":[],"_links":{"self":[{"href":"http:\/\/hoycordobaweb.com\/index.php\/wp-json\/wp\/v2\/posts\/43119"}],"collection":[{"href":"http:\/\/hoycordobaweb.com\/index.php\/wp-json\/wp\/v2\/posts"}],"about":[{"href":"http:\/\/hoycordobaweb.com\/index.php\/wp-json\/wp\/v2\/types\/post"}],"author":[{"embeddable":true,"href":"http:\/\/hoycordobaweb.com\/index.php\/wp-json\/wp\/v2\/users\/1"}],"replies":[{"embeddable":true,"href":"http:\/\/hoycordobaweb.com\/index.php\/wp-json\/wp\/v2\/comments?post=43119"}],"version-history":[{"count":0,"href":"http:\/\/hoycordobaweb.com\/index.php\/wp-json\/wp\/v2\/posts\/43119\/revisions"}],"wp:featuredmedia":[{"embeddable":true,"href":"http:\/\/hoycordobaweb.com\/index.php\/wp-json\/wp\/v2\/media\/43120"}],"wp:attachment":[{"href":"http:\/\/hoycordobaweb.com\/index.php\/wp-json\/wp\/v2\/media?parent=43119"}],"wp:term":[{"taxonomy":"category","embeddable":true,"href":"http:\/\/hoycordobaweb.com\/index.php\/wp-json\/wp\/v2\/categories?post=43119"},{"taxonomy":"post_tag","embeddable":true,"href":"http:\/\/hoycordobaweb.com\/index.php\/wp-json\/wp\/v2\/tags?post=43119"}],"curies":[{"name":"wp","href":"https:\/\/api.w.org\/{rel}","templated":true}]}}