{"id":43111,"date":"2022-06-14T11:57:36","date_gmt":"2022-06-14T11:57:36","guid":{"rendered":"https:\/\/manoamanocba.com.ar\/?p=5423"},"modified":"2022-06-14T11:57:36","modified_gmt":"2022-06-14T11:57:36","slug":"comienza-la-segunda-cumbre-mundial-de-economia-circular-en-cordoba","status":"publish","type":"post","link":"http:\/\/hoycordobaweb.com\/index.php\/2022\/06\/14\/comienza-la-segunda-cumbre-mundial-de-economia-circular-en-cordoba\/","title":{"rendered":"Comienza la segunda Cumbre Mundial de Econom\u00eda Circular en C\u00f3rdoba"},"content":{"rendered":"<p>El mi\u00e9rcoles comienza segunda <strong>Cumbre Mundial de Econom\u00eda Circular<\/strong> que se llevar\u00e1 a cabo de manera gratuita <strong>el 15 y 16 de junio en el Complejo Ferial C\u00f3rdoba<\/strong>.<\/p>\n<p>Esta edici\u00f3n, de la misma manera que la anterior, presentar\u00e1 destacados referentes nacionales e internacionales del \u00e1mbito de la econom\u00eda circular provenientes de diferentes sectores, entre ellos, <strong>cient\u00edficos, pol\u00edticos, t\u00e9cnicos, empresariales y de organizaciones civiles<\/strong>.<\/p>\n<p>Entre los disertantes, se presentar\u00e1n: <strong>Peter Heck<\/strong> (Alemania), consultor en Gesti\u00f3n de Proyectos de Econom\u00eda y CEO del Instituto para la Gesti\u00f3n Aplicada del Flujo de Materiales (IFAS), un organismo de investigaci\u00f3n superior de la Universidad de Ciencias Aplicadas de Tr\u00e9veris de Alemania.<\/p>\n<p><strong>Gunter Pauli<\/strong> (B\u00e9lgica), referente mundial de la econom\u00eda circular y emprendedor dedicado a la transformaci\u00f3n de los modelos de negocios. Adem\u00e1s, fue fundador y presidente de m\u00e1s de 10 empresas vinculadas con actividades sustentables y public\u00f3 20 libros que han sido editados en m\u00e1s de 30 idiomas.<\/p>\n<p><strong>Evelyn Lenke<\/strong> (Alemania), ex ministra de Econom\u00eda, Protecci\u00f3n del Clima, Energ\u00eda y Planificaci\u00f3n Regional de Alemania y fundadora de la empresa Thinking Circular. Actualmente, es la cara visible y CEO de la plataforma de las Naciones Unidas, que acompa\u00f1a a los negocios, la ciencia y la pol\u00edtica para desarrollar una sociedad sostenible.<\/p>\n<p><a href=\"http:\/\/manoamanocba.com.ar\/wp-content\/uploads\/2022\/06\/fd1e0e43-c3ff-4305-b8d6-1c69fd70b84b.jpg\"><img loading=\"lazy\" class=\"size-medium wp-image-5425 aligncenter\" src=\"http:\/\/hoycordobaweb.com\/wp-content\/uploads\/2022\/06\/comienza-la-segunda-cumbre-mundial-de-economia-circular-en-cordoba.jpg\" alt width=\"300\" height=\"277\" srcset=\"http:\/\/hoycordobaweb.com\/wp-content\/uploads\/2022\/06\/comienza-la-segunda-cumbre-mundial-de-economia-circular-en-cordoba.jpg 300w, http:\/\/hoycordobaweb.com\/wp-content\/uploads\/2022\/06\/comienza-la-segunda-cumbre-mundial-de-economia-circular-en-cordoba-1.jpg 1024w, http:\/\/hoycordobaweb.com\/wp-content\/uploads\/2022\/06\/comienza-la-segunda-cumbre-mundial-de-economia-circular-en-cordoba-2.jpg 768w, http:\/\/hoycordobaweb.com\/wp-content\/uploads\/2022\/06\/comienza-la-segunda-cumbre-mundial-de-economia-circular-en-cordoba-3.jpg 1081w\" sizes=\"(max-width: 300px) 100vw, 300px\"><\/a><\/p>\n<p><strong>Juan Verde<\/strong> (Espa\u00f1a), especialista en econom\u00eda sostenible y estratega internacional de vasta experiencia en el sector p\u00fablico y privado. Ocup\u00f3 el puesto de subsecretario adjunto para Europa y Eurasia durante la presidencia de Obama en el Departamento de Comercio del Gobierno de los Estados Unidos. A su vez, fue consultor de prestigiosas empresas como Google, American Express, Banco Santander, entre otras.<\/p>\n<p><strong>Harald Friedl<\/strong> (Pa\u00edses Bajos), asesor y l\u00edder en Econom\u00eda Circular, gestion\u00f3 empresas tales como Circle Economy e investig\u00f3 y dise\u00f1\u00f3 programas y herramientas con el fin de lograr que la circularidad sea comprensible y f\u00e1cil de aplicar. Adem\u00e1s, fue portador y asesor del viceprimer ministro de Finanzas en Austria.<\/p>\n<p><strong>Izabella Teixeira<\/strong> (Brasil), bi\u00f3loga, copresidenta del Panel Internacional de Recursos y ex ministra de Medio Ambiente de Brasil. Es especialista en Gesti\u00f3n Ambiental, Planificaci\u00f3n Energ\u00e9tica, Evaluaci\u00f3n de Impacto Ambiental y Licencias Ambientales. Adem\u00e1s, fue miembro del Panel de Alto Nivel sobre Sostenibilidad Global y jefa de la Delegaci\u00f3n de Brasil sobre las negociaciones del Acuerdo de Par\u00eds de la Convenci\u00f3n de las Naciones Unidas sobre el Cambio Clim\u00e1tico.<\/p>\n<p><strong>Alexandre Lemille<\/strong>&nbsp;(Sud\u00e1frica), fundador de Wizeimpact, una consultora de negocios orientados al mejoramiento del medio ambiente y la calidad de vida vida, y co-fundador del African Circular Economy Network (Ace Network). Adem\u00e1s, fue miembro del Grupo de Trabajo de Econom\u00eda Circular (J\u00f3venes L\u00edderes Globales, Foro Econ\u00f3mico Mundial) y reconocido en la categor\u00eda Liderazgo de Econom\u00eda Circular por el Foro Commended.<\/p>\n<p><strong>Francisco Vera Manzanares<\/strong> (Colombia), activista, asesor infantil de la ONU y fundador de \u201cGuardianes por la vida\u201d, un movimiento de ni\u00f1os y adolescentes creado con el objetivo de promover conciencia ambiental e incentivar nuevos liderazgos bajo la premisa de revalorizar a la ni\u00f1ez en la participaci\u00f3n ciudadana. Adem\u00e1s, fue nombrado Embajador de la Buena Voluntad de la Uni\u00f3n Europea en Colombia y elegido por el Comit\u00e9 de Derechos del Ni\u00f1o ante la Organizaci\u00f3n de las Naciones Unidas (ONU) en calidad de asesor infantil en 2022.<br \/>Recientemente, public\u00f3 su primer libro titulado \u00bfQu\u00e9 es el cambio clim\u00e1tico?<\/p>\n<p><strong>Nicholas Richard Hurd<\/strong> (Reino Unido), pol\u00edtico brit\u00e1nico. Fue ministro de Londres de 2018 a 2019 y ministro de Estado para la Polic\u00eda y el Servicio de Bomberos de 2017 a 2019.<\/p>\n<p><strong>La Cumbre y sus moderadores<\/strong><\/p>\n<p>La segunda Cumbre de la Econom\u00eda Circular contar\u00e1 con <strong>paneles divididos seg\u00fan las tem\u00e1ticas del evento y las experiencias circulares propuestas<\/strong>.<\/p>\n<p>La moderaci\u00f3n de los paneles tem\u00e1ticos estar\u00e1 a cargo de periodistas destacados a nivel nacional. Entre ellos, Guillermo Lobo, de TN-Ciencia; Maru Duffard, de TN; Alejandro Bercovich, de C5N; D\u00e9bora Plager, de La Naci\u00f3n TV; Alejandra Malem, de TV P\u00fablica; Gabriela Vizental, de Ambiente y Medio TV y Radio Continental; Daniel Tognetti, de Canal 9 y Florencia Donovan, de La Naci\u00f3n.<\/p>\n<p>Por su parte, los paneles de experiencias circulares estar\u00e1n conducidos por periodistas locales de renombre, como: Omar Pereyra; Diego Marconetti; Ximena Salkind; Diego Tabachnik; Soledad Huespe; Mateo Ferrer; Silvia Franco; Bernando Monis; Mar\u00eda Jos\u00e9 Quinteros, Caio Lamberti, Laura Gonz\u00e1lez, Silvia P\u00e9rez Ruiz, Roxana Acotto; Juan Pablo Carranza; Mart\u00edn San Pedro; Dessiree D\u00edaz, Mimi Spicher; Juani Huve; Mili Felizzia; I\u00f1igo Ibian y Ary Gaboversky.<\/p>\n","protected":false},"excerpt":{"rendered":"<p>El mi\u00e9rcoles comienza segunda Cumbre Mundial de Econom\u00eda Circular que se llevar\u00e1 a cabo de manera gratuita el 15 y 16 de junio en el Complejo Ferial C\u00f3rdoba. Esta edici\u00f3n, de la misma manera que la anterior, presentar\u00e1 destacados referentes nacionales e internacionales del \u00e1mbito de la econom\u00eda circular provenientes de diferentes sectores, entre ellos, [&hellip;]<\/p>\n","protected":false},"author":1,"featured_media":43112,"comment_status":"closed","ping_status":"closed","sticky":false,"template":"","format":"standard","meta":[],"categories":[19],"tags":[],"_links":{"self":[{"href":"http:\/\/hoycordobaweb.com\/index.php\/wp-json\/wp\/v2\/posts\/43111"}],"collection":[{"href":"http:\/\/hoycordobaweb.com\/index.php\/wp-json\/wp\/v2\/posts"}],"about":[{"href":"http:\/\/hoycordobaweb.com\/index.php\/wp-json\/wp\/v2\/types\/post"}],"author":[{"embeddable":true,"href":"http:\/\/hoycordobaweb.com\/index.php\/wp-json\/wp\/v2\/users\/1"}],"replies":[{"embeddable":true,"href":"http:\/\/hoycordobaweb.com\/index.php\/wp-json\/wp\/v2\/comments?post=43111"}],"version-history":[{"count":0,"href":"http:\/\/hoycordobaweb.com\/index.php\/wp-json\/wp\/v2\/posts\/43111\/revisions"}],"wp:featuredmedia":[{"embeddable":true,"href":"http:\/\/hoycordobaweb.com\/index.php\/wp-json\/wp\/v2\/media\/43112"}],"wp:attachment":[{"href":"http:\/\/hoycordobaweb.com\/index.php\/wp-json\/wp\/v2\/media?parent=43111"}],"wp:term":[{"taxonomy":"category","embeddable":true,"href":"http:\/\/hoycordobaweb.com\/index.php\/wp-json\/wp\/v2\/categories?post=43111"},{"taxonomy":"post_tag","embeddable":true,"href":"http:\/\/hoycordobaweb.com\/index.php\/wp-json\/wp\/v2\/tags?post=43111"}],"curies":[{"name":"wp","href":"https:\/\/api.w.org\/{rel}","templated":true}]}}