{"id":43105,"date":"2022-06-14T13:31:00","date_gmt":"2022-06-14T13:31:00","guid":{"rendered":"http:\/\/hoycordobaweb.com\/index.php\/2022\/06\/14\/el-papa-condeno-la-guerra-y-pidio-no-reducirla-a-una-distincion-entre-buenos-y-malos\/"},"modified":"2022-06-14T13:31:00","modified_gmt":"2022-06-14T13:31:00","slug":"el-papa-condeno-la-guerra-y-pidio-no-reducirla-a-una-distincion-entre-buenos-y-malos","status":"publish","type":"post","link":"http:\/\/hoycordobaweb.com\/index.php\/2022\/06\/14\/el-papa-condeno-la-guerra-y-pidio-no-reducirla-a-una-distincion-entre-buenos-y-malos\/","title":{"rendered":"El Papa conden\u00f3 la guerra y pidi\u00f3 no reducirla a una distinci\u00f3n entre buenos y malos"},"content":{"rendered":"<p><img src=\"http:\/\/hoycordobaweb.com\/wp-content\/uploads\/2022\/06\/el-papa-condeno-la-guerra-y-pidio-no-reducirla-a-una-distincion-entre-buenos-y-malos.jpg\"><\/p>\n<figure class=\"mb-3\"><img loading=\"lazy\" src=\"http:\/\/hoycordobaweb.com\/wp-content\/uploads\/2022\/06\/el-papa-condeno-la-guerra-y-pidio-no-reducirla-a-una-distincion-entre-buenos-y-malos-2.jpg\" width=\"100%\" height=\"100%\" alt=\"El pontfice se neg a reducir el conflicto actual\"><figcaption> El pont\u00edfice se neg\u00f3 a reducir el conflicto actual. <\/figcaption><\/figure>\n<p>El papa Francisco conden\u00f3 en una entrevista publicada este martes la \u00abbrutalidad y ferocidad\u00bb de la guerra que enfrenta a Rusia y Ucrania desde el pasado 24 de febrero, record\u00f3 el papel del comercio mundial de armas en su desarrollo y resalt\u00f3 la importancia de no reducir el tema \u00aba una distinci\u00f3n entre buenos y malos\u00bb.<\/p>\n<p><strong>\u00abLo que vemos es la brutalidad y la ferocidad con la que se est\u00e1 librando esta guerra por parte de las tropas, generalmente mercenarias, utilizadas por los rusos. Los rusos prefieren enviar chechenos, sirios, mercenarios\u00bb, lament\u00f3 Francisco<\/strong>, que hizo repetidos llamamientos a la paz desde el inicio del conflicto.<\/p>\n<p>En la entrevista concedida a revistas jesuitas europeas el mes pasado y publicada este martes por la revista italiana La Civilta Cattolica, el pont\u00edfice se neg\u00f3 a \u00abreducir\u00bb el conflicto actual a \u00abuna distinci\u00f3n entre buenos y malos\u00bb.<\/p>\n<p>\u00abTenemos que alejarnos del patr\u00f3n normal de (..) la caperucita era buena y el lobo malo. Aqu\u00ed no hay buenos y malos metaf\u00edsicos, de forma abstracta. Est\u00e1 surgiendo algo global, con elementos muy entrelazados\u00bb, agreg\u00f3 Francisco.<\/p>\n<p>Luego <strong>hizo hincapi\u00e9 en el peligro de tener una mirada que no contemple la complejidad del conflicto \u00aby no veamos todo el drama que se est\u00e1 desarrollando<\/strong> detr\u00e1s de esta guerra, que tal vez de alguna manera fue provocada o no evitada. Y registro el inter\u00e9s por probar y vender armas. Es muy triste, pero al final es lo que est\u00e1 en juego\u00bb.<\/p>\n<p>\u00abLlegados a este punto, algunos me dir\u00e1n: &#8216;Pero usted es pro-Putin&#8217;. No, no lo soy. Ser\u00eda simplista y err\u00f3neo decir tal cosa\u00bb, a\u00f1adi\u00f3 el l\u00edder espiritual cat\u00f3lico, que insisti\u00f3 en la necesidad de \u00abrazonar sobre las ra\u00edces y los intereses\u00bb de este conflicto \u00abque son muy complejos\u00bb.<\/p>\n<p><strong>\u00abTambi\u00e9n es verdad que los rusos pensaron que todo acabar\u00eda en una semana. Pero cometieron un error de c\u00e1lculo. Encontraron un pueblo valiente, un pueblo que lucha por sobrevivir y que tiene una historia de lucha\u00bb, dijo el papa<\/strong> argentino de 85 a\u00f1os, citado por AFP.<\/p>\n<p>El 3 de mayo, en una entrevista con el diario italiano Corriere della Sera, Francisco habl\u00f3 de que el \u00abenfado\u00bb del Kremlin hab\u00eda podido ser provocado por \u00ablos ladridos de la OTAN a la puerta de Rusia\u00bb.<\/p>\n<p><strong>El pont\u00edfice tambi\u00e9n breg\u00f3 porque lo que est\u00e1 ocurriendo ahora en Ucrania \u00ablo vemos as\u00ed porque est\u00e1 m\u00e1s cerca de nosotros y toca m\u00e1s nuestra sensibilidad\u00bb.<\/strong><\/p>\n<p>\u00abPero hay otros pa\u00edses muy lejanos -piensen en algunas partes de \u00c1frica, el norte de Nigeria, el norte del Congo- donde la guerra sigue y a nadie le importa. Piensen en Ruanda hace 25 a\u00f1os. Piensen en Myanmar y en los rohingya. El mundo est\u00e1 en guerra\u00bb<\/p>\n<p>Luego subray\u00f3 que es imperativo abordar el lado humano de la guerra.<\/p>\n<p>\u00abOjal\u00e1 sus revistas abordaran el drama humano de la guerra. Est\u00e1 muy bien hacer un c\u00e1lculo geopol\u00edtico, estudiar las cosas en profundidad. Deben hacerlo, porque es tu trabajo. Pero tambi\u00e9n intenten transmitir el drama humano de la guerra\u00bb, dijo.<\/p>\n<p><strong>\u00abReflexionar sobre esto ayudar\u00eda mucho a la humanidad y a la Iglesia. Hagan sus reflexiones sociopol\u00edticas, pero no descuiden la reflexi\u00f3n humana sobre la guerra\u00bb<\/strong>, concluy\u00f3. <\/p>\n","protected":false},"excerpt":{"rendered":"<p>El pont\u00edfice se neg\u00f3 a reducir el conflicto actual. El papa Francisco conden\u00f3 en una entrevista publicada este martes la \u00abbrutalidad y ferocidad\u00bb de la guerra que enfrenta a Rusia y Ucrania desde el pasado 24 de febrero, record\u00f3 el papel del comercio mundial de armas en su desarrollo y resalt\u00f3 la importancia de no [&hellip;]<\/p>\n","protected":false},"author":1,"featured_media":43106,"comment_status":"open","ping_status":"closed","sticky":false,"template":"","format":"standard","meta":[],"categories":[24],"tags":[],"_links":{"self":[{"href":"http:\/\/hoycordobaweb.com\/index.php\/wp-json\/wp\/v2\/posts\/43105"}],"collection":[{"href":"http:\/\/hoycordobaweb.com\/index.php\/wp-json\/wp\/v2\/posts"}],"about":[{"href":"http:\/\/hoycordobaweb.com\/index.php\/wp-json\/wp\/v2\/types\/post"}],"author":[{"embeddable":true,"href":"http:\/\/hoycordobaweb.com\/index.php\/wp-json\/wp\/v2\/users\/1"}],"replies":[{"embeddable":true,"href":"http:\/\/hoycordobaweb.com\/index.php\/wp-json\/wp\/v2\/comments?post=43105"}],"version-history":[{"count":0,"href":"http:\/\/hoycordobaweb.com\/index.php\/wp-json\/wp\/v2\/posts\/43105\/revisions"}],"wp:featuredmedia":[{"embeddable":true,"href":"http:\/\/hoycordobaweb.com\/index.php\/wp-json\/wp\/v2\/media\/43106"}],"wp:attachment":[{"href":"http:\/\/hoycordobaweb.com\/index.php\/wp-json\/wp\/v2\/media?parent=43105"}],"wp:term":[{"taxonomy":"category","embeddable":true,"href":"http:\/\/hoycordobaweb.com\/index.php\/wp-json\/wp\/v2\/categories?post=43105"},{"taxonomy":"post_tag","embeddable":true,"href":"http:\/\/hoycordobaweb.com\/index.php\/wp-json\/wp\/v2\/tags?post=43105"}],"curies":[{"name":"wp","href":"https:\/\/api.w.org\/{rel}","templated":true}]}}