{"id":43096,"date":"2022-06-14T08:03:52","date_gmt":"2022-06-14T08:03:52","guid":{"rendered":"https:\/\/www.espinof.com\/trailers\/primer-trailer-asunto-privado-jean-reno-aura-garrido-buscan-a-asesino-galicia-nueva-serie-amazon-prime-video"},"modified":"2022-06-14T08:03:52","modified_gmt":"2022-06-14T08:03:52","slug":"primer-trailer-de-un-asunto-privado-jean-reno-y-aura-garrido-buscan-a-un-asesino-en-galicia-en-la-nueva-serie-de-amazon-prime-video","status":"publish","type":"post","link":"http:\/\/hoycordobaweb.com\/index.php\/2022\/06\/14\/primer-trailer-de-un-asunto-privado-jean-reno-y-aura-garrido-buscan-a-un-asesino-en-galicia-en-la-nueva-serie-de-amazon-prime-video\/","title":{"rendered":"Primer tr\u00e1iler de &#8216;Un asunto privado&#8217;: Jean Reno y Aura Garrido buscan a un asesino en Galicia en la nueva serie de Amazon Prime Video"},"content":{"rendered":"<p>La ficci\u00f3n espa\u00f1ola est\u00e1 cogiendo un ritmo acelerado en <a href=\"http:\/\/primevideo.com\/\">Amazon Prime Video<\/a> y en apenas una semana hemos tenido presentaci\u00f3n en sociedad del <a href=\"https:\/\/www.espinof.com\/series-de-ficcion\/reina-roja-serie-amazon-prime-video-basada-novelas-juan-gomez-jurado-ha-encontrado-a-sus-protagonistas\">reparto y detalles de &#8216;Reina roja&#8217;<\/a>, estreno de &#8216;<a href=\"https:\/\/www.espinof.com\/criticas\/limites-epica-agil-serie-amazon-prime-video-que-alvaro-morte-rodrigo-santoro-sobresalen-dando-primera-vuelta-al-mundo-historia\">Sin l\u00edmites<\/a>&#8216; y, ahora, el tr\u00e1iler de un nueva y prometedora serie: &#8216;<strong>Un asunto privado<\/strong>&#8216;.<\/p>\n<p><!-- BREAK 1 --><\/p>\n<p>Protagonizada por <strong>Aura Garrido<\/strong> (&#8216;<a href=\"https:\/\/www.espinof.com\/criticas\/ministerio-tiempo-recupera-todas-virtudes-serie-arranque-su-temporada-4\">El Ministerio del Tiempo<\/a>&#8216;) y <strong>Jean Reno<\/strong> (a quien vimos por \u00faltima vez en &#8216;<a href=\"https:\/\/www.espinof.com\/criticas\/quien-mato-a-sara-serie-netflix-entretenido-thriller-alma-culebron-que-mezcla-misterio-drama-erotismo\">\u00bfQui\u00e9n mat\u00f3 a Sara?<\/a>&#8216;), la serie nos lleva a las aventuras de una mujer de clase alta con alma de detective decidida a dar caza a un asesino en serie que ronda por su ciudad.<\/p>\n<p><!-- BREAK 2 --> <\/p>\n<div class=\"article-asset article-asset-normal article-asset-center\">\n<div class=\"desvio-container\">\n<div class=\"desvio\">\n<div class=\"desvio-figure js-desvio-figure\"> <a href=\"https:\/\/www.espinof.com\/listas\/mejores-series-epoca-netflix-hbo-amazon-movistar\"> <img alt=\"Las 23 mejores series de \u00e9poca en Netflix, HBO Max, Amazon, Movistar Plus+ y otras plataformas de streaming\" src=\"http:\/\/hoycordobaweb.com\/wp-content\/uploads\/2022\/06\/primer-trailer-de-un-asunto-privado-jean-reno-y-aura-garrido-buscan-a-un-asesino-en-galicia-en-la-nueva-serie-de-amazon-prime-video.jpg\"> <\/a> <\/div><\/div><\/div>\n<\/div>\n<p>Para ello <strong>contar\u00e1 con la ayuda de su fiel mayordomo<\/strong>, un hombre discreto y servicial. Juntos capear\u00e1n las dificultades que se les presentar\u00e1. Tanto a la hora de perseguir a este asesino como a la de esquivar las normas t\u00e1citas de la sociedad en la Galicia de finales de los a\u00f1os 40.<\/p>\n<p><!-- BREAK 3 --><\/p>\n<h2>La nueva serie de \u00e9poca de Bamb\u00fa<\/h2>\n<p>Junto a Garrido y Reno, el reparto se completa con <strong>\u00c1ngela Molina, Alex Garc\u00eda, Gorka Otxoa, Tito Valverde, Irene Montal\u00e1, Pablo Molinero y Andr\u00e9s Velencoso<\/strong>.<\/p>\n<p><!-- BREAK 4 --><\/p>\n<p>&#8216;Un asunto privado&#8217;, que todav\u00eda no tiene fecha de estreno, viene de la mano de Bamb\u00fa con su tr\u00edo cocreador habitual, formado por <strong>Teresa Fern\u00e1ndez-Vald\u00e9s, Ram\u00f3n Campos y Gema R. Neira<\/strong>. David Pinillos, Mar\u00eda Ripoll y Daniel Aranyo son los encargados de la direcci\u00f3n.<\/p>\n<p><!-- BREAK 5 --> <\/p>\n","protected":false},"excerpt":{"rendered":"<p>La ficci\u00f3n espa\u00f1ola est\u00e1 cogiendo un ritmo acelerado en Amazon Prime Video y en apenas una semana hemos tenido presentaci\u00f3n en sociedad del reparto y detalles de &#8216;Reina roja&#8217;, estreno de &#8216;Sin l\u00edmites&#8216; y, ahora, el tr\u00e1iler de un nueva y prometedora serie: &#8216;Un asunto privado&#8216;. Protagonizada por Aura Garrido (&#8216;El Ministerio del Tiempo&#8216;) y [&hellip;]<\/p>\n","protected":false},"author":1,"featured_media":43097,"comment_status":"open","ping_status":"closed","sticky":false,"template":"","format":"standard","meta":[],"categories":[1],"tags":[],"_links":{"self":[{"href":"http:\/\/hoycordobaweb.com\/index.php\/wp-json\/wp\/v2\/posts\/43096"}],"collection":[{"href":"http:\/\/hoycordobaweb.com\/index.php\/wp-json\/wp\/v2\/posts"}],"about":[{"href":"http:\/\/hoycordobaweb.com\/index.php\/wp-json\/wp\/v2\/types\/post"}],"author":[{"embeddable":true,"href":"http:\/\/hoycordobaweb.com\/index.php\/wp-json\/wp\/v2\/users\/1"}],"replies":[{"embeddable":true,"href":"http:\/\/hoycordobaweb.com\/index.php\/wp-json\/wp\/v2\/comments?post=43096"}],"version-history":[{"count":0,"href":"http:\/\/hoycordobaweb.com\/index.php\/wp-json\/wp\/v2\/posts\/43096\/revisions"}],"wp:featuredmedia":[{"embeddable":true,"href":"http:\/\/hoycordobaweb.com\/index.php\/wp-json\/wp\/v2\/media\/43097"}],"wp:attachment":[{"href":"http:\/\/hoycordobaweb.com\/index.php\/wp-json\/wp\/v2\/media?parent=43096"}],"wp:term":[{"taxonomy":"category","embeddable":true,"href":"http:\/\/hoycordobaweb.com\/index.php\/wp-json\/wp\/v2\/categories?post=43096"},{"taxonomy":"post_tag","embeddable":true,"href":"http:\/\/hoycordobaweb.com\/index.php\/wp-json\/wp\/v2\/tags?post=43096"}],"curies":[{"name":"wp","href":"https:\/\/api.w.org\/{rel}","templated":true}]}}