{"id":43070,"date":"2022-06-13T14:14:17","date_gmt":"2022-06-13T14:14:17","guid":{"rendered":"https:\/\/www.ole.com.ar\/futbol-internacional\/america\/giorgio-chiellini-fichaje-angeles-fc_0_u1e8ayz0cq.html"},"modified":"2022-06-13T14:14:17","modified_gmt":"2022-06-13T14:14:17","slug":"oficial-mls-giorgio-chiellini-a-los-angeles-fc","status":"publish","type":"post","link":"http:\/\/hoycordobaweb.com\/index.php\/2022\/06\/13\/oficial-mls-giorgio-chiellini-a-los-angeles-fc\/","title":{"rendered":"Oficial MLS: Giorgio Chiellini a Los Angeles FC"},"content":{"rendered":"<p><img src=\"http:\/\/hoycordobaweb.com\/wp-content\/uploads\/2022\/06\/oficial-mls-giorgio-chiellini-a-los-angeles-fc.jpg\"><\/p>\n<p><strong>A sus 37 a\u00f1os<\/strong>, el zaguero italiano <a alt=\"giorgio-chiellini\" class=\"slug\" href=\"https:\/\/www.ole.com.ar\/tema\/giorgio-chiellini.html\" target=\"_blank\" title=\"giorgio-chiellini\" rel=\"noopener noreferrer\"><strong>Giorgio Chiellini<\/strong> <\/a><strong>comenzar\u00e1 una nueva etapa en el f\u00fatbol norteamericano al comprometerse con Los Angeles FC<\/strong> hasta el final de la temporada 2023.<\/p>\n<p>Chiellini, quien <strong>se despidi\u00f3 en las \u00faltimas semanas tanto de la Juventus como de la selecci\u00f3n italiana<\/strong>, <mark>disfrutar\u00e1 de su primera experiencia internacional <\/mark>en un equipo que lidera el delantero mexicano Carlos Vela y que est\u00e1 \u00e1vido por lograr su primer t\u00edtulo de la liga norteamericana (<strong><a alt=\"major-league-soccer\" class=\"slug\" href=\"https:\/\/www.ole.com.ar\/tema\/major-league-soccer.html\" target=\"_blank\" title=\"major-league-soccer\" rel=\"noopener noreferrer\">MLS<\/a><\/strong>).<\/p>\n<p> \u00abPara nosotros era una oportunidad \u00fanica. No hay muchos jugadores en el mundo con su historial de victorias y su experiencia\u00bb, dijo John Thorrington, copresidente y m\u00e1nager general de Los Angeles FC (LAFC). \u00abCreemos que nos va a ayudar a competir y a ganar, tanto ahora como en el futuro\u00bb.<\/p>\n<p>El propio Chiellini subi\u00f3 este lunes a Twitter un v\u00eddeo en el que aparece con una gorra y una camiseta con el escudo del LAFC, acompa\u00f1ado del mensaje: <mark><strong>\u00abEl Pr\u00f3ximo Cap\u00edtulo\u00bb. Mir\u00e1.<\/strong><\/mark><\/p>\n<h2><mark><strong>Otra figura para la MLS<\/strong><\/mark><\/h2>\n<p>El emblem\u00e1tico ex capit\u00e1n de la Vecchia Signora sigue los pasos de otras figuras que se mudaron a la ciudad californiana en la recta final de sus carreras, como <strong><a alt=\"david-beckham\" class=\"slug\" href=\"https:\/\/www.ole.com.ar\/tema\/david-beckham.html\" target=\"_blank\" title=\"david-beckham\" rel=\"noopener noreferrer\">David Beckham<\/a><\/strong> y<a alt=\"zlatan-ibrahimovic\" class=\"slug\" href=\"https:\/\/www.ole.com.ar\/tema\/zlatan-ibrahimovic.html\" target=\"_blank\" title=\"zlatan-ibrahimovic\" rel=\"noopener noreferrer\"> <strong>Zlatan Ibrahimovic<\/strong><\/a>, que brillaron en el vecino LA Galaxy, as\u00ed como de ilustres compatriotas reclutados por la MLS como <strong><a alt=\"andrea-pirlo\" class=\"slug\" href=\"https:\/\/www.ole.com.ar\/tema\/andrea-pirlo.html\" target=\"_blank\" title=\"andrea-pirlo\" rel=\"noopener noreferrer\">Andrea Pirlo<\/a><\/strong>.<\/p>\n<p> Los reportes period\u00edsticos sobre este fichaje surgieron despu\u00e9s de que Chiellini anunciara en mayo que<strong> cerraba la p\u00e1gina a 17 temporadas en la Juventus<\/strong>, donde <mark>conquist\u00f3 nueve ligas seguidas y fue dos veces finalista de la Liga de Campeones<\/mark>. El 1 de junio, en el 0-3 ante Argentina en Wembley, dijo tambi\u00e9n adi\u00f3s a la selecci\u00f3n Azzurra despu\u00e9s de<strong> 117 partidos como internacional<\/strong>.<\/p>\n<div class=\"sp__Normal\">\n<div class=\"image-embeb image-trigger\" readability=\"6\">\n<picture><source media=\"(min-width: 720px)\" srcset=\"http:\/\/hoycordobaweb.com\/wp-content\/uploads\/2022\/06\/oficial-mls-giorgio-chiellini-a-los-angeles-fc-2.jpg\"><img itemprop=\"image\" src=\"http:\/\/hoycordobaweb.com\/wp-content\/uploads\/2022\/06\/oficial-mls-giorgio-chiellini-a-los-angeles-fc-2.jpg\" loading=\"lazy\" alt=\"El saludo de sus compa\u00f1eros de selecci\u00f3n italiana a Chellini tras despedirse de la Azzurra. (AP)\">\n<\/picture><figcaption readability=\"2\">\n<p>El saludo de sus compa\u00f1eros de selecci\u00f3n italiana a Chellini tras despedirse de la Azzurra. (AP)\n<\/p>\n<\/figcaption><\/div>\n<\/div>\n<p> De acuerdo con Thorrington, las conversaciones entre el entorno familiar del jugador y la joven franquicia californiana se remontan a meses atr\u00e1s y se intensificaron despu\u00e9s de que a finales de marzo la selecci\u00f3n italiana fracasara en el intento de clasificar a Qatar 2022. <mark>\u00abLa oportunidad se convirti\u00f3 en algo factible cuando Italia no se clasific\u00f3 para el Mundial<\/mark>. Entonces, sus representantes y nuestros ejecutivos y propietarios entraron en la conversaci\u00f3n\u00bb, se\u00f1al\u00f3 el directivo.<\/p>\n<div class=\"sp__Normal\">\n<div class=\"image-embeb image-trigger\" readability=\"7\">\n<picture><source media=\"(min-width: 720px)\" srcset=\"http:\/\/hoycordobaweb.com\/wp-content\/uploads\/2022\/06\/oficial-mls-giorgio-chiellini-a-los-angeles-fc-3.jpg\"><img itemprop=\"image\" src=\"http:\/\/hoycordobaweb.com\/wp-content\/uploads\/2022\/06\/oficial-mls-giorgio-chiellini-a-los-angeles-fc-3.jpg\" loading=\"lazy\" alt=\"Contra Messi, en la Final\u00edssima, la pas\u00f3 mal. (AFP)\">\n<\/picture><figcaption readability=\"4\">\n<p>Contra Messi, en la Final\u00edssima, la pas\u00f3 mal. (AFP)\n<\/p>\n<\/figcaption><\/div>\n<\/div>\n<h2> <mark><strong>\u00bfCu\u00e1ndo puede debutar?<\/strong><\/mark><\/h2>\n<p> El defensor se ha comprometido con el LAFC por el resto de este a\u00f1o y la temporada 2023 y <strong>se espera que pueda debutar tras la apertura oficial de la pr\u00f3xima ventana de fichajes el 7 de julio<\/strong>, se\u00f1al\u00f3 Thorrington. Solo un d\u00eda despu\u00e9s, el LAFC recibe al Galaxy del mexicano Javier &#8216;Chicharito&#8217; Hern\u00e1ndez en el derby de Los \u00c1ngeles.<\/p>\n<p> El equipo californiano conf\u00eda en que la experiencia y car\u00e1cter ganador del expeditivo central apuntalen a una escuadra que <strong>encabeza la clasificaci\u00f3n de la MLS con 29 puntos en 14 jornadas<\/strong>.<\/p>\n<div class=\"sp__Normal\">\n<div class=\"image-embeb image-trigger\" readability=\"6\">\n<picture><source media=\"(min-width: 720px)\" srcset=\"http:\/\/hoycordobaweb.com\/wp-content\/uploads\/2022\/06\/oficial-mls-giorgio-chiellini-a-los-angeles-fc-4.jpg\"><img itemprop=\"image\" src=\"http:\/\/hoycordobaweb.com\/wp-content\/uploads\/2022\/06\/oficial-mls-giorgio-chiellini-a-los-angeles-fc-4.jpg\" loading=\"lazy\" alt=\"Su despedida de la Juventus. (EFE)\">\n<\/picture><figcaption readability=\"2\">\n<p>Su despedida de la Juventus. (EFE)\n<\/p>\n<\/figcaption><\/div>\n<\/div>\n<p>Thorrington se mostr\u00f3 tambi\u00e9n convencido de que la edad del zaguero, que cumplir\u00e1 38 a\u00f1os en agosto, y <mark>sus recientes problemas musculares no ser\u00e1n impedimento para que marque diferencias para su plantel<\/mark>. \u00abNo har\u00eda este fichaje si no lo creyera. Con nuestro personal y recursos, as\u00ed como la profesionalidad de Giorgio, seremos capaces de gestionarlo de una manera que lo sit\u00fae a \u00e9l y al LAFC en el camino del \u00e9xito\u00bb, se\u00f1al\u00f3.<\/p>\n<h2> <mark><strong>\u00bfC\u00f3mo viene la franquicia en 2022?<\/strong><\/mark><\/h2>\n<p> <strong>El LAFC ha repuntado con fuerza esta temporada tras quedarse fuera de playoffs el a\u00f1o pasado por primera vez desde 2018<\/strong>, <mark>campa\u00f1a en la que se incorpor\u00f3 a la liga<\/mark>. Presidida por el productor cinematogr\u00e1fico Peter Guber, la franquicia cuenta con numerosas personalidades locales entre sus accionistas como el legendario basquetbolista Magic Johnson y el actor Will Ferrell.<\/p>\n<p> A diferencia del Galaxy, el LAFC no se ha distinguido por intentar atraer a veteranas estrellas del f\u00fatbol internacional sino que ha tratado de rodear a Carlos Vela de j\u00f3venes valores principalmente de Sudam\u00e9rica, como lo son ahora el uruguayo Brian Rodr\u00edguez o el colombiano Cristian Arango.<\/p>\n<p> <mark>El aterrizaje de Chiellini coincidir\u00e1 con otro de los grandes fichajes del a\u00f1o en la MLS, el de su compatriota Lorenzo Insigne<\/mark>. A sus 31 a\u00f1os, el delantero cambiar\u00e1 el Napoli por el Toronto FC en una operaci\u00f3n que, seg\u00fan Thorrington, prueba tambi\u00e9n la creciente capacidad de atracci\u00f3n de su liga. \u00abCreo que la MLS se est\u00e1 convirtiendo en un destino cada vez m\u00e1s atractivo para todo tipo de jugadores con cada a\u00f1o que pasa, ya sean j\u00f3venes con talento o estrellas de Europa\u00bb, sostuvo el ejecutivo.<\/p>\n<div class=\"entry-tags\">\n<h2>TEMAS QUE APARECEN EN ESTA NOTA<\/h2>\n<\/p><\/div>\n","protected":false},"excerpt":{"rendered":"<p>A sus 37 a\u00f1os, el zaguero italiano Giorgio Chiellini comenzar\u00e1 una nueva etapa en el f\u00fatbol norteamericano al comprometerse con Los Angeles FC hasta el final de la temporada 2023. Chiellini, quien se despidi\u00f3 en las \u00faltimas semanas tanto de la Juventus como de la selecci\u00f3n italiana, disfrutar\u00e1 de su primera experiencia internacional en un [&hellip;]<\/p>\n","protected":false},"author":1,"featured_media":43071,"comment_status":"open","ping_status":"closed","sticky":false,"template":"","format":"standard","meta":[],"categories":[16],"tags":[],"_links":{"self":[{"href":"http:\/\/hoycordobaweb.com\/index.php\/wp-json\/wp\/v2\/posts\/43070"}],"collection":[{"href":"http:\/\/hoycordobaweb.com\/index.php\/wp-json\/wp\/v2\/posts"}],"about":[{"href":"http:\/\/hoycordobaweb.com\/index.php\/wp-json\/wp\/v2\/types\/post"}],"author":[{"embeddable":true,"href":"http:\/\/hoycordobaweb.com\/index.php\/wp-json\/wp\/v2\/users\/1"}],"replies":[{"embeddable":true,"href":"http:\/\/hoycordobaweb.com\/index.php\/wp-json\/wp\/v2\/comments?post=43070"}],"version-history":[{"count":0,"href":"http:\/\/hoycordobaweb.com\/index.php\/wp-json\/wp\/v2\/posts\/43070\/revisions"}],"wp:featuredmedia":[{"embeddable":true,"href":"http:\/\/hoycordobaweb.com\/index.php\/wp-json\/wp\/v2\/media\/43071"}],"wp:attachment":[{"href":"http:\/\/hoycordobaweb.com\/index.php\/wp-json\/wp\/v2\/media?parent=43070"}],"wp:term":[{"taxonomy":"category","embeddable":true,"href":"http:\/\/hoycordobaweb.com\/index.php\/wp-json\/wp\/v2\/categories?post=43070"},{"taxonomy":"post_tag","embeddable":true,"href":"http:\/\/hoycordobaweb.com\/index.php\/wp-json\/wp\/v2\/tags?post=43070"}],"curies":[{"name":"wp","href":"https:\/\/api.w.org\/{rel}","templated":true}]}}