{"id":43066,"date":"2022-06-13T14:24:37","date_gmt":"2022-06-13T14:24:37","guid":{"rendered":"https:\/\/www.ole.com.ar\/tenis\/djokovic-nadal-federer-ranking-atp_0_i2DQf2ZiPv.html"},"modified":"2022-06-13T14:24:37","modified_gmt":"2022-06-13T14:24:37","slug":"inedito-ni-djokovic-ni-nadal-ni-federer-entre-los-tres-primeros","status":"publish","type":"post","link":"http:\/\/hoycordobaweb.com\/index.php\/2022\/06\/13\/inedito-ni-djokovic-ni-nadal-ni-federer-entre-los-tres-primeros\/","title":{"rendered":"In\u00e9dito: ni Djokovic, ni Nadal ni Federer entre los tres primeros"},"content":{"rendered":"<p><img src=\"http:\/\/hoycordobaweb.com\/wp-content\/uploads\/2022\/06\/inedito-ni-djokovic-ni-nadal-ni-federer-entre-los-tres-primeros.jpg\"><\/p>\n<p>En los \u00faltimos 20 a\u00f1os, <strong><a alt=\"novak-djokovic\" class=\"slug\" href=\"https:\/\/www.ole.com.ar\/tema\/novak-djokovic.html\" target=\"_blank\" title=\"novak-djokovic\" rel=\"noopener noreferrer\">Novak Djokovic<\/a><\/strong>, <strong><a alt=\"rafael-nadal\" class=\"slug\" href=\"https:\/\/www.ole.com.ar\/tema\/rafael-nadal.html\" target=\"_blank\" title=\"rafael-nadal\" rel=\"noopener noreferrer\">Rafael Nadal<\/a><\/strong> y <strong><a alt=\"roger-federer\" class=\"slug\" href=\"https:\/\/www.ole.com.ar\/tema\/roger-federer.html\" target=\"_blank\" title=\"roger-federer\" rel=\"noopener noreferrer\">Roger Federer<\/a><\/strong> <strong>fueron los absolutos dominadores del tenis mundial<\/strong>. El Big 3 s\u00f3lo corri\u00f3 peligro con las apariciones de Andy Murray y Mart\u00edn Del Potro. Pero resistieron contra viento y marea a todos los rivales y tambi\u00e9n a sus propias lesiones. Sin embargo, parece que esa supremac\u00eda lleg\u00f3 a su fin. Este lunes se conoci\u00f3 el nuevo ranking del ATP Tour y <strong>ninguno de los tres figura entre los dos primeros, algo que no suced\u00eda&nbsp;desde hace 19 a\u00f1os.<\/strong><\/p>\n<h2><strong>Roger en ca\u00edda libre<\/strong><\/h2>\n<p><strong>El descenso m\u00e1s pronunciado es el de Federer, que ahora figura 68\u00b0.<\/strong> Algo entendible debido a la inactividad por su lesi\u00f3n. Y hay un dato que impacta: <strong>sali\u00f3 por primera vez del Top 50 despu\u00e9s de casi \u00a123 a\u00f1os!<\/strong> Lo que se dice vigencia en el m\u00e1s alto nivel pese a que su \u00faltima aparici\u00f3n en el circuito fue en julio del 2021, en el Abierto de&nbsp;Wimbledon. La \u00faltima vez que Roger no estuvo dentro de los mejores 50 del ranking fue en octubre de 1999.<\/p>\n<div class=\"sp__Normal\">\n<div class=\"image-embeb image-trigger\" readability=\"6\">\n<picture><source media=\"(min-width: 720px)\" srcset=\"http:\/\/hoycordobaweb.com\/wp-content\/uploads\/2022\/06\/inedito-ni-djokovic-ni-nadal-ni-federer-entre-los-tres-primeros-2.jpg\"><img itemprop=\"image\" src=\"http:\/\/hoycordobaweb.com\/wp-content\/uploads\/2022\/06\/inedito-ni-djokovic-ni-nadal-ni-federer-entre-los-tres-primeros-2.jpg\" loading=\"lazy\" alt=\"Federer se entrena para volver al circuito.\">\n<\/picture><figcaption readability=\"2\">\n<p>Federer se entrena para volver al circuito.\n<\/p>\n<\/figcaption><\/div>\n<\/div>\n<div class=\"sp__SM\">\n<div class=\"content-new \">\n<span class=\"tit-mobile\">Mir\u00e1 tambi\u00e9n<\/span><\/p>\n<div class=\"mg\">\n<div class=\"wrap-figure\">\n<picture>\n<a href=\"https:\/\/www.ole.com.ar\/tenis\/federer-continuidad-futuro-lesion_0_tOHmq5H2jJ.html\" target=\"_self\" rel=\"noopener noreferrer\"><br \/>\n<img class=\"img-responsive\" alt=\"Qu\u00e9 dijo Federer sobre su vuelta al tenis\" src=\"http:\/\/hoycordobaweb.com\/wp-content\/uploads\/2022\/06\/inedito-ni-djokovic-ni-nadal-ni-federer-entre-los-tres-primeros-3.jpg\" loading=\"lazy\"><br \/>\n<\/a>\n<\/picture>\n<\/div>\n<\/div><\/div>\n<\/div>\n<h2><strong>Djokovic en baja<\/strong><\/h2>\n<p>Ya se sab\u00eda que, por su derrota en los cuartos de final de Roland Garros ante Rafa Nadal, a Nole se le iban a ir los puntos conseguidos el a\u00f1o pasado en el Abierto parisino, cuando se consagr\u00f3 campe\u00f3n. Lo que sucedi\u00f3 es que perdi\u00f3 bastante terreno y <strong>no s\u00f3lo le cedi\u00f3 el primer lugar del ranking al ruso Daniil Medvedev sino que apareci\u00f3 tercero, quedando el alem\u00e1n Alexander Zverev en el segundo lugar.<\/strong><\/p>\n<p>Igualmente, <strong>\u200bel serbio es due\u00f1o del r\u00e9cord de permanencia en la cima del ATP Tour con 373 semanas (63 m\u00e1s que Federer). <\/strong>\u00bfPodr\u00e1 volver a ser el N\u00b01en el corto plazo? Parece dif\u00edcil luego de la medida del ATP de que <a data-cke-saved-href=\"https:\/\/www.ole.com.ar\/tenis\/wimbledon-premios-millones-dolares-ganar_0_pI4Km1QBhK.html\" target=\"_blank\" href=\"https:\/\/www.ole.com.ar\/tenis\/wimbledon-premios-millones-dolares-ganar_0_pI4Km1QBhK.html\" rel=\"noopener noreferrer\"><strong>Wimbledon<\/strong><\/a> no sume puntos como sanci\u00f3n por no permitirle jugar el torneo a rusos y bielorrusos.<\/p>\n<div class=\"sp__Normal\">\n<div class=\"image-embeb image-trigger\" readability=\"6\">\n<picture><source media=\"(min-width: 720px)\" srcset=\"http:\/\/hoycordobaweb.com\/wp-content\/uploads\/2022\/06\/inedito-ni-djokovic-ni-nadal-ni-federer-entre-los-tres-primeros-4.jpg\"><img itemprop=\"image\" src=\"http:\/\/hoycordobaweb.com\/wp-content\/uploads\/2022\/06\/inedito-ni-djokovic-ni-nadal-ni-federer-entre-los-tres-primeros-4.jpg\" loading=\"lazy\" alt=\"Nole perdi\u00f3 el N\u00b01 en Roland Garros.\">\n<\/picture><figcaption readability=\"2\">\n<p>Nole perdi\u00f3 el N\u00b01 en Roland Garros.\n<\/p>\n<\/figcaption><\/div>\n<\/div>\n<h2><strong>Nadal se mantiene<\/strong><\/h2>\n<p>El triunfo en Roland Garros, <a data-cke-saved-href=\"https:\/\/www.ole.com.ar\/tenis\/14-roland-garros-nadal-titulos_0_9jiJDnnyDd.html\" target=\"_blank\" href=\"https:\/\/www.ole.com.ar\/tenis\/14-roland-garros-nadal-titulos_0_9jiJDnnyDd.html\" rel=\"noopener noreferrer\"><strong>nada menos que el 14\u00b0 t\u00edtulo de su cosecha en dicho Grand Slam, <\/strong><\/a>le asegur\u00f3 a Rafa mantener el cuarto puesto en el ranking ATP. El tenista espa\u00f1ol, por los problemas f\u00edsicos que viene arrastrando en los \u00faltimos tiempos, juega casi la mitad de los torneos que los otros integrantes del top ten del tenis.<\/p>\n<p>Nadal se encuentra en pleno trabajo de rehabilitaci\u00f3n para mejorar el problema que tiene en su pie izquierdo y que <a data-cke-saved-href=\"https:\/\/www.ole.com.ar\/tenis\/rafael-nadal-roland-garros-lesion-pie_0_eIvWxoe4wH.html\" target=\"_blank\" href=\"https:\/\/www.ole.com.ar\/tenis\/rafael-nadal-roland-garros-lesion-pie_0_eIvWxoe4wH.html\" rel=\"noopener noreferrer\"><strong>lo oblig\u00f3 a infiltrarse para poder estar presente en Roland Garros.<\/strong><\/a><\/p>\n<div class=\"sp__Normal\">\n<div class=\"image-embeb image-trigger\" readability=\"6\">\n<picture><source media=\"(min-width: 720px)\" srcset=\"http:\/\/hoycordobaweb.com\/wp-content\/uploads\/2022\/06\/inedito-ni-djokovic-ni-nadal-ni-federer-entre-los-tres-primeros-5.jpg\"><img itemprop=\"image\" src=\"http:\/\/hoycordobaweb.com\/wp-content\/uploads\/2022\/06\/inedito-ni-djokovic-ni-nadal-ni-federer-entre-los-tres-primeros-5.jpg\" loading=\"lazy\" alt=\"Nadal gan\u00f3 Roland Garros.\">\n<\/picture><figcaption readability=\"2\">\n<p>Nadal gan\u00f3 Roland Garros.\n<\/p>\n<\/figcaption><\/div>\n<\/div>\n<div class=\"sp__SM\">\n<div class=\"content-new \">\n<span class=\"tit-mobile\">Mir\u00e1 tambi\u00e9n<\/span><\/p>\n<div class=\"mg\">\n<div class=\"wrap-figure\">\n<picture>\n<a href=\"https:\/\/www.ole.com.ar\/tenis\/nadal-roland-garros-final-ruud_0_2LPq6psz07.html\" target=\"_self\" rel=\"noopener noreferrer\"><br \/>\n<img class=\"img-responsive\" alt=\"Cada vez m\u00e1s gigante: Nadal aplast\u00f3 a Ruud en la final y gan\u00f3 su 14\u00ba Roland Garros\" src=\"http:\/\/hoycordobaweb.com\/wp-content\/uploads\/2022\/06\/inedito-ni-djokovic-ni-nadal-ni-federer-entre-los-tres-primeros-6.jpg\" loading=\"lazy\"><br \/>\n<\/a>\n<\/picture>\n<\/div>\n<\/div><\/div>\n<\/div>\n<div class=\"sp__SM\">\n<div class=\"content-new \">\n<span class=\"tit-mobile\">Mir\u00e1 tambi\u00e9n<\/span><\/p>\n<div class=\"mg\">\n<div class=\"wrap-figure\">\n<picture>\n<a href=\"https:\/\/www.ole.com.ar\/tenis\/nadal-nicolas-almagro-profecia-viral_0_VMPotz1xLc.html\" target=\"_self\" rel=\"noopener noreferrer\"><br \/>\n<img class=\"img-responsive\" alt=\"\u00bfQu\u00e9 dijo Nico Almagro de su profec\u00eda sobre Rafa Nadal que se hizo viral?\" src=\"http:\/\/hoycordobaweb.com\/wp-content\/uploads\/2022\/06\/inedito-ni-djokovic-ni-nadal-ni-federer-entre-los-tres-primeros-7.jpg\" loading=\"lazy\"><br \/>\n<\/a>\n<\/picture>\n<\/div>\n<\/div><\/div>\n<\/div>\n<h2><strong>\u00bfY los argentinos?<\/strong><\/h2>\n<p>En el caso de los tenistas argentinos, <strong><a alt=\"diego-schwartzman\" class=\"slug\" href=\"https:\/\/www.ole.com.ar\/tema\/diego-schwartzman.html\" target=\"_blank\" title=\"diego-schwartzman\" rel=\"noopener noreferrer\">Peque Schwartzman<\/a><\/strong>, e mejor del pa\u00eds, descendi\u00f3 un escal\u00f3n para figurar en el puesto 16\u00b0. <strong>Sebasti\u00e1n B\u00e1ez<\/strong>, en tanto, subi\u00f3 dos posiciones y ahora figura 34\u00b0. Y el que completa el tr\u00edo de argentinos en el top 100 es <strong>Tom\u00e1s Mart\u00edn Etcheverry<\/strong>, que aparece 80\u00b0.<\/p>\n<div class=\"sp__Normal\">\n<div class=\"image-embeb image-trigger\">\n<picture><source media=\"(min-width: 720px)\" srcset=\"http:\/\/hoycordobaweb.com\/wp-content\/uploads\/2022\/06\/inedito-ni-djokovic-ni-nadal-ni-federer-entre-los-tres-primeros-8.jpg\"><img itemprop=\"image\" src=\"http:\/\/hoycordobaweb.com\/wp-content\/uploads\/2022\/06\/inedito-ni-djokovic-ni-nadal-ni-federer-entre-los-tres-primeros-8.jpg\" loading=\"lazy\" alt=\"Schwartzman est\u00e1 16\u00b0.\">\n<\/picture><figcaption>\n<p>Schwartzman est\u00e1 16\u00b0.\n<\/p>\n<\/figcaption><\/div>\n<\/div>\n<div class=\"entry-tags\">\n<h2>TEMAS QUE APARECEN EN ESTA NOTA<\/h2>\n<\/p><\/div>\n","protected":false},"excerpt":{"rendered":"<p>En los \u00faltimos 20 a\u00f1os, Novak Djokovic, Rafael Nadal y Roger Federer fueron los absolutos dominadores del tenis mundial. El Big 3 s\u00f3lo corri\u00f3 peligro con las apariciones de Andy Murray y Mart\u00edn Del Potro. Pero resistieron contra viento y marea a todos los rivales y tambi\u00e9n a sus propias lesiones. Sin embargo, parece que [&hellip;]<\/p>\n","protected":false},"author":1,"featured_media":43067,"comment_status":"open","ping_status":"closed","sticky":false,"template":"","format":"standard","meta":[],"categories":[16],"tags":[],"_links":{"self":[{"href":"http:\/\/hoycordobaweb.com\/index.php\/wp-json\/wp\/v2\/posts\/43066"}],"collection":[{"href":"http:\/\/hoycordobaweb.com\/index.php\/wp-json\/wp\/v2\/posts"}],"about":[{"href":"http:\/\/hoycordobaweb.com\/index.php\/wp-json\/wp\/v2\/types\/post"}],"author":[{"embeddable":true,"href":"http:\/\/hoycordobaweb.com\/index.php\/wp-json\/wp\/v2\/users\/1"}],"replies":[{"embeddable":true,"href":"http:\/\/hoycordobaweb.com\/index.php\/wp-json\/wp\/v2\/comments?post=43066"}],"version-history":[{"count":0,"href":"http:\/\/hoycordobaweb.com\/index.php\/wp-json\/wp\/v2\/posts\/43066\/revisions"}],"wp:featuredmedia":[{"embeddable":true,"href":"http:\/\/hoycordobaweb.com\/index.php\/wp-json\/wp\/v2\/media\/43067"}],"wp:attachment":[{"href":"http:\/\/hoycordobaweb.com\/index.php\/wp-json\/wp\/v2\/media?parent=43066"}],"wp:term":[{"taxonomy":"category","embeddable":true,"href":"http:\/\/hoycordobaweb.com\/index.php\/wp-json\/wp\/v2\/categories?post=43066"},{"taxonomy":"post_tag","embeddable":true,"href":"http:\/\/hoycordobaweb.com\/index.php\/wp-json\/wp\/v2\/tags?post=43066"}],"curies":[{"name":"wp","href":"https:\/\/api.w.org\/{rel}","templated":true}]}}