{"id":43048,"date":"2022-06-12T12:50:00","date_gmt":"2022-06-12T12:50:00","guid":{"rendered":"https:\/\/fm-comunicar.com.ar\/contenido\/19294\/gianfranco-presti-y-carina-cuevas-ganaron-la-maraton-san-antonio-de-padua"},"modified":"2022-06-12T12:50:00","modified_gmt":"2022-06-12T12:50:00","slug":"gianfranco-presti-y-carina-cuevas-ganaron-la-maraton-san-antonio-de-padua","status":"publish","type":"post","link":"http:\/\/hoycordobaweb.com\/index.php\/2022\/06\/12\/gianfranco-presti-y-carina-cuevas-ganaron-la-maraton-san-antonio-de-padua\/","title":{"rendered":"Gianfranco Presti y Carina Cuevas ganaron la Marat\u00f3n San Antonio de Padua"},"content":{"rendered":"<p>El reconocido atleta cordob\u00e9s particip\u00f3 por primera vez de la competencia caroyense y emple\u00f3 31 minutos para hacer los 10K. La mujer m\u00e1s veloz lo hizo en 38 minutos. Compitieron 300 atletas.<img src=\"http:\/\/hoycordobaweb.com\/wp-content\/uploads\/2022\/06\/gianfranco-presti-y-carina-cuevas-ganaron-la-maraton-san-antonio-de-padua.jpg\"><\/p>\n","protected":false},"excerpt":{"rendered":"<p>El reconocido atleta cordob\u00e9s particip\u00f3 por primera vez de la competencia caroyense y emple\u00f3 31 minutos para hacer los 10K. La mujer m\u00e1s veloz lo hizo en 38 minutos. Compitieron 300 atletas.<\/p>\n","protected":false},"author":1,"featured_media":43049,"comment_status":"closed","ping_status":"closed","sticky":false,"template":"","format":"standard","meta":[],"categories":[16,18],"tags":[],"_links":{"self":[{"href":"http:\/\/hoycordobaweb.com\/index.php\/wp-json\/wp\/v2\/posts\/43048"}],"collection":[{"href":"http:\/\/hoycordobaweb.com\/index.php\/wp-json\/wp\/v2\/posts"}],"about":[{"href":"http:\/\/hoycordobaweb.com\/index.php\/wp-json\/wp\/v2\/types\/post"}],"author":[{"embeddable":true,"href":"http:\/\/hoycordobaweb.com\/index.php\/wp-json\/wp\/v2\/users\/1"}],"replies":[{"embeddable":true,"href":"http:\/\/hoycordobaweb.com\/index.php\/wp-json\/wp\/v2\/comments?post=43048"}],"version-history":[{"count":0,"href":"http:\/\/hoycordobaweb.com\/index.php\/wp-json\/wp\/v2\/posts\/43048\/revisions"}],"wp:featuredmedia":[{"embeddable":true,"href":"http:\/\/hoycordobaweb.com\/index.php\/wp-json\/wp\/v2\/media\/43049"}],"wp:attachment":[{"href":"http:\/\/hoycordobaweb.com\/index.php\/wp-json\/wp\/v2\/media?parent=43048"}],"wp:term":[{"taxonomy":"category","embeddable":true,"href":"http:\/\/hoycordobaweb.com\/index.php\/wp-json\/wp\/v2\/categories?post=43048"},{"taxonomy":"post_tag","embeddable":true,"href":"http:\/\/hoycordobaweb.com\/index.php\/wp-json\/wp\/v2\/tags?post=43048"}],"curies":[{"name":"wp","href":"https:\/\/api.w.org\/{rel}","templated":true}]}}