{"id":43010,"date":"2022-06-12T14:12:32","date_gmt":"2022-06-12T14:12:32","guid":{"rendered":"https:\/\/www.ole.com.ar\/futbol-internacional\/cambios-reglamentarios-qatar_0_Epd2UkmDUP.html"},"modified":"2022-06-12T14:12:32","modified_gmt":"2022-06-12T14:12:32","slug":"los-cambios-reglamentarios-que-se-vienen-antes-de-qatar","status":"publish","type":"post","link":"http:\/\/hoycordobaweb.com\/index.php\/2022\/06\/12\/los-cambios-reglamentarios-que-se-vienen-antes-de-qatar\/","title":{"rendered":"Los cambios reglamentarios que se vienen antes de Qatar"},"content":{"rendered":"<p><img src=\"http:\/\/hoycordobaweb.com\/wp-content\/uploads\/2022\/06\/los-cambios-reglamentarios-que-se-vienen-antes-de-qatar.jpg\"><\/p>\n<p>La <a alt=\"international-board\" class=\"slug\" href=\"https:\/\/www.ole.com.ar\/tema\/international-board.html\" target=\"_blank\" title=\"international-board\" rel=\"noopener noreferrer\">International Football Association Board<\/a> (IFAB), asociaci\u00f3n encargada de definir las reglas del f\u00fatbol, se reunir\u00e1 este lunes en Doha, capital de Qatar, para celebrar su 136\u00aa asamblea general anual y evaluar\u00e1 la permanencia de tres cambios reglamentarios en la previa del <a alt=\"mundial-qatar-2022\" class=\"slug\" href=\"https:\/\/www.ole.com.ar\/tema\/mundial-qatar-2022.html\" target=\"_blank\" title=\"mundial-qatar-2022\" rel=\"noopener noreferrer\">Mundial<\/a>:<strong> la efectividad del fuera de juego semiautom\u00e1tico, el principio durable de los cinco cambios y las manos en el \u00e1rea.<\/strong><\/p>\n<h2><strong>Fuera de juego semiautom\u00e1tico<\/strong><\/h2>\n<div class=\"sp__Normal\">\n<div class=\"image-embeb image-trigger\" readability=\"6\">\n<picture><source media=\"(min-width: 720px)\" srcset=\"http:\/\/hoycordobaweb.com\/wp-content\/uploads\/2022\/06\/los-cambios-reglamentarios-que-se-vienen-antes-de-qatar-2.jpg\"><img itemprop=\"image\" src=\"http:\/\/hoycordobaweb.com\/wp-content\/uploads\/2022\/06\/los-cambios-reglamentarios-que-se-vienen-antes-de-qatar-2.jpg\" loading=\"lazy\" alt=\"M\u00e1s herramientas para calcular el offside (AP).\">\n<\/picture><figcaption readability=\"2\">\n<p>M\u00e1s herramientas para calcular el offside (AP).\n<\/p>\n<\/figcaption><\/div>\n<\/div>\n<p>Esta tecnolog\u00eda fue implementada en la Copa \u00c1rabe y en el \u00faltimo Mundial de Clubes, y consiste en&nbsp;im\u00e1genes (captadas a trav\u00e9s de c\u00e1maras y patrones sensoriales) que <strong>se env\u00edan de forma casi instant\u00e1nea a las computadoras del VAR y sirven&nbsp;de apoyo para que los \u00e1rbitros luego tomen la decisi\u00f3n final.<\/strong> Si bien la FIFA mantiene su objetivo de aplicarla, por el momento no es una norma oficial.<\/p>\n<div class=\"sp__SM\">\n<div class=\"content-new \">\n<span class=\"tit-mobile\">Mir\u00e1 tambi\u00e9n<\/span><\/p>\n<div class=\"mg\">\n<div class=\"wrap-figure\">\n<picture>\n<a href=\"https:\/\/www.ole.com.ar\/futbol-internacional\/america\/ecuador-triunfo-byron-castillo-cabo-verd_0_z7gbO7pgLk.html\" target=\"_self\" rel=\"noopener noreferrer\"><br \/>\n<img class=\"img-responsive\" alt=\"Otro triunfo para Ecuador: festejo ante Cabo Verde y con Byron Castillo de titular\" src=\"http:\/\/hoycordobaweb.com\/wp-content\/uploads\/2022\/06\/los-cambios-reglamentarios-que-se-vienen-antes-de-qatar-3.jpg\" loading=\"lazy\"><br \/>\n<\/a>\n<\/picture>\n<\/div>\n<\/div><\/div>\n<\/div>\n<p>De cualquier manera, la International Board<strong> no decidir\u00e1 este&nbsp;lunes si el fuera de juego semiautom\u00e1tico ser\u00e1 utilizado en el Mundial de Qatar,<\/strong> algo que es potestad de la FIFA, el organizador.&nbsp;\u00abEl sistema del fuera de juego semiautom\u00e1tico tiene que ser todav\u00eda evaluado antes de la toma de una decisi\u00f3n final\u00bb, dijeron desde la Federaci\u00f3n Internacional de F\u00fatbol Asociado.<\/p>\n<div class=\"sp__SM\">\n<div class=\"content-new \">\n<span class=\"tit-mobile\">Mir\u00e1 tambi\u00e9n<\/span><\/p>\n<div class=\"mg\">\n<div class=\"wrap-figure\">\n<picture>\n<a href=\"https:\/\/www.ole.com.ar\/futbol-internacional\/america\/gignac-hincha-mexicano-funes-mori-_0_gSZlepvpBm.html\" target=\"_self\" rel=\"noopener noreferrer\"><br \/>\n<img class=\"img-responsive\" alt=\"La foto de Gignac que usaron en M\u00e9xico para criticar a Funes Mori\" src=\"http:\/\/hoycordobaweb.com\/wp-content\/uploads\/2022\/06\/los-cambios-reglamentarios-que-se-vienen-antes-de-qatar-4.jpg\" loading=\"lazy\"><br \/>\n<\/a>\n<\/picture>\n<\/div>\n<\/div><\/div>\n<\/div>\n<p>Vale recordar que el videoarbitraje ya fue utilizado en el Mundial pasado, en Rusia 2018, y se tratar\u00eda de \u00abuna herramienta adicional para el VAR\u00bb y no de una nueva regla, precisa la FIFA a la AFP.<\/p>\n<h2><strong>Cinco cambios<\/strong><\/h2>\n<div class=\"sp__Normal\">\n<div class=\"image-embeb image-trigger\" readability=\"6\">\n<picture><source media=\"(min-width: 720px)\" srcset=\"http:\/\/hoycordobaweb.com\/wp-content\/uploads\/2022\/06\/los-cambios-reglamentarios-que-se-vienen-antes-de-qatar-5.jpg\"><img itemprop=\"image\" src=\"http:\/\/hoycordobaweb.com\/wp-content\/uploads\/2022\/06\/los-cambios-reglamentarios-que-se-vienen-antes-de-qatar-5.jpg\" loading=\"lazy\" alt=\"La IFAB ratific\u00f3 los cinco cambios por equipo. Foto: FIFA.com.\">\n<\/picture><figcaption readability=\"2\">\n<p>La IFAB ratific\u00f3 los cinco cambios por equipo. Foto: FIFA.com.\n<\/p>\n<\/figcaption><\/div>\n<\/div>\n<p> La asamblea general de la IFAB tambi\u00e9n podr\u00eda validar los cinco cambios por equipo, ya practicados en muchos pa\u00edses -incluso la Argentina- a partir de la pandemia del coronavirus.&nbsp;En octubre de 2021, la Board hab\u00eda dejado la opci\u00f3n de aplicarlo a cada competici\u00f3n.&nbsp;La medida fue prolongada hasta el 31 de diciembre de 2022, despu\u00e9s de un \u00aban\u00e1lisis global del impacto actual del covid-19 en el f\u00fatbol\u00bb.<\/p>\n<div class=\"sp__SM\">\n<div class=\"content-new \">\n<span class=\"tit-mobile\">Mir\u00e1 tambi\u00e9n<\/span><\/p>\n<div class=\"mg\">\n<div class=\"wrap-figure\">\n<picture>\n<a href=\"https:\/\/www.ole.com.ar\/futbol-internacional\/espana\/estadi-allegiant-barcelona-madrid_0_6HgtlPdvdp.html\" target=\"_self\" rel=\"noopener noreferrer\"><br \/>\n<img class=\"img-responsive\" alt=\"El impactante estadio donde jugar\u00e1n el Real Madrid y el Barcelona\" src=\"http:\/\/hoycordobaweb.com\/wp-content\/uploads\/2022\/06\/los-cambios-reglamentarios-que-se-vienen-antes-de-qatar-6.jpg\" loading=\"lazy\"><br \/>\n<\/a>\n<\/picture>\n<\/div>\n<\/div><\/div>\n<\/div>\n<p>No todas las competiciones optaron por este aumento en el n\u00famero de cambios, siendo la <a alt=\"premier-league\" class=\"slug\" href=\"https:\/\/www.ole.com.ar\/tema\/premier-league.html\" target=\"_blank\" title=\"premier-league\" rel=\"noopener noreferrer\">Premier League<\/a> la principal opositora.<\/p>\n<h2><strong>Lista de 26 para Qatar<\/strong><\/h2>\n<p>Dentro de la agenda oficial no fue especificado, pero otro de los temas tratados ser\u00e1 si finalmente se aprueba <strong>el cambio en la listas oficiales para el Mundial de Qatar con la ampliaci\u00f3n de 23 a 26 futbolistas,<\/strong> tambi\u00e9n como una consecuencias de los efectos de la pandemia.<\/p>\n<h2><strong>Manos en el \u00e1rea y m\u00e1s<\/strong><\/h2>\n<div class=\"sp__Normal\">\n<div class=\"image-embeb image-trigger\" readability=\"6\">\n<picture><source media=\"(min-width: 720px)\" srcset=\"http:\/\/hoycordobaweb.com\/wp-content\/uploads\/2022\/06\/los-cambios-reglamentarios-que-se-vienen-antes-de-qatar-7.jpg\"><img itemprop=\"image\" src=\"http:\/\/hoycordobaweb.com\/wp-content\/uploads\/2022\/06\/los-cambios-reglamentarios-que-se-vienen-antes-de-qatar-7.jpg\" loading=\"lazy\" alt=\"Las manos siguen generando pol\u00e9micas.\">\n<\/picture><figcaption readability=\"2\">\n<p>Las manos siguen generando pol\u00e9micas.\n<\/p>\n<\/figcaption><\/div>\n<\/div>\n<p>Tambi\u00e9n podr\u00eda tratarse<strong> la aclaraci\u00f3n de la regla de las manos en el \u00e1rea, <\/strong>que provoca todav\u00eda penales mal entendidos y protestados, adem\u00e1s de muchas pol\u00e9micas. Otros temas:&nbsp;la regla 11, relativa al fuera de fuego y&nbsp;los test de sustituciones en casos de conmoci\u00f3n.&nbsp;La FIFA tiene cuatro votos sobre ocho en las decisiones de la IFAB, siendo los otros cuatro propiedad hist\u00f3rica de las federaciones inglesa, galesa, escocesa e irlandesa.<\/p>\n<div class=\"entry-tags\">\n<h2>TEMAS QUE APARECEN EN ESTA NOTA<\/h2>\n<\/p><\/div>\n","protected":false},"excerpt":{"rendered":"<p>La International Football Association Board (IFAB), asociaci\u00f3n encargada de definir las reglas del f\u00fatbol, se reunir\u00e1 este lunes en Doha, capital de Qatar, para celebrar su 136\u00aa asamblea general anual y evaluar\u00e1 la permanencia de tres cambios reglamentarios en la previa del Mundial: la efectividad del fuera de juego semiautom\u00e1tico, el principio durable de los [&hellip;]<\/p>\n","protected":false},"author":1,"featured_media":43011,"comment_status":"open","ping_status":"closed","sticky":false,"template":"","format":"standard","meta":[],"categories":[16],"tags":[],"_links":{"self":[{"href":"http:\/\/hoycordobaweb.com\/index.php\/wp-json\/wp\/v2\/posts\/43010"}],"collection":[{"href":"http:\/\/hoycordobaweb.com\/index.php\/wp-json\/wp\/v2\/posts"}],"about":[{"href":"http:\/\/hoycordobaweb.com\/index.php\/wp-json\/wp\/v2\/types\/post"}],"author":[{"embeddable":true,"href":"http:\/\/hoycordobaweb.com\/index.php\/wp-json\/wp\/v2\/users\/1"}],"replies":[{"embeddable":true,"href":"http:\/\/hoycordobaweb.com\/index.php\/wp-json\/wp\/v2\/comments?post=43010"}],"version-history":[{"count":0,"href":"http:\/\/hoycordobaweb.com\/index.php\/wp-json\/wp\/v2\/posts\/43010\/revisions"}],"wp:featuredmedia":[{"embeddable":true,"href":"http:\/\/hoycordobaweb.com\/index.php\/wp-json\/wp\/v2\/media\/43011"}],"wp:attachment":[{"href":"http:\/\/hoycordobaweb.com\/index.php\/wp-json\/wp\/v2\/media?parent=43010"}],"wp:term":[{"taxonomy":"category","embeddable":true,"href":"http:\/\/hoycordobaweb.com\/index.php\/wp-json\/wp\/v2\/categories?post=43010"},{"taxonomy":"post_tag","embeddable":true,"href":"http:\/\/hoycordobaweb.com\/index.php\/wp-json\/wp\/v2\/tags?post=43010"}],"curies":[{"name":"wp","href":"https:\/\/api.w.org\/{rel}","templated":true}]}}