{"id":43004,"date":"2022-06-12T00:52:41","date_gmt":"2022-06-12T00:52:41","guid":{"rendered":"https:\/\/ladecimaweb.com\/?p=13700"},"modified":"2022-06-12T00:52:41","modified_gmt":"2022-06-12T00:52:41","slug":"mato-a-su-sobrino-de-12-anos-en-un-brutal-ataque-con-un-machete-en-barrio-kairos","status":"publish","type":"post","link":"http:\/\/hoycordobaweb.com\/index.php\/2022\/06\/12\/mato-a-su-sobrino-de-12-anos-en-un-brutal-ataque-con-un-machete-en-barrio-kairos\/","title":{"rendered":"Mat\u00f3 a su sobrino de 12 a\u00f1os en un brutal ataque con un machete en barrio Kairos"},"content":{"rendered":"<div class=\"boldgrid-section\">\n<div class=\"container\">\n<div class=\"row\">\n<div class=\"col-md-12 col-xs-12 col-sm-12\">\n<p>Un sujeto de 28 a\u00f1os atac\u00f3 en la tarde de hoy a su familia con un machete y provoc\u00f3 la muerte de un ni\u00f1o de 12 a\u00f1os.<\/p>\n<p class=\"\">El individuo habr\u00eda sufrido un brote psic\u00f3tico , circunstancia que lo llev\u00f3 a atacar brutalmente con un machete a su madre y a una hermana, a las que les caus\u00f3 heridas grav\u00edsimas.&nbsp;<\/p>\n<p class=\"\">El que no pudo resistir las heridas recibidas fue su sobrino, un menor de 12 a\u00f1os que sufri\u00f3 profundos cortes en la cabeza.&nbsp;<\/p>\n<p>Mientras tanto, fueron derivadas para su atenci\u00f3n al hospital de Urgencias.&nbsp;<\/p>\n<p class=\"\">El sujeto qued\u00f3 detenido, pero luego de que los vecinos intentar\u00e1n lincharlos en represalia por lo acontecido.&nbsp;<\/p>\n<p class=\"\">El hecho sucedi\u00f3 en una vivienda de calle Usuhaia al 3000, de barrio Kairos.&nbsp;<\/p>\n<div class=\"ubm_banner\"><a href=\"https:\/\/www.cba.gov.ar\/10-https:\/\/www.cba.gov.ar\/10-mil-viviendas\/?csrt=8333084810548506306\" target=\"_blank\" rel=\"dofollow noopener noreferrer\"><img src=\"http:\/\/hoycordobaweb.com\/wp-content\/uploads\/2022\/06\/mato-a-su-sobrino-de-12-anos-en-un-brutal-ataque-con-un-machete-en-barrio-kairos.gif\" alt=\"\"><\/a><\/div>\n<\/div>\n<\/div>\n<\/div>\n<\/div>\n<p>La entrada <a rel=\"nofollow\" href=\"https:\/\/ladecimaweb.com\/mato-a-su-sobrino-de-12-anos-en-un-brutal-ataque-con-un-machete-en-barrio-kairos\/\">Mat\u00f3 a su sobrino de 12 a\u00f1os en un brutal ataque con un machete en barrio Kairos<\/a> se public\u00f3 primero en <a rel=\"nofollow\" href=\"https:\/\/ladecimaweb.com\">LaDecima<\/a>.<\/p>\n","protected":false},"excerpt":{"rendered":"<p>Un sujeto de 28 a\u00f1os atac\u00f3 en la tarde de hoy a su familia con un machete y provoc\u00f3 la muerte de un ni\u00f1o de 12 a\u00f1os. El individuo habr\u00eda sufrido un brote psic\u00f3tico , circunstancia que lo llev\u00f3 a atacar brutalmente con un machete a su madre y a una hermana, a las que [&hellip;]<\/p>\n","protected":false},"author":1,"featured_media":43005,"comment_status":"closed","ping_status":"closed","sticky":false,"template":"","format":"standard","meta":[],"categories":[19],"tags":[],"_links":{"self":[{"href":"http:\/\/hoycordobaweb.com\/index.php\/wp-json\/wp\/v2\/posts\/43004"}],"collection":[{"href":"http:\/\/hoycordobaweb.com\/index.php\/wp-json\/wp\/v2\/posts"}],"about":[{"href":"http:\/\/hoycordobaweb.com\/index.php\/wp-json\/wp\/v2\/types\/post"}],"author":[{"embeddable":true,"href":"http:\/\/hoycordobaweb.com\/index.php\/wp-json\/wp\/v2\/users\/1"}],"replies":[{"embeddable":true,"href":"http:\/\/hoycordobaweb.com\/index.php\/wp-json\/wp\/v2\/comments?post=43004"}],"version-history":[{"count":0,"href":"http:\/\/hoycordobaweb.com\/index.php\/wp-json\/wp\/v2\/posts\/43004\/revisions"}],"wp:featuredmedia":[{"embeddable":true,"href":"http:\/\/hoycordobaweb.com\/index.php\/wp-json\/wp\/v2\/media\/43005"}],"wp:attachment":[{"href":"http:\/\/hoycordobaweb.com\/index.php\/wp-json\/wp\/v2\/media?parent=43004"}],"wp:term":[{"taxonomy":"category","embeddable":true,"href":"http:\/\/hoycordobaweb.com\/index.php\/wp-json\/wp\/v2\/categories?post=43004"},{"taxonomy":"post_tag","embeddable":true,"href":"http:\/\/hoycordobaweb.com\/index.php\/wp-json\/wp\/v2\/tags?post=43004"}],"curies":[{"name":"wp","href":"https:\/\/api.w.org\/{rel}","templated":true}]}}