{"id":42975,"date":"2022-06-11T12:13:05","date_gmt":"2022-06-11T12:13:05","guid":{"rendered":"https:\/\/www.mujerhoy.com\/moda\/no-te-pierdas\/victoria-federica-marichalar-borbon-look-mezcla-estampados-imposibles-animal-print-lunares-20220611140827-nt.html"},"modified":"2022-06-11T12:13:05","modified_gmt":"2022-06-11T12:13:05","slug":"mezclando-estampados-imposibles-victoria-federica-dice-si-a-combinar-un-top-de-lunares-con-un-pantalon-animal-print","status":"publish","type":"post","link":"http:\/\/hoycordobaweb.com\/index.php\/2022\/06\/11\/mezclando-estampados-imposibles-victoria-federica-dice-si-a-combinar-un-top-de-lunares-con-un-pantalon-animal-print\/","title":{"rendered":"Mezclando estampados imposibles: Victoria Federica dice s\u00ed a combinar un top de lunares con un pantal\u00f3n animal print"},"content":{"rendered":"<p><!-- AUTHOR --><!-- COMPONENTS --><\/p>\n<p class=\"voc-paragraph\"><a href=\"https:\/\/www.mujerhoy.com\/celebrities\/realeza\/victoria-federica-marichalar-borbon-educacion-elitista-lujo-universidad-americana-20220318095320-nt.html\"><strong>Victoria Federica<\/strong><\/a> se ha convertido en los \u00faltimos tiempos en todo un icono de estilo para la generaci\u00f3n Z. Combina a la perfecci\u00f3n prendas de tiendas low cost como <a href=\"https:\/\/www.mujerhoy.com\/moda\/tendencias\/mono-vaquero-denim-victoria-federica-marichalar-look-verano-versatil-favorecedor-20220522134832-nt.html\"><strong>Mango<\/strong><\/a> con <a data-voc-vtm-id=\"in-text-traffic\" href=\"https:\/\/www.mujerhoy.com\/moda\/no-te-pierdas\/victoria-federica-hija-jaime-marichalar-expulsion-familia-real-coca-nueva-influencer-bolso-polemica-20220306095642-nt.html\">otras m\u00e1s exclusivas<\/a> generando un estilo propio que est\u00e1 arrasando en<br \/>\n<strong> redes sociales<\/strong>. Y \u00faltimamente no hay evento que se precie que no cuente con la presencia de la hija de la infanta elena y su inseparable <strong>Mar\u00eda Garc\u00eda de Jaime<\/strong>. <\/p>\n<p class=\"voc-paragraph\">La fiesta organizada por <strong>Harper&#8217;s Bazaar y Carolina Herrera <\/strong>no iba a ser una excepci\u00f3n y la nieta del em\u00e9rito ha acudido con su amiga luciendo un <strong>look casual y desenfadado <\/strong>que nos ha llamado la atenci\u00f3n por su atrevida mezcla de <strong>estampados<\/strong>. <\/p>\n<p class=\"voc-paragraph\">Victoria Federica ha arriesgado (y ha aprobado con nota) con un look formado por pantalones de estilo <strong>palazzo <\/strong>de tiro alto con estampado de <strong>cebra <\/strong>en blanco y gris y crop top de manga corta y cuello redondo con estampado de <strong>lunares <\/strong>maxi. Una fusi\u00f3n que podr\u00eda haberle salido fatal pero que, en cambio, ha arrasado en el photocall de la fiesta. Ambos dise\u00f1os pertenecen a <strong>Carolina Herre<\/strong>ra, una de las firmas organizadoras.\n<\/p>\n<p class=\"voc-paragraph\">Para completar el look, la influencer llevaba unas<br \/>\n<strong> sandalias de tac\u00f3n alto <\/strong>con plataforma delantera en color negro que estilizaban su ya de por si delgada figura, aport\u00e1ndole unos cent\u00edmetros extra. Y arriesgaba todav\u00eda m\u00e1s con la elecci\u00f3n de su <strong>bolso estilo bandoler<\/strong>a en colores amarillo, rojo y verde que le daban un toque de alegr\u00eda a un look de tonos m\u00e1s apagados.\n<\/p>\n<p class=\"voc-paragraph\">Copiar el estilo de Victoria Federica est\u00e1 dif\u00edcil pero si la cosa va de mezclar estampados, hemos encontrado dos prendas en <strong>Mango <\/strong>con las que podr\u00edamos arriesgar. Un <strong>crop top de lunares <\/strong>con escote cuadrado y manga abullonada con pu\u00f1os el\u00e1sticos que, gracias al el\u00e1stico de la espalda, se adapta a todas las figuras a la perfecci\u00f3n (19,99 euros).\n<\/p>\n<div class=\"voc-detail-photo-zoom\"><picture data-toggle=\"modal\" data-target=\"#photoZoomModal-250\" target=\"modal\">\n<div class=\"voc-img-icon-link\"><img loading=\"lazy\" data-original=\"\/\/static2.mujerhoy.com\/www\/multimedia\/202206\/10\/media\/cortadas\/crop-top-mango-kJ9D--460x637@MujerHoy.jpg\" class=\"lazy\"><noscript><img src=\"http:\/\/hoycordobaweb.com\/wp-content\/uploads\/2022\/06\/mezclando-estampados-imposibles-victoria-federica-dice-si-a-combinar-un-top-de-lunares-con-un-pantalon-animal-print.jpg\"><\/noscript><i class=\"voc-icons zoom voc-multimedia-box voc-ico-l\"><\/i><\/div><figcaption class=\"figure-caption\"><\/figcaption><\/picture><\/div>\n<div id=\"photoZoomModal-250\" class=\"voc-lightbox modal fade voc-lightbox--photo-zoom\" role=\"dialog\" data-voc-photozoom-lightbox>\n<div class=\"voc-lightbox__dialog\" role=\"document\">\n<div class=\"voc-lightbox__content\"><!-- Modal header --><!-- Modal content --><\/p>\n<div class=\"voc-lightbox__photo-container\"><picture class><img loading=\"lazy\" data-original=\"\/\/static2.mujerhoy.com\/www\/multimedia\/202206\/10\/media\/cortadas\/crop-top-mango-kJ9D--460x637@MujerHoy.jpg\" class=\"lazy\"><noscript><img src=\"http:\/\/hoycordobaweb.com\/wp-content\/uploads\/2022\/06\/mezclando-estampados-imposibles-victoria-federica-dice-si-a-combinar-un-top-de-lunares-con-un-pantalon-animal-print.jpg\"><\/noscript><\/picture><\/div>\n<\/div>\n<\/div>\n<\/div>\n<p class=\"voc-paragraph\">Y apostamos por combinarlo con unos <strong>pantalones wideleg<\/strong> tambi\u00e9n de <strong>Mango <\/strong>con estampado floral blanco sobre fondo negro que alargan las piernas hasta el infinito (39,99 euros).\n<\/p>\n<div class=\"voc-detail-photo-zoom\"><picture data-toggle=\"modal\" data-target=\"#photoZoomModal-766\" target=\"modal\">\n<div class=\"voc-img-icon-link\"><img loading=\"lazy\" data-original=\"\/\/static3.mujerhoy.com\/www\/multimedia\/202206\/10\/media\/cortadas\/pantalones-mango-kJ9D--460x637@MujerHoy.jpg\" class=\"lazy\"><noscript><img src=\"http:\/\/hoycordobaweb.com\/wp-content\/uploads\/2022\/06\/mezclando-estampados-imposibles-victoria-federica-dice-si-a-combinar-un-top-de-lunares-con-un-pantalon-animal-print-1.jpg\"><\/noscript><i class=\"voc-icons zoom voc-multimedia-box voc-ico-l\"><\/i><\/div><figcaption class=\"figure-caption\"><\/figcaption><\/picture><\/div>\n<div id=\"photoZoomModal-766\" class=\"voc-lightbox modal fade voc-lightbox--photo-zoom\" role=\"dialog\" data-voc-photozoom-lightbox>\n<div class=\"voc-lightbox__dialog\" role=\"document\">\n<div class=\"voc-lightbox__content\"><!-- Modal header --><!-- Modal content --><\/p>\n<div class=\"voc-lightbox__photo-container\"><picture class><img loading=\"lazy\" data-original=\"\/\/static3.mujerhoy.com\/www\/multimedia\/202206\/10\/media\/cortadas\/pantalones-mango-kJ9D--460x637@MujerHoy.jpg\" class=\"lazy\"><noscript><img src=\"http:\/\/hoycordobaweb.com\/wp-content\/uploads\/2022\/06\/mezclando-estampados-imposibles-victoria-federica-dice-si-a-combinar-un-top-de-lunares-con-un-pantalon-animal-print-1.jpg\"><\/noscript><\/picture><\/div>\n<\/div>\n<\/div>\n<\/div>\n<p class=\"voc-paragraph\">Una elecci\u00f3n arriesgada que <strong>Victoria Federica<\/strong> ya ha confirmado que queda ideal y acaparan todas las miradas. <strong>\u00bfTe atreves?<\/strong><\/p>\n<div class=\"voc-detail__cmp voc-detail__cmp--pad-lr voc-detail__cmp--pad-lr--bdr\">\n<div class=\"voc-ficha-detail__wrapper\">\n<section class=\"voc-ficha-detail\">\n<h4 class=\"voc-ficha-detail-title voc-title-section\">Te recomendamos<\/h4>\n<\/section>\n<\/div>\n<\/div>\n<p><!-- TOPICS --><\/p>\n","protected":false},"excerpt":{"rendered":"<p>Victoria Federica se ha convertido en los \u00faltimos tiempos en todo un icono de estilo para la generaci\u00f3n Z. Combina a la perfecci\u00f3n prendas de tiendas low cost como Mango con otras m\u00e1s exclusivas generando un estilo propio que est\u00e1 arrasando en redes sociales. Y \u00faltimamente no hay evento que se precie que no cuente [&hellip;]<\/p>\n","protected":false},"author":1,"featured_media":42976,"comment_status":"closed","ping_status":"closed","sticky":false,"template":"","format":"standard","meta":[],"categories":[1],"tags":[],"_links":{"self":[{"href":"http:\/\/hoycordobaweb.com\/index.php\/wp-json\/wp\/v2\/posts\/42975"}],"collection":[{"href":"http:\/\/hoycordobaweb.com\/index.php\/wp-json\/wp\/v2\/posts"}],"about":[{"href":"http:\/\/hoycordobaweb.com\/index.php\/wp-json\/wp\/v2\/types\/post"}],"author":[{"embeddable":true,"href":"http:\/\/hoycordobaweb.com\/index.php\/wp-json\/wp\/v2\/users\/1"}],"replies":[{"embeddable":true,"href":"http:\/\/hoycordobaweb.com\/index.php\/wp-json\/wp\/v2\/comments?post=42975"}],"version-history":[{"count":0,"href":"http:\/\/hoycordobaweb.com\/index.php\/wp-json\/wp\/v2\/posts\/42975\/revisions"}],"wp:featuredmedia":[{"embeddable":true,"href":"http:\/\/hoycordobaweb.com\/index.php\/wp-json\/wp\/v2\/media\/42976"}],"wp:attachment":[{"href":"http:\/\/hoycordobaweb.com\/index.php\/wp-json\/wp\/v2\/media?parent=42975"}],"wp:term":[{"taxonomy":"category","embeddable":true,"href":"http:\/\/hoycordobaweb.com\/index.php\/wp-json\/wp\/v2\/categories?post=42975"},{"taxonomy":"post_tag","embeddable":true,"href":"http:\/\/hoycordobaweb.com\/index.php\/wp-json\/wp\/v2\/tags?post=42975"}],"curies":[{"name":"wp","href":"https:\/\/api.w.org\/{rel}","templated":true}]}}