{"id":42954,"date":"2022-06-11T13:45:00","date_gmt":"2022-06-11T13:45:00","guid":{"rendered":"http:\/\/hoycordobaweb.com\/index.php\/2022\/06\/11\/maduro-y-el-presidente-irani-firman-un-acuerdo-de-cooperacion-de-20-anos\/"},"modified":"2022-06-11T13:45:00","modified_gmt":"2022-06-11T13:45:00","slug":"maduro-y-el-presidente-irani-firman-un-acuerdo-de-cooperacion-de-20-anos","status":"publish","type":"post","link":"http:\/\/hoycordobaweb.com\/index.php\/2022\/06\/11\/maduro-y-el-presidente-irani-firman-un-acuerdo-de-cooperacion-de-20-anos\/","title":{"rendered":"Maduro y el presidente iran\u00ed firman un acuerdo de cooperaci\u00f3n de 20 a\u00f1os"},"content":{"rendered":"<p><img src=\"http:\/\/hoycordobaweb.com\/wp-content\/uploads\/2022\/06\/maduro-y-el-presidente-irani-firman-un-acuerdo-de-cooperacion-de-20-anos.jpg\"><\/p>\n<figure class=\"mb-3\"><img loading=\"lazy\" src=\"http:\/\/hoycordobaweb.com\/wp-content\/uploads\/2022\/06\/maduro-y-el-presidente-irani-firman-un-acuerdo-de-cooperacion-de-20-anos-2.jpg\" width=\"100%\" height=\"100%\" alt=\"Maduro explic que desea profundizar la cooperacin tecnolgica con Irn\"><figcaption> Maduro explic\u00f3 que desea profundizar la cooperaci\u00f3n tecnol\u00f3gica con Ir\u00e1n. <\/figcaption><\/figure>\n<p>Ir\u00e1n y Venezuela firmaron este s\u00e1bado un acuerdo de cooperaci\u00f3n por 20 a\u00f1os en diversos campos, durante una visita del presidente venezolano Nicol\u00e1s Maduro a Teher\u00e1n, inform\u00f3 la prensa local.<\/p>\n<p>La suscripci\u00f3n del pacto \u00abmuestra la determinaci\u00f3n de los altos funcionarios de los dos pa\u00edses de desarrollar las relaciones en diferentes campos\u00bb, dijo el presidente iran\u00ed Ebrahim Raisi, en una declaraci\u00f3n a la prensa junto a su hom\u00f3logo venezolano, inform\u00f3 la agencia de noticias AFP citando a la televisi\u00f3n p\u00fablica local.<\/p>\n<p><strong>El documento, del que no se suministraron detalles, fue firmado por los ministros de Relaciones Exteriores de ambos pa\u00edses.<\/strong><\/p>\n<p>Seg\u00fan la agencia oficial iran\u00ed IRNA, los ministros \u00abfirmaron acuerdos de cooperaci\u00f3n en los \u00e1mbitos pol\u00edtico, econ\u00f3mico, tur\u00edstico, petrolero y petroqu\u00edmico\u00bb.<\/p>\n<blockquote class><p>Maduro se refiri\u00f3 al \u00abmilagro econ\u00f3mico\u00bb iran\u00ed en la producci\u00f3n de alimentos pese a las sanciones internacionales, del que Venezuela puede inspirarse<\/p><\/blockquote>\n<p>Maduro, quien asegur\u00f3 que los dos pa\u00edses comparten una \u00abamistad indestructible\u00bb, celebr\u00f3 el haber alcanzado acuerdos de cooperaci\u00f3n en los \u00e1mbitos petrolero, gas\u00edfero y petroqu\u00edmico, \u00aba nivel financiero, con el Banco Nacional de Desarrollo Ir\u00e1n-Venezuela\u00bb y tambi\u00e9n en el sector de la defensa.<\/p>\n<p>En concreto, <strong>Maduro se refiri\u00f3 al \u00abmilagro econ\u00f3mico\u00bb iran\u00ed en la producci\u00f3n de alimentos pese a las sanciones internacionales, del que Venezuela puede inspirarse.<\/strong><\/p>\n<p>\u00abIncluso crearon tecnolog\u00edas para producir alimentos en zonas des\u00e9rticas\u00bb, cit\u00f3.<\/p>\n<p>Maduro explic\u00f3 que su Gobierno desea \u00abprofundizar la cooperaci\u00f3n tecnol\u00f3gica con Ir\u00e1n para producir m\u00e1s alimentos en Venezuela\u00bb, donde asegur\u00f3 que hay 33 millones de hect\u00e1reas de tierras cultivables.<\/p>\n<p>Hay que \u00abaprender de esta experiencia impresionante de Ir\u00e1n para seguir elevando la producci\u00f3n alimentaria con recursos propios en tierra venezolana\u00bb, dijo el mandatario.<\/p>\n<p>En ese sentido, mencion\u00f3 que se acordaron \u00abproyectos conjuntos para producir alimentos en Venezuela y exportar a Ir\u00e1n\u00bb y a otros pa\u00edses de la regi\u00f3n, sin entrar en detalles.<\/p>\n<p>Adem\u00e1s, anunci\u00f3 que el pr\u00f3ximo 18 de julio volver\u00e1 a operar un vuelo Caracas-Teher\u00e1n, algo anticipado ayer en su primer d\u00eda en Teher\u00e1n.<\/p>\n<p><strong>\u00abVenezuela est\u00e1 abierta a recibir el turismo de Ir\u00e1n para que vayan a disfrutar de la belleza del Caribe, de los Andes, de Amazonia\u00bb, dijo.<\/strong><\/p>\n<p>Junto a Rusia, China, Cuba y Turqu\u00eda, Ir\u00e1n es uno de los principales aliados de Venezuela. Y, al igual que Caracas, est\u00e1 sometido a duras sanciones por parte de Estados Unidos.<\/p>\n<p>Las relaciones bilaterales entre estos dos productores de petr\u00f3leo ya eran estrechas durante la presidencia del fallecido presidente venezolano Hugo Ch\u00e1vez y se reforzaron a\u00fan m\u00e1s con Maduro.<\/p>\n<p>En mayo, el ministro de Petr\u00f3leo de Ir\u00e1n, Javad Owji, se reuni\u00f3 con Maduro durante una visita oficial a Venezuela, que cuenta con las mayores reservas probadas de crudo del mundo.<\/p>\n<blockquote class><p>Ir\u00e1n es el tercer pa\u00eds que visita Maduro esta semana en el marco de su gira por Eurasia, que lo llev\u00f3 antes a Turqu\u00eda y Argelia<\/p><\/blockquote>\n<p><strong>En 2020, Teher\u00e1n envi\u00f3 a Venezuela, pa\u00eds con las mayores reservas de crudo del mundo, buques cargados de nafta y derivados, en medio de la aguda escasez de combustible debida a una brutal ca\u00edda en la producci\u00f3n de petr\u00f3leo.<\/strong><\/p>\n<p>El presidente venezolano asegur\u00f3 en Ir\u00e1n que \u00abVenezuela pas\u00f3 a\u00f1os duros, turbulentos, producto de las agresiones del imperialismo\u00bb.<\/p>\n<p>\u00abPero Venezuela resisti\u00f3, contuvo la agresi\u00f3n y entr\u00f3 en una etapa de recuperaci\u00f3n real y verdadera\u00bb, celebr\u00f3.<\/p>\n<p>Raisi, por su parte, elogi\u00f3 la \u00abdeterminaci\u00f3n del pueblo, los responsables y el presidente de Venezuela que permitieron al pa\u00eds resistir a las sanciones\u00bb.<\/p>\n<p>\u00abHoy, el pa\u00eds (Venezuela) deja atr\u00e1s la hiperinflaci\u00f3n y comienza el crecimiento econ\u00f3mico. Es una buena se\u00f1al, que muestra que la resistencia funciona y obligar\u00e1 al enemigo a replegarse en retirada\u00bb, dijo el dirigente iran\u00ed.<\/p>\n<p><strong>Ir\u00e1n es el tercer pa\u00eds que visita Maduro esta semana en el marco de su gira por Eurasia, que lo llev\u00f3 antes a Turqu\u00eda y Argelia.<\/strong><\/p>\n<p>La gira transcurre en la misma semana en que se celebr\u00f3 la Cumbre de las Am\u00e9ricas, de la que Venezuela fue excluida por Estados Unidos, junto con Nicaragua y Cuba.<\/p>\n","protected":false},"excerpt":{"rendered":"<p>Maduro explic\u00f3 que desea profundizar la cooperaci\u00f3n tecnol\u00f3gica con Ir\u00e1n. Ir\u00e1n y Venezuela firmaron este s\u00e1bado un acuerdo de cooperaci\u00f3n por 20 a\u00f1os en diversos campos, durante una visita del presidente venezolano Nicol\u00e1s Maduro a Teher\u00e1n, inform\u00f3 la prensa local. La suscripci\u00f3n del pacto \u00abmuestra la determinaci\u00f3n de los altos funcionarios de los dos pa\u00edses [&hellip;]<\/p>\n","protected":false},"author":1,"featured_media":42955,"comment_status":"open","ping_status":"closed","sticky":false,"template":"","format":"standard","meta":[],"categories":[24],"tags":[],"_links":{"self":[{"href":"http:\/\/hoycordobaweb.com\/index.php\/wp-json\/wp\/v2\/posts\/42954"}],"collection":[{"href":"http:\/\/hoycordobaweb.com\/index.php\/wp-json\/wp\/v2\/posts"}],"about":[{"href":"http:\/\/hoycordobaweb.com\/index.php\/wp-json\/wp\/v2\/types\/post"}],"author":[{"embeddable":true,"href":"http:\/\/hoycordobaweb.com\/index.php\/wp-json\/wp\/v2\/users\/1"}],"replies":[{"embeddable":true,"href":"http:\/\/hoycordobaweb.com\/index.php\/wp-json\/wp\/v2\/comments?post=42954"}],"version-history":[{"count":0,"href":"http:\/\/hoycordobaweb.com\/index.php\/wp-json\/wp\/v2\/posts\/42954\/revisions"}],"wp:featuredmedia":[{"embeddable":true,"href":"http:\/\/hoycordobaweb.com\/index.php\/wp-json\/wp\/v2\/media\/42955"}],"wp:attachment":[{"href":"http:\/\/hoycordobaweb.com\/index.php\/wp-json\/wp\/v2\/media?parent=42954"}],"wp:term":[{"taxonomy":"category","embeddable":true,"href":"http:\/\/hoycordobaweb.com\/index.php\/wp-json\/wp\/v2\/categories?post=42954"},{"taxonomy":"post_tag","embeddable":true,"href":"http:\/\/hoycordobaweb.com\/index.php\/wp-json\/wp\/v2\/tags?post=42954"}],"curies":[{"name":"wp","href":"https:\/\/api.w.org\/{rel}","templated":true}]}}