{"id":42908,"date":"2022-06-08T19:02:17","date_gmt":"2022-06-08T19:02:17","guid":{"rendered":"https:\/\/manoamanocba.com.ar\/?p=5404"},"modified":"2022-06-08T19:02:17","modified_gmt":"2022-06-08T19:02:17","slug":"festival-pensar-con-humor-primera-etapa-a-pura-risa","status":"publish","type":"post","link":"http:\/\/hoycordobaweb.com\/index.php\/2022\/06\/08\/festival-pensar-con-humor-primera-etapa-a-pura-risa\/","title":{"rendered":"Festival Pensar con Humor: primera etapa a pura risa"},"content":{"rendered":"<div><img src=\"http:\/\/hoycordobaweb.com\/wp-content\/uploads\/2022\/06\/festival-pensar-con-humor-primera-etapa-a-pura-risa.jpg\" class=\"ff-og-image-inserted\"><\/div>\n<p>La&nbsp;<strong>XV edici\u00f3n<\/strong>&nbsp;del<strong>&nbsp;Festival Pensar con Humor<\/strong>&nbsp;llega con eventos presenciales y sorpresas que har\u00e1n que la provincia se consolide como la capital del humor.<\/p>\n<p><strong>La previa&nbsp;del festival se extender\u00e1 del 8 al 12 de junio<\/strong> con funciones donde el \u201chumor se r\u00ede del humor\u201d; en la segunda etapa de este festival bien cordob\u00e9s, que ser\u00e1<strong> del 21 al 24 de julio<\/strong>, los humoristas recibir\u00e1n al p\u00fablico de todo el pa\u00eds durante la fecha del receso invernal de varias provincias.<\/p>\n<p>La previa del festival comienza con el espect\u00e1culo de&nbsp;<strong>Camilo Nicol\u00e1s<\/strong>. El humorista y comediante presenta&nbsp;<strong>Tranqui Piola<\/strong>&nbsp;el&nbsp;<strong>mi\u00e9rcoles 8 a las 21<\/strong>&nbsp;en&nbsp;<strong>Studio Theater&nbsp;<\/strong>(Rosario de Santa Fe 272). Este espect\u00e1culo de improvisaci\u00f3n contar\u00e1 con la participaci\u00f3n de un grupo de m\u00fasica y un mago. Entrada general 1650 pesos.<\/p>\n<p>El&nbsp;<strong>jueves 9 a las 11.30<\/strong>, en el hall del&nbsp;<strong>Teatro Real<\/strong>, se realizar\u00e1 el&nbsp;<strong>lanzamiento de la previa del Festival Pensar con Humor 2022<\/strong>&nbsp;con la participaci\u00f3n de los humoristas. En esta apertura, en la que adem\u00e1s de risas habr\u00e1 sorpresas, participar\u00e1 el artista gr\u00e1fico Hern\u00e1n Cappelletti (El Cape) quien tuvo a su cargo&nbsp;la identidad visual del festival; el ilustrador y muralista cordob\u00e9s sorprender\u00e1 con sus pinceles.<\/p>\n<p>El mismo&nbsp;<strong>jueves 9<\/strong>&nbsp;pero&nbsp;<strong>a las 21<\/strong>&nbsp;en la&nbsp;<strong>Ciudad de las Artes&nbsp;<\/strong>(Av. Pablo Ricchieri 1955), el&nbsp;<strong>Flaco Pailos<\/strong>&nbsp;presenta&nbsp;<strong>Solo de humor: m\u00e1s r\u00e1pido y m\u00e1s gracioso<\/strong>, un show en el que el comediante presenta distintos personajes sin salir de escena con cambios de vestuario frente al p\u00fablico. En forma de chistes e historias, el humorista narra&nbsp;un viaje imaginario por distintas&nbsp;etapas de su vida que colorea con sonidos, m\u00fasica y expresi\u00f3n corporal.&nbsp;Entrada general 1450 pesos.<\/p>\n<p>El&nbsp;<strong>viernes 10<\/strong>&nbsp;<strong>a las 21<\/strong>&nbsp;llega al&nbsp;<strong>Teatro Real<\/strong>&nbsp;(San Jer\u00f3nimo 66)&nbsp;<strong>Cuidado con el perro<\/strong>&nbsp;de la compa\u00f1\u00eda&nbsp;<strong>Azul Teatro<\/strong>&nbsp;dirigida por Omar Viale. Este es un espect\u00e1culo para re\u00edr y reflexionar en el que se escuchar\u00e1n historias cotidianas y desopilantes para interpelarse desde el humor; historias que se encuentran hilvanadas entre s\u00ed por un personaje: el perro, una especie de \u201ccan humanoide o un humano perruno\u201d. Entrada general 700 pesos.<\/p>\n<p><strong>Adri\u00e1n G\u00f3mez<\/strong>&nbsp;presenta&nbsp;<strong>Pulenta Blue<\/strong>&nbsp;el&nbsp;<strong>s\u00e1bado 11 a las 21&nbsp;<\/strong>en el&nbsp;<strong>Teatro Real<\/strong>. El comediante conjuga mon\u00f3logos, personajes y el humor ya conocido por todos los cordobeses.&nbsp;Ser\u00e1n casi dos horas a plena risa con el talentoso artista cordob\u00e9s que ya tiene sello propio en el humor local. Entrada sin cargo (retirar por boleter\u00eda del teatro).<\/p>\n<p>Para el cierre, el&nbsp;<strong>domingo 12 a las 19<\/strong>&nbsp;en el&nbsp;<strong>Teatro Real<\/strong>,&nbsp;<strong>Betiana Blum<\/strong>&nbsp;y&nbsp;<strong>Sergio Surraco<\/strong>&nbsp;ser\u00e1n los protagonistas de&nbsp;<strong>La pipa de la paz<\/strong>, una divertida y emotiva comedia donde se desnuda el alma de cada uno de estos seres que transitan la ternura, las artes de manipulaci\u00f3n y diversas formas de amar. Entradas desde 1500 pesos disponibles a trav\u00e9s del sistema Autoentrada.com o en boleter\u00eda del teatro.<\/p>\n<p>De esta manera concluir\u00e1 la previa del festival de humor cordob\u00e9s cuya segunda etapa est\u00e1 prevista para las vacaciones de invierno. Del 21 al 24 de julio la provincia se convertir\u00e1 en la capital del humor: m\u00e1s 50 artistas, las secciones&nbsp;\u201cHumor al paso\u201d y \u201cHumor al toque\u201d y la muestra de humor gr\u00e1fico podr\u00e1n ser disfrutadas por&nbsp;los turistas y el p\u00fablico local porque, en C\u00f3rdoba, el humor se r\u00ede del humor.<\/p>\n","protected":false},"excerpt":{"rendered":"<p>La&nbsp;XV edici\u00f3n&nbsp;del&nbsp;Festival Pensar con Humor&nbsp;llega con eventos presenciales y sorpresas que har\u00e1n que la provincia se consolide como la capital del humor. La previa&nbsp;del festival se extender\u00e1 del 8 al 12 de junio con funciones donde el \u201chumor se r\u00ede del humor\u201d; en la segunda etapa de este festival bien cordob\u00e9s, que ser\u00e1 del 21 [&hellip;]<\/p>\n","protected":false},"author":1,"featured_media":42909,"comment_status":"closed","ping_status":"closed","sticky":false,"template":"","format":"standard","meta":[],"categories":[19],"tags":[],"_links":{"self":[{"href":"http:\/\/hoycordobaweb.com\/index.php\/wp-json\/wp\/v2\/posts\/42908"}],"collection":[{"href":"http:\/\/hoycordobaweb.com\/index.php\/wp-json\/wp\/v2\/posts"}],"about":[{"href":"http:\/\/hoycordobaweb.com\/index.php\/wp-json\/wp\/v2\/types\/post"}],"author":[{"embeddable":true,"href":"http:\/\/hoycordobaweb.com\/index.php\/wp-json\/wp\/v2\/users\/1"}],"replies":[{"embeddable":true,"href":"http:\/\/hoycordobaweb.com\/index.php\/wp-json\/wp\/v2\/comments?post=42908"}],"version-history":[{"count":0,"href":"http:\/\/hoycordobaweb.com\/index.php\/wp-json\/wp\/v2\/posts\/42908\/revisions"}],"wp:featuredmedia":[{"embeddable":true,"href":"http:\/\/hoycordobaweb.com\/index.php\/wp-json\/wp\/v2\/media\/42909"}],"wp:attachment":[{"href":"http:\/\/hoycordobaweb.com\/index.php\/wp-json\/wp\/v2\/media?parent=42908"}],"wp:term":[{"taxonomy":"category","embeddable":true,"href":"http:\/\/hoycordobaweb.com\/index.php\/wp-json\/wp\/v2\/categories?post=42908"},{"taxonomy":"post_tag","embeddable":true,"href":"http:\/\/hoycordobaweb.com\/index.php\/wp-json\/wp\/v2\/tags?post=42908"}],"curies":[{"name":"wp","href":"https:\/\/api.w.org\/{rel}","templated":true}]}}