{"id":42872,"date":"2022-06-08T21:06:07","date_gmt":"2022-06-08T21:06:07","guid":{"rendered":"https:\/\/www.ole.com.ar\/futbol-internacional\/inglaterra\/liverpool-oferta-darwin-nunez_0_nwdvtWrtnN.html"},"modified":"2022-06-08T21:06:07","modified_gmt":"2022-06-08T21:06:07","slug":"darwin-nunez-podria-convertirse-en-la-compra-mas-cara-del-liverpool","status":"publish","type":"post","link":"http:\/\/hoycordobaweb.com\/index.php\/2022\/06\/08\/darwin-nunez-podria-convertirse-en-la-compra-mas-cara-del-liverpool\/","title":{"rendered":"Darwin N\u00fa\u00f1ez podr\u00eda convertirse en la compra m\u00e1s cara del Liverpool"},"content":{"rendered":"<p><img src=\"http:\/\/hoycordobaweb.com\/wp-content\/uploads\/2022\/06\/darwin-nunez-podria-convertirse-en-la-compra-mas-cara-del-liverpool.jpg\"><\/p>\n<p><strong>Darwin N\u00fa\u00f1ez<\/strong> est\u00e1 a un paso de convertirse en el nuevo refuerzo del <a href=\"https:\/\/www.ole.com.ar\/tema\/liverpool.html\" target=\"_blank\" rel=\"noopener noreferrer\"><strong>Liverpool <\/strong><\/a>de <a href=\"https:\/\/www.ole.com.ar\/futbol-internacional\/inglaterra\/\" target=\"_blank\" rel=\"noopener noreferrer\"><strong>Inglaterra<\/strong><\/a>. El delantero de 22 a\u00f1os <strong>fue la figura y el goleador de la \u00faltima <a href=\"https:\/\/www.ole.com.ar\/tema\/primeira-liga.html\" target=\"_blank\" rel=\"noopener noreferrer\">Liga de Portugal<\/a><\/strong> y fundamental para que el <a href=\"https:\/\/www.ole.com.ar\/tema\/benfica.html\" target=\"_blank\" rel=\"noopener noreferrer\"><strong>Benfica <\/strong><\/a>alcanzara los cuartos de final de la pasada <strong>Champions League<\/strong>\u200b. Eso hizo que <strong>Jurgen Klopp<\/strong> se fijara en \u00e9l y lo pidiera como incorporaci\u00f3n&nbsp;para la pr\u00f3xima temporada.<\/p>\n<div class=\"sp__SM\">\n<div class=\"content-new \">\n<span class=\"tit-mobile\">Mir\u00e1 tambi\u00e9n<\/span><\/p>\n<div class=\"mg\">\n<div class=\"wrap-figure\">\n<picture>\n<a href=\"https:\/\/www.ole.com.ar\/futbol-internacional\/rudiger-real-madrid-mercado-europa_0_zFKmxv4sm4.html\" target=\"_self\" rel=\"noopener noreferrer\"><br \/>\n<img class=\"img-responsive\" alt=\"Las bombas y los rumores del mercado europeo\" src=\"http:\/\/hoycordobaweb.com\/wp-content\/uploads\/2022\/06\/darwin-nunez-podria-convertirse-en-la-compra-mas-cara-del-liverpool-2.jpg\" loading=\"lazy\"><br \/>\n<\/a>\n<\/picture>\n<\/div>\n<\/div><\/div>\n<\/div>\n<div class=\"sp__SM\">\n<div class=\"content-new \">\n<span class=\"tit-mobile\">Mir\u00e1 tambi\u00e9n<\/span><\/p>\n<div class=\"mg\">\n<div class=\"wrap-figure\">\n<picture>\n<a href=\"https:\/\/www.ole.com.ar\/futbol-internacional\/di-maria-barcelona-juventus-traspaso_0_3TUqCLnzLT.html\" target=\"_self\" rel=\"noopener noreferrer\"><br \/>\n<img class=\"img-responsive\" alt=\"\u00bfDi Mar\u00eda al Barcelona?\" src=\"http:\/\/hoycordobaweb.com\/wp-content\/uploads\/2022\/06\/darwin-nunez-podria-convertirse-en-la-compra-mas-cara-del-liverpool-3.jpg\" loading=\"lazy\"><br \/>\n<\/a>\n<\/picture>\n<\/div>\n<\/div><\/div>\n<\/div>\n<p><strong>La oferta del equipo ingl\u00e9s es de 80 millones&nbsp;de euros<\/strong>&nbsp;por el 80% del pase del futbolista, sumado a la posibilidad de agregar&nbsp;20 millones m\u00e1s por variables que a\u00fan no se definieron. Esto tambi\u00e9n le dejar\u00eda un buen dinero a <a target=\"_blank\" href=\"https:\/\/www.ole.com.ar\/tema\/penarol.html\" rel=\"noopener noreferrer\"><strong>Pe\u00f1arol<\/strong><\/a>, club que mantiene el otro 20% de la ficha del futbolista.<\/p>\n<div class=\"sp__Normal\">\n<div class=\"image-embeb image-trigger\" readability=\"6.5\">\n<picture><source media=\"(min-width: 720px)\" srcset=\"http:\/\/hoycordobaweb.com\/wp-content\/uploads\/2022\/06\/darwin-nunez-podria-convertirse-en-la-compra-mas-cara-del-liverpool-4.jpg\"><img itemprop=\"image\" src=\"http:\/\/hoycordobaweb.com\/wp-content\/uploads\/2022\/06\/darwin-nunez-podria-convertirse-en-la-compra-mas-cara-del-liverpool-4.jpg\" loading=\"lazy\" alt=\"Esta compra convertir\u00eda a Nu\u00f1ez en el jugador uruguayo mas caro de la historia. Foto: EFE\/EPA\/MANUEL DE ALMEIDA\">\n<\/picture><figcaption readability=\"3\">\n<p>Esta compra convertir\u00eda a Nu\u00f1ez en el jugador uruguayo mas caro de la historia. Foto: EFE\/EPA\/MANUEL DE ALMEIDA\n<\/p>\n<\/figcaption><\/div>\n<\/div>\n<p>La oferta fue formalmente presentada este mi\u00e9rcoles 8 de junio&nbsp;y s\u00f3lo restar\u00eda que el club portugu\u00e9s d\u00e9&nbsp;el visto bueno, seg\u00fan inform\u00f3&nbsp;el periodista especializado en el mercado de pases, Fabrizio Romano. Las negociaciones con el futbolista ya estar\u00edan arregladas. Dicen <strong>que habr\u00eda elegido la oferta de los Reds por sobre la del Manchester United.<\/strong><\/p>\n<p>Esto convertir\u00eda al charr\u00faa en el fichaje m\u00e1s caro en toda la historia del Liverpool. Hasta ahora, el futbolista en <strong>el que m\u00e1s hab\u00eda invertido el club era Virgil Van Dijk, al que compr\u00f3 por casi 85 millones de euros<\/strong>. Esta compra superar\u00eda los precios de futbolistas como <strong>Alisson Becker<\/strong> (\u20ac62.5M), <strong>Naby Keita<\/strong> (\u20ac60M) y <strong>Luis Diaz<\/strong> (\u20ac47M).<\/p>\n<div class=\"sp__SM\">\n<div class=\"content-new \">\n<span class=\"tit-mobile\">Mir\u00e1 tambi\u00e9n<\/span><\/p>\n<div class=\"mg\">\n<div class=\"wrap-figure\">\n<picture>\n<a href=\"https:\/\/www.ole.com.ar\/futbol-internacional\/champions\/fechas-uefa-champions-league-_0_93nm9pEaEj.html\" target=\"_self\" rel=\"noopener noreferrer\"><br \/>\n<img class=\"img-responsive\" alt=\"La agenda de la Champions 2022\/2023: partidos, sorteos y final\" src=\"http:\/\/hoycordobaweb.com\/wp-content\/uploads\/2022\/06\/darwin-nunez-podria-convertirse-en-la-compra-mas-cara-del-liverpool-5.jpg\" loading=\"lazy\"><br \/>\n<\/a>\n<\/picture>\n<\/div>\n<\/div><\/div>\n<\/div>\n<div class=\"sp__Normal\">\n<div class=\"image-embeb image-trigger\" readability=\"6.5\">\n<picture><source media=\"(min-width: 720px)\" srcset=\"http:\/\/hoycordobaweb.com\/wp-content\/uploads\/2022\/06\/darwin-nunez-podria-convertirse-en-la-compra-mas-cara-del-liverpool-6.jpg\"><img itemprop=\"image\" src=\"http:\/\/hoycordobaweb.com\/wp-content\/uploads\/2022\/06\/darwin-nunez-podria-convertirse-en-la-compra-mas-cara-del-liverpool-6.jpg\" loading=\"lazy\" alt=\"El uruguayo anot\u00f3 el 1-0 que le dio la clasificaci\u00f3n al Benfica a cuartos de Champions. Foto: REUTERS\/Piroschka Van De Wouw\">\n<\/picture><figcaption readability=\"3\">\n<p>El uruguayo anot\u00f3 el 1-0 que le dio la clasificaci\u00f3n al Benfica a cuartos de Champions. Foto: REUTERS\/Piroschka Van De Wouw\n<\/p>\n<\/figcaption><\/div>\n<\/div>\n<h2><strong>\u00bfQui\u00e9n es Darwin N\u00fa\u00f1ez?<\/strong><\/h2>\n<p>El atacante nacido en <strong>Artigas, Uruguay, fue el m\u00e1ximo goleador y figura del Benfica en la \u00faltima temporada, donde anot\u00f3 26 goles en 28 partidos de liga<\/strong> (lo que lo convirti\u00f3 en el m\u00e1ximo anotador&nbsp;de la competencia) y seis&nbsp;goles en diez&nbsp;partidos de Champions.<\/p>\n<div class=\"sp__SM\">\n<div class=\"content-new \">\n<span class=\"tit-mobile\">Mir\u00e1 tambi\u00e9n<\/span><\/p>\n<div class=\"mg\">\n<div class=\"wrap-figure\">\n<picture>\n<a href=\"https:\/\/www.ole.com.ar\/futbol-internacional\/marcelo-turquia-real-madrid-atletico_0_8u9QWpnMk9.html\" target=\"_self\" rel=\"noopener noreferrer\"><br \/>\n<img class=\"img-responsive\" alt=\"El llamativo equipo en el que podr\u00edan compartir vestuario Marcelo y Su\u00e1rez\" src=\"http:\/\/hoycordobaweb.com\/wp-content\/uploads\/2022\/06\/darwin-nunez-podria-convertirse-en-la-compra-mas-cara-del-liverpool-7.jpg\" loading=\"lazy\"><br \/>\n<\/a>\n<\/picture>\n<\/div>\n<\/div><\/div>\n<\/div>\n<div class=\"sp__Normal\">\n<div class=\"image-embeb image-trigger\" readability=\"6\">\n<picture><source media=\"(min-width: 720px)\" srcset=\"http:\/\/hoycordobaweb.com\/wp-content\/uploads\/2022\/06\/darwin-nunez-podria-convertirse-en-la-compra-mas-cara-del-liverpool-8.jpg\"><img itemprop=\"image\" src=\"http:\/\/hoycordobaweb.com\/wp-content\/uploads\/2022\/06\/darwin-nunez-podria-convertirse-en-la-compra-mas-cara-del-liverpool-8.jpg\" loading=\"lazy\" alt=\"El gol de Nu\u00f1ez al Barcelona en la victoria 3-0 de su equipo. Foto: AP\/Armando Franca\">\n<\/picture><figcaption readability=\"2\">\n<p>El gol de Nu\u00f1ez al Barcelona en la victoria 3-0 de su equipo. Foto: AP\/Armando Franca\n<\/p>\n<\/figcaption><\/div>\n<\/div>\n<p>\u200bEl uruguayo <strong>surgi\u00f3 de la inferiores de Pe\u00f1arol<\/strong>, donde debut\u00f3 profesionalmente en 2017. All\u00f3&nbsp;jug\u00f3 por tres a\u00f1os, hasta que en 2019 lo fich\u00f3 el <strong>Almer\u00eda, de la segunda divisi\u00f3n de Espa\u00f1a<\/strong>. En su \u00fanico a\u00f1o en el club, marc\u00f3 16 goles en 32&nbsp;partidos y llam\u00f3 la atenci\u00f3n del <strong>equipo de Portugal, que lo compr\u00f3 antes del inicio de la temporada 2020\/21 por 25 millones de euros.<\/strong><\/p>\n<div class=\"entry-tags\">\n<h2>TEMAS QUE APARECEN EN ESTA NOTA<\/h2>\n<\/p><\/div>\n","protected":false},"excerpt":{"rendered":"<p>Darwin N\u00fa\u00f1ez est\u00e1 a un paso de convertirse en el nuevo refuerzo del Liverpool de Inglaterra. El delantero de 22 a\u00f1os fue la figura y el goleador de la \u00faltima Liga de Portugal y fundamental para que el Benfica alcanzara los cuartos de final de la pasada Champions League\u200b. Eso hizo que Jurgen Klopp se [&hellip;]<\/p>\n","protected":false},"author":1,"featured_media":42873,"comment_status":"open","ping_status":"closed","sticky":false,"template":"","format":"standard","meta":[],"categories":[16],"tags":[],"_links":{"self":[{"href":"http:\/\/hoycordobaweb.com\/index.php\/wp-json\/wp\/v2\/posts\/42872"}],"collection":[{"href":"http:\/\/hoycordobaweb.com\/index.php\/wp-json\/wp\/v2\/posts"}],"about":[{"href":"http:\/\/hoycordobaweb.com\/index.php\/wp-json\/wp\/v2\/types\/post"}],"author":[{"embeddable":true,"href":"http:\/\/hoycordobaweb.com\/index.php\/wp-json\/wp\/v2\/users\/1"}],"replies":[{"embeddable":true,"href":"http:\/\/hoycordobaweb.com\/index.php\/wp-json\/wp\/v2\/comments?post=42872"}],"version-history":[{"count":0,"href":"http:\/\/hoycordobaweb.com\/index.php\/wp-json\/wp\/v2\/posts\/42872\/revisions"}],"wp:featuredmedia":[{"embeddable":true,"href":"http:\/\/hoycordobaweb.com\/index.php\/wp-json\/wp\/v2\/media\/42873"}],"wp:attachment":[{"href":"http:\/\/hoycordobaweb.com\/index.php\/wp-json\/wp\/v2\/media?parent=42872"}],"wp:term":[{"taxonomy":"category","embeddable":true,"href":"http:\/\/hoycordobaweb.com\/index.php\/wp-json\/wp\/v2\/categories?post=42872"},{"taxonomy":"post_tag","embeddable":true,"href":"http:\/\/hoycordobaweb.com\/index.php\/wp-json\/wp\/v2\/tags?post=42872"}],"curies":[{"name":"wp","href":"https:\/\/api.w.org\/{rel}","templated":true}]}}