{"id":42862,"date":"2022-06-09T14:15:15","date_gmt":"2022-06-09T14:15:15","guid":{"rendered":"https:\/\/www.ole.com.ar\/autos\/tc-correra-buenos-aires-2023_0_sCWKIsqcgR.html"},"modified":"2022-06-09T14:15:15","modified_gmt":"2022-06-09T14:15:15","slug":"el-tc-vuelve-a-buenos-aires","status":"publish","type":"post","link":"http:\/\/hoycordobaweb.com\/index.php\/2022\/06\/09\/el-tc-vuelve-a-buenos-aires\/","title":{"rendered":"\u00a1El TC vuelve a Buenos Aires!"},"content":{"rendered":"<p><img src=\"http:\/\/hoycordobaweb.com\/wp-content\/uploads\/2022\/06\/el-tc-vuelve-a-buenos-aires.jpg\"><\/p>\n<p><mark>El aut\u00f3dromo Oscar y Juan G\u00e1lvez de Buenos Aires volver\u00e1 a tener Turismo Carretera el a\u00f1o que viene.<\/mark> As\u00ed lo confirm\u00f3 el presidente de la ACTC Hugo Mazzacane.<\/p>\n<div class=\"sp__SM\">\n<div class=\"content-new \">\n<span class=\"tit-mobile\">Mir\u00e1 tambi\u00e9n<\/span><\/p>\n<div class=\"mg\">\n<div class=\"wrap-figure\">\n<picture>\n<a href=\"https:\/\/www.ole.com.ar\/autos\/nuevo-record-alonso_0_NkBfjFWW2y.html\" target=\"_self\" rel=\"noopener noreferrer\"><br \/>\n<img class=\"img-responsive\" alt=\"Nuevo r\u00e9cord para Alonso\" src=\"http:\/\/hoycordobaweb.com\/wp-content\/uploads\/2022\/06\/el-tc-vuelve-a-buenos-aires-2.jpg\" loading=\"lazy\"><br \/>\n<\/a>\n<\/picture>\n<\/div>\n<\/div><\/div>\n<\/div>\n<p>\u201cTodos los a\u00f1os conversamos con las autoridades (del aut\u00f3dromo \u201cOscar y Juan G\u00e1lvez\u201d). A lo mejor tienen otras prioridades, y son respetables.<mark> Lo que s\u00ed voy a decir es que en 2023 va a haber carrera en Buenos Aires. Est\u00e1 confirmado<\/mark>\u201d, coment\u00f3 Mazzacane, presidente de la ACTC, en el programa radial Mundo Sport.<\/p>\n<div class=\"sp__SM\">\n<div class=\"content-new \">\n<span class=\"tit-mobile\">Mir\u00e1 tambi\u00e9n<\/span><\/p>\n<div class=\"mg\">\n<div class=\"wrap-figure\">\n<picture>\n<a href=\"https:\/\/www.ole.com.ar\/autos\/formula1-gran-premio-azerbaiyan_0_WEojR7H4Wc.html\" target=\"_self\" rel=\"noopener noreferrer\"><br \/>\n<img class=\"img-responsive\" alt=\"GP de Azerbaiy\u00e1n: hora, TV y todo lo que ten\u00e9s que saber\" src=\"http:\/\/hoycordobaweb.com\/wp-content\/uploads\/2022\/06\/el-tc-vuelve-a-buenos-aires-3.jpg\" loading=\"lazy\"><br \/>\n<\/a>\n<\/picture>\n<\/div>\n<\/div><\/div>\n<\/div>\n<p>La \u00faltima presencia del Turismo Carretera dijo presente en aut\u00f3dromo de Buenos Aires fue el 7 de marzo de 2021,<mark> cuando ante un aforo reducido por el Covid &#8211; 19, el triunfo fue para el Chevrolet de Jos\u00e9 Manuel Urcera, seguido por Juan Mart\u00edn Trucco y Juan Pablo Gianini.<\/mark><\/p>\n<div class=\"entry-tags\">\n<h2>TEMAS QUE APARECEN EN ESTA NOTA<\/h2>\n<\/p><\/div>\n","protected":false},"excerpt":{"rendered":"<p>El aut\u00f3dromo Oscar y Juan G\u00e1lvez de Buenos Aires volver\u00e1 a tener Turismo Carretera el a\u00f1o que viene. As\u00ed lo confirm\u00f3 el presidente de la ACTC Hugo Mazzacane. Mir\u00e1 tambi\u00e9n \u201cTodos los a\u00f1os conversamos con las autoridades (del aut\u00f3dromo \u201cOscar y Juan G\u00e1lvez\u201d). A lo mejor tienen otras prioridades, y son respetables. Lo que s\u00ed [&hellip;]<\/p>\n","protected":false},"author":1,"featured_media":42863,"comment_status":"open","ping_status":"closed","sticky":false,"template":"","format":"standard","meta":[],"categories":[16],"tags":[],"_links":{"self":[{"href":"http:\/\/hoycordobaweb.com\/index.php\/wp-json\/wp\/v2\/posts\/42862"}],"collection":[{"href":"http:\/\/hoycordobaweb.com\/index.php\/wp-json\/wp\/v2\/posts"}],"about":[{"href":"http:\/\/hoycordobaweb.com\/index.php\/wp-json\/wp\/v2\/types\/post"}],"author":[{"embeddable":true,"href":"http:\/\/hoycordobaweb.com\/index.php\/wp-json\/wp\/v2\/users\/1"}],"replies":[{"embeddable":true,"href":"http:\/\/hoycordobaweb.com\/index.php\/wp-json\/wp\/v2\/comments?post=42862"}],"version-history":[{"count":0,"href":"http:\/\/hoycordobaweb.com\/index.php\/wp-json\/wp\/v2\/posts\/42862\/revisions"}],"wp:featuredmedia":[{"embeddable":true,"href":"http:\/\/hoycordobaweb.com\/index.php\/wp-json\/wp\/v2\/media\/42863"}],"wp:attachment":[{"href":"http:\/\/hoycordobaweb.com\/index.php\/wp-json\/wp\/v2\/media?parent=42862"}],"wp:term":[{"taxonomy":"category","embeddable":true,"href":"http:\/\/hoycordobaweb.com\/index.php\/wp-json\/wp\/v2\/categories?post=42862"},{"taxonomy":"post_tag","embeddable":true,"href":"http:\/\/hoycordobaweb.com\/index.php\/wp-json\/wp\/v2\/tags?post=42862"}],"curies":[{"name":"wp","href":"https:\/\/api.w.org\/{rel}","templated":true}]}}