{"id":42812,"date":"2022-06-08T13:57:15","date_gmt":"2022-06-08T13:57:15","guid":{"rendered":"https:\/\/www.ole.com.ar\/futbol-internacional\/juicio-blatter-platini-fraude_0_c6R95POLpR.html"},"modified":"2022-06-08T13:57:15","modified_gmt":"2022-06-08T13:57:15","slug":"comenzo-el-juicio-contra-blatter-y-platini","status":"publish","type":"post","link":"http:\/\/hoycordobaweb.com\/index.php\/2022\/06\/08\/comenzo-el-juicio-contra-blatter-y-platini\/","title":{"rendered":"Comenz\u00f3 el juicio contra Blatter y Platini"},"content":{"rendered":"<p><img src=\"http:\/\/hoycordobaweb.com\/wp-content\/uploads\/2022\/06\/comenzo-el-juicio-contra-blatter-y-platini.jpg\"><\/p>\n<p>Empez\u00f3 el juicio en Suiza contra<a alt=\"joseph-blatter\" class=\"slug\" href=\"https:\/\/www.ole.com.ar\/tema\/joseph-blatter.html\" target=\"_blank\" title=\"joseph-blatter\" rel=\"noopener noreferrer\"> Joseph Blatter <\/a>y<a alt=\"michel-platini\" class=\"slug\" href=\"https:\/\/www.ole.com.ar\/tema\/michel-platini.html\" target=\"_blank\" title=\"michel-platini\" rel=\"noopener noreferrer\"> Michel Platini<\/a>, ex presidentes de la FIFA y de la UEFA, respectivamente. Se enfrentan a<strong> cargos por fraude, falsificaci\u00f3n de documentos y gesti\u00f3n desleal, entre otros.<\/strong><\/p>\n<div class=\"sp__Normal\">\n<div class=\"image-embeb image-trigger\" readability=\"7\">\n<picture><source media=\"(min-width: 720px)\" srcset=\"http:\/\/hoycordobaweb.com\/wp-content\/uploads\/2022\/06\/comenzo-el-juicio-contra-blatter-y-platini-2.jpg\"><img itemprop=\"image\" src=\"http:\/\/hoycordobaweb.com\/wp-content\/uploads\/2022\/06\/comenzo-el-juicio-contra-blatter-y-platini-2.jpg\" loading=\"lazy\" alt=\"Joseph Blatter, ex presidente de la FIFA, antes de entrar al Tribunal. (AFP)\">\n<\/picture><figcaption readability=\"4\">\n<p>Joseph Blatter, ex presidente de la FIFA, antes de entrar al Tribunal. (AFP)\n<\/p>\n<\/figcaption><\/div>\n<\/div>\n<div class=\"sp__SM\">\n<div class=\"content-new \">\n<span class=\"tit-mobile\">Mir\u00e1 tambi\u00e9n<\/span><\/p>\n<div class=\"mg\">\n<div class=\"wrap-figure\">\n<picture>\n<a href=\"https:\/\/www.ole.com.ar\/boca-juniors\/villa-denuncia-pedido-detencion_0_aWoDh3Fuw1.html\" target=\"_self\" rel=\"noopener noreferrer\"><br \/>\n<img class=\"img-responsive\" alt=\"\u00bfSebasti\u00e1n Villa puede ir preso?\" src=\"http:\/\/hoycordobaweb.com\/wp-content\/uploads\/2022\/06\/comenzo-el-juicio-contra-blatter-y-platini-3.jpg\" loading=\"lazy\"><br \/>\n<\/a>\n<\/picture>\n<\/div>\n<\/div><\/div>\n<\/div>\n<div class=\"sp__SM\">\n<div class=\"content-new \">\n<span class=\"tit-mobile\">Mir\u00e1 tambi\u00e9n<\/span><\/p>\n<div class=\"mg\">\n<div class=\"wrap-figure\">\n<picture>\n<a href=\"https:\/\/www.ole.com.ar\/futbol-internacional\/espana\/valbuena-cree-benzema-merece-balon-oro_0_ulReiw2yea.html\" target=\"_self\" rel=\"noopener noreferrer\"><br \/>\n<img class=\"img-responsive\" alt=\"Valbuena, quien denunci\u00f3 al Gato por chantaje: &quot;Benzema se merece el Bal\u00f3n de Oro&quot;\" src=\"http:\/\/hoycordobaweb.com\/wp-content\/uploads\/2022\/06\/comenzo-el-juicio-contra-blatter-y-platini-4.jpg\" loading=\"lazy\"><br \/>\n<\/a>\n<\/picture>\n<\/div>\n<\/div><\/div>\n<\/div>\n<p>Seg\u00fan la fiscal\u00eda ambos ex mandatarios han \u00ab<strong>obtenido ilegalmente, en detrimento de la FIFA, un pago de dos millones de francos suizos en favor de Michel Platini<\/strong>\u00ab. Es decir, un poco m\u00e1s de dos&nbsp;millones de d\u00f3lares. <\/p>\n<p>Pese a los intentos de ambos ex funcionarios para retrasar el juicio, finalmente debieron presentarse en el Tribunal Penal de Bellinzona, en Suiza. All\u00ed, las audiencias se extender\u00edan hasta el 22 de junio y se estima que para el 8 de julio ya estar\u00eda la sentencia&nbsp;final.&nbsp;En caso&nbsp;de ser declarados culpables, podr\u00edan obtener una<strong> pena de cinco a\u00f1os de prisi\u00f3n o deber\u00e1n abonar el pago de una multa.<\/strong><\/p>\n<div class=\"sp__SM\">\n<div class=\"content-new \">\n<span class=\"tit-mobile\">Mir\u00e1 tambi\u00e9n<\/span><\/p>\n<div class=\"mg\">\n<div class=\"wrap-figure\">\n<picture>\n<a href=\"https:\/\/www.ole.com.ar\/futbol-internacional\/america\/mexico-mundial-2026-mejor-historia_0_IDV4sLdDIe.html\" target=\"_self\" rel=\"noopener noreferrer\"><br \/>\n<img class=\"img-responsive\" alt=\"En M\u00e9xico sacan pecho por el Mundial 2026: &quot;Ser\u00e1 el mejor de la historia&quot;\" src=\"http:\/\/hoycordobaweb.com\/wp-content\/uploads\/2022\/06\/comenzo-el-juicio-contra-blatter-y-platini-5.jpg\" loading=\"lazy\"><br \/>\n<\/a>\n<\/picture>\n<\/div>\n<\/div><\/div>\n<\/div>\n<h2><strong>LOS HECHOS DEL&nbsp;FRAUDE<\/strong><\/h2>\n<div class=\"sp__Normal\">\n<div class=\"image-embeb image-trigger\" readability=\"7\">\n<picture><source media=\"(min-width: 720px)\" srcset=\"http:\/\/hoycordobaweb.com\/wp-content\/uploads\/2022\/06\/comenzo-el-juicio-contra-blatter-y-platini-6.jpg\"><img itemprop=\"image\" src=\"http:\/\/hoycordobaweb.com\/wp-content\/uploads\/2022\/06\/comenzo-el-juicio-contra-blatter-y-platini-6.jpg\" loading=\"lazy\" alt=\"Platini, ex presidente de la UEFA, acusado de fraude. (AFP)\">\n<\/picture><figcaption readability=\"4\">\n<p>Platini, ex presidente de la UEFA, acusado de fraude. (AFP)\n<\/p>\n<\/figcaption><\/div>\n<\/div>\n<p>Platini, el tambi\u00e9n ex jugador franc\u00e9s y&nbsp;tres veces ganador del Bal\u00f3n de Oro, <strong>fue el asesor de Blatter desde 1998 hasta 2002<\/strong>. En 1999, firmaron un acuerdo de remuneraci\u00f3n anual por 300 mil&nbsp;francos suizos que fueron facturados por Platini y pagados por la FIFA. <\/p>\n<div class=\"sp__SM\">\n<div class=\"content-new \">\n<span class=\"tit-mobile\">Mir\u00e1 tambi\u00e9n<\/span><\/p>\n<div class=\"mg\">\n<div class=\"wrap-figure\">\n<picture>\n<a href=\"https:\/\/www.ole.com.ar\/mundial\/mundial-qatar-202\/chile-optimista-caso-byron-castillo-fifa_0_1ObYEmgZez.html\" target=\"_self\" rel=\"noopener noreferrer\"><br \/>\n<img class=\"img-responsive\" alt=\"En Chile se muestran optimistas por el caso Byron Castillo\" src=\"http:\/\/hoycordobaweb.com\/wp-content\/uploads\/2022\/06\/comenzo-el-juicio-contra-blatter-y-platini-7.jpg\" loading=\"lazy\"><br \/>\n<\/a>\n<\/picture>\n<\/div>\n<\/div><\/div>\n<\/div>\n<p>Sin embargo, seg\u00fan la fiscal\u00eda, en enero de 2011, <strong>Platini \u00abhizo valer una deuda de dos&nbsp;millones de francos suizos saldada por la instancia del f\u00fatbol mundial con la participaci\u00f3n de Blatter\u00bb.<\/strong><\/p>\n<p>Pese a la acusaci\u00f3n, tanto Blatter&nbsp;como Platini aseguran que hab\u00edan acordado desde un principio el <strong>salario anual de un mill\u00f3n de francos suizos aunque explicaron que lo hicieron de forma oral y sin testigos.<\/strong><\/p>\n<div class=\"sp__SM\">\n<div class=\"content-new \">\n<span class=\"tit-mobile\">Mir\u00e1 tambi\u00e9n<\/span><\/p>\n<div class=\"mg\">\n<div class=\"wrap-figure\">\n<picture>\n<a href=\"https:\/\/www.ole.com.ar\/futbol-internacional\/australia-emiratos-arabes-rival-peru-repechaje-eliminatoria-asia_0_H3zqBQSlEd.html\" target=\"_self\" rel=\"noopener noreferrer\"><br \/>\n<img class=\"img-responsive\" alt=\"Australia gan\u00f3 y ser\u00e1 el rival de Per\u00fa en el repechaje\" src=\"http:\/\/hoycordobaweb.com\/wp-content\/uploads\/2022\/06\/comenzo-el-juicio-contra-blatter-y-platini-8.jpg\" loading=\"lazy\"><br \/>\n<\/a>\n<\/picture>\n<\/div>\n<\/div><\/div>\n<\/div>\n<div class=\"entry-tags\">\n<h2>TEMAS QUE APARECEN EN ESTA NOTA<\/h2>\n<\/p><\/div>\n","protected":false},"excerpt":{"rendered":"<p>Empez\u00f3 el juicio en Suiza contra Joseph Blatter y Michel Platini, ex presidentes de la FIFA y de la UEFA, respectivamente. Se enfrentan a cargos por fraude, falsificaci\u00f3n de documentos y gesti\u00f3n desleal, entre otros. Joseph Blatter, ex presidente de la FIFA, antes de entrar al Tribunal. (AFP) Mir\u00e1 tambi\u00e9n Mir\u00e1 tambi\u00e9n Seg\u00fan la fiscal\u00eda [&hellip;]<\/p>\n","protected":false},"author":1,"featured_media":42813,"comment_status":"open","ping_status":"closed","sticky":false,"template":"","format":"standard","meta":[],"categories":[16],"tags":[],"_links":{"self":[{"href":"http:\/\/hoycordobaweb.com\/index.php\/wp-json\/wp\/v2\/posts\/42812"}],"collection":[{"href":"http:\/\/hoycordobaweb.com\/index.php\/wp-json\/wp\/v2\/posts"}],"about":[{"href":"http:\/\/hoycordobaweb.com\/index.php\/wp-json\/wp\/v2\/types\/post"}],"author":[{"embeddable":true,"href":"http:\/\/hoycordobaweb.com\/index.php\/wp-json\/wp\/v2\/users\/1"}],"replies":[{"embeddable":true,"href":"http:\/\/hoycordobaweb.com\/index.php\/wp-json\/wp\/v2\/comments?post=42812"}],"version-history":[{"count":0,"href":"http:\/\/hoycordobaweb.com\/index.php\/wp-json\/wp\/v2\/posts\/42812\/revisions"}],"wp:featuredmedia":[{"embeddable":true,"href":"http:\/\/hoycordobaweb.com\/index.php\/wp-json\/wp\/v2\/media\/42813"}],"wp:attachment":[{"href":"http:\/\/hoycordobaweb.com\/index.php\/wp-json\/wp\/v2\/media?parent=42812"}],"wp:term":[{"taxonomy":"category","embeddable":true,"href":"http:\/\/hoycordobaweb.com\/index.php\/wp-json\/wp\/v2\/categories?post=42812"},{"taxonomy":"post_tag","embeddable":true,"href":"http:\/\/hoycordobaweb.com\/index.php\/wp-json\/wp\/v2\/tags?post=42812"}],"curies":[{"name":"wp","href":"https:\/\/api.w.org\/{rel}","templated":true}]}}