{"id":42810,"date":"2022-06-07T16:18:38","date_gmt":"2022-06-07T16:18:38","guid":{"rendered":"https:\/\/manoamanocba.com.ar\/?p=5393"},"modified":"2022-06-07T16:18:38","modified_gmt":"2022-06-07T16:18:38","slug":"gustavo-tobi-la-nueva-generacion-de-periodistas-son-transcriptores-de-google-o-wikipedia","status":"publish","type":"post","link":"http:\/\/hoycordobaweb.com\/index.php\/2022\/06\/07\/gustavo-tobi-la-nueva-generacion-de-periodistas-son-transcriptores-de-google-o-wikipedia\/","title":{"rendered":"Gustavo Tobi: \u201cLa nueva generaci\u00f3n de periodistas son transcriptores de Google o Wikipedia\u201d"},"content":{"rendered":"<p><span><strong>Gustavo Tobi<\/strong> lleva m\u00e1s de 60 a\u00f1os en el periodismo. Comenz\u00f3 sus primeros pasos como cadete de Radio Universidad en 1947, fue corresponsal de Canal 13 de Buenos Aires y se convirti\u00f3 en la cara visible del noticiero del mediod\u00eda de <strong>El Doce.<\/strong><\/span><\/p>\n<p><span>En 2020 dej\u00f3 la conducci\u00f3n del canal con su entra\u00f1able frase \u201cha sido un gusto informarlos\u201d, pero a sus 80 a\u00f1os sigue vinculado al periodismo con el programa <em>\u201cC\u00f3rdoba al Mundo\u201d<\/em>, que se transmite los lunes a las 22 por <em>Canal C<\/em>.<\/span><\/p>\n<p><a href=\"http:\/\/manoamanocba.com.ar\/wp-content\/uploads\/2022\/06\/maxresdefault.jpg\"><img loading=\"lazy\" class=\"size-medium wp-image-5395 aligncenter\" src=\"http:\/\/hoycordobaweb.com\/wp-content\/uploads\/2022\/06\/gustavo-tobi-la-nueva-generacion-de-periodistas-son-transcriptores-de-google-o-wikipedia.jpg\" alt width=\"300\" height=\"169\" srcset=\"http:\/\/hoycordobaweb.com\/wp-content\/uploads\/2022\/06\/gustavo-tobi-la-nueva-generacion-de-periodistas-son-transcriptores-de-google-o-wikipedia.jpg 300w, http:\/\/hoycordobaweb.com\/wp-content\/uploads\/2022\/06\/gustavo-tobi-la-nueva-generacion-de-periodistas-son-transcriptores-de-google-o-wikipedia-3.jpg 1024w, http:\/\/hoycordobaweb.com\/wp-content\/uploads\/2022\/06\/gustavo-tobi-la-nueva-generacion-de-periodistas-son-transcriptores-de-google-o-wikipedia-4.jpg 768w, http:\/\/hoycordobaweb.com\/wp-content\/uploads\/2022\/06\/gustavo-tobi-la-nueva-generacion-de-periodistas-son-transcriptores-de-google-o-wikipedia-5.jpg 1280w\" sizes=\"(max-width: 300px) 100vw, 300px\"><\/a><\/p>\n<p><span>Reportero de coberturas hist\u00f3ricas como el <strong>Cordobazo<\/strong> o desde Cabo Ca\u00f1averal con <strong>la llegada del hombre a la Luna<\/strong>, Gustavo Tobi reflexiona sobre la profesi\u00f3n en el marco de celebraci\u00f3n por el <strong>D\u00eda del Periodista en Argentina<\/strong>.<\/span><\/p>\n<p><span>Cuando parec\u00eda que estaba destinado a heredar la misma profesi\u00f3n de su padre, Tobi llega al periodismo por necesidad econ\u00f3mica y se decide por abandonar el segundo a\u00f1o de Medicina.<\/span><\/p>\n<p><b>\u00bfEn qu\u00e9 momento se decidi\u00f3 por abandonar medicina y continuar con el periodismo?<\/b><\/p>\n<p><i><span>Fue una cuesti\u00f3n que se fue dando sola. Como consecuencia de que el periodismo te va atrapando poco a poco. Adem\u00e1s vi algunos m\u00e9dicos, no todos, que no eran los sacerdotes que pensaba, sino que hab\u00eda, como en todos los \u00e1mbitos de la vida, algunos intereses econ\u00f3micos por encima de la medicina. Eso no me gust\u00f3 y me llev\u00f3 a dejar de estudiar.<\/span><\/i><\/p>\n<p><span>No duda en responder que lo que m\u00e1s le gusta del periodismo <em>\u201ces incomodar a los poderosos y hacerlos titubear\u201d<\/em>. Asegura que se ha peleado con \u201ctodo el mundo\u201d, desde pol\u00edticos, empresarios y sindicalistas hasta artistas.<\/span><\/p>\n<p><span>\u201c<strong>Hice enojar a Julio Iglesias<\/strong> porque le dije que desafinaba. Estaba diciendo la verdad. \u2018Yo s\u00e9 que canto muy mal\u2019, me confes\u00f3. De todas maneras, es el artista con mayor venta de discos latinos en toda la historia de la m\u00fasica\u201d, reconoce.<\/span><\/p>\n<p><span>Tambi\u00e9n rememora discusiones con personalidades con las que ten\u00eda una larga amistad, como <strong>Ram\u00f3n Bautista Mestre<\/strong>. \u201cCuando era gobernador le preguntaba las peores cosas que se le pod\u00edan preguntar. Me pateaba por debajo de la mesa\u201d, cuenta.<\/span><\/p>\n<p><a href=\"http:\/\/manoamanocba.com.ar\/wp-content\/uploads\/2022\/06\/gustavo-tobi-estudio.jpg\"><img loading=\"lazy\" class=\"size-medium wp-image-5396 aligncenter\" src=\"http:\/\/hoycordobaweb.com\/wp-content\/uploads\/2022\/06\/gustavo-tobi-la-nueva-generacion-de-periodistas-son-transcriptores-de-google-o-wikipedia-1.jpg\" alt width=\"300\" height=\"169\" srcset=\"http:\/\/hoycordobaweb.com\/wp-content\/uploads\/2022\/06\/gustavo-tobi-la-nueva-generacion-de-periodistas-son-transcriptores-de-google-o-wikipedia-6.jpg 300w, http:\/\/hoycordobaweb.com\/wp-content\/uploads\/2022\/06\/gustavo-tobi-la-nueva-generacion-de-periodistas-son-transcriptores-de-google-o-wikipedia-7.jpg 768w, http:\/\/hoycordobaweb.com\/wp-content\/uploads\/2022\/06\/gustavo-tobi-la-nueva-generacion-de-periodistas-son-transcriptores-de-google-o-wikipedia-8.jpg 803w\" sizes=\"(max-width: 300px) 100vw, 300px\"><\/a><\/p>\n<p><b>\u00bfCu\u00e1l es su mayor virtud y cu\u00e1l su mayor defecto en el periodismo?<\/b><\/p>\n<p><i><span>La mayor virtud es haber estudiado todos los temas y cada uno de los personajes, jam\u00e1s decir una noticia que no ha sido correctamente corroborada. Y el mayor defecto es, muchas veces por cuestiones que tienen que ver con la persistencia y sobre todo la conservaci\u00f3n del trabajo, m\u00e1s que nada en \u00e9poca de militares, que decir exactamente lo que estaba sucediendo pod\u00eda significar perder el trabajo. Lamentablemente el defecto es algo natural para muchos periodistas, que en muchas ocasiones deben resignar el punto de vista, vocaci\u00f3n y opini\u00f3n, porque, salvo que seas muy poderoso, que seas el due\u00f1o del medio de comunicaci\u00f3n, raramente se puede decir absolutamente todo. Pod\u00e9s decir parte, pero no todo lo que pensas.<\/span><\/i><\/p>\n<p><span>Sostiene que evolucionaron todos los aspectos del periodismo en estos m\u00e1s de 60 a\u00f1os que lleva de profesi\u00f3n, pero lo que m\u00e1s cuestiona y lamenta en la actualidad es la falta de corroboraci\u00f3n de las noticias.<\/span><\/p>\n<p><span>\u201cMuchas veces, como ocurre con los m\u00fasicos y poetas, se copian unos a otros, y por decir una noticia que surge, se desparrama como un reguero de p\u00f3lvora, muchas veces ni siquiera se corrobora, y entonces se cometen terribles errores\u201d, se\u00f1ala.<\/span><\/p>\n<p><span>Ejemplifica con los casos de <strong>\u201cCacho\u201d Fontana y Carlos Timoteo Griguol<\/strong>, quienes fueron dados por muertos por gran parte de los medios de comunicaci\u00f3n en un mismo d\u00eda. \u201cCreo que la falta de certeza es lo peor en el periodismo. En cuanto al estudio, <strong>la nueva generaci\u00f3n de periodistas son transcriptores de Google o Wikipedia<\/strong>. Son una herramienta m\u00e1s, que est\u00e1 plagada de errores. Es necesario tener conocimiento general\u201d, remarca.<\/span><\/p>\n<p><b>\u00bfCu\u00e1l fue el cambio al que m\u00e1s le cost\u00f3 adaptarse?<\/b><\/p>\n<p><i><span>Lo m\u00e1s significativo del caso de la televisi\u00f3n, es la forma de editar una nota. Porque en otras \u00e9pocas, que se hac\u00eda mucho m\u00e1s sencilla, me gustaba hacerla yo mismo. Las filmaciones de ahora quedan guardadas en un disco duro, para eso hay que ser especialistas, y me super\u00f3. Me adapt\u00e9 en el sentido de darle al editor las instrucciones, y si no me gustaba se lo hac\u00eda hacer de nuevo, porque hay posibilidades. Antes no, porque era una pel\u00edcula.<\/span><\/i><\/p>\n<p><b>\u00bfC\u00f3mo se lleva con las redes sociales?<\/b><\/p>\n<p><i><span>Las redes sociales las uso con lo justo, porque son una especie de exacerbaci\u00f3n del narcisismo. Todo el mundo tiene que saber d\u00f3nde est\u00e1s en Facebook, su opini\u00f3n en Twitter, y eso no se corrobora de ninguna manera. Me resulta particularmente \u00fatil en temas de pol\u00edtica y empresariales. Los pol\u00edticos en general antes enviaban gacetillas, ahora se publica en Twitter y se difunde r\u00e1pidamente. Pero ni siquiera el autor, es decir el due\u00f1o de la cuenta, es el que lo ha escrito, sino gente que trabaja para ellos. Las redes sociales hay que tomarlas muy con pinzas, porque pueden difundirse cosas que son absolutamente falsas. Pero sirven para un debate p\u00fablico.<\/span><\/i><\/p>\n<p><a href=\"http:\/\/manoamanocba.com.ar\/wp-content\/uploads\/2022\/06\/gustavo-tobi-periodista-el-doce-cordoba-canal.jpg\"><img loading=\"lazy\" class=\"size-medium wp-image-5397 aligncenter\" src=\"http:\/\/hoycordobaweb.com\/wp-content\/uploads\/2022\/06\/gustavo-tobi-la-nueva-generacion-de-periodistas-son-transcriptores-de-google-o-wikipedia-2.jpg\" alt width=\"300\" height=\"169\" srcset=\"http:\/\/hoycordobaweb.com\/wp-content\/uploads\/2022\/06\/gustavo-tobi-la-nueva-generacion-de-periodistas-son-transcriptores-de-google-o-wikipedia-9.jpg 300w, http:\/\/hoycordobaweb.com\/wp-content\/uploads\/2022\/06\/gustavo-tobi-la-nueva-generacion-de-periodistas-son-transcriptores-de-google-o-wikipedia-10.jpg 768w, http:\/\/hoycordobaweb.com\/wp-content\/uploads\/2022\/06\/gustavo-tobi-la-nueva-generacion-de-periodistas-son-transcriptores-de-google-o-wikipedia-11.jpg 803w\" sizes=\"(max-width: 300px) 100vw, 300px\"><\/a><\/p>\n<p><span>Gustavo Tobi reflexiona que los medios de comunicaci\u00f3n cayeron \u201cen la maldita grieta pol\u00edtica\u201d, porque, por un lado, dependen de las millonarias pautas de los gobiernos de turno para subsistir; y, por otro, pertenecen a grupos econ\u00f3micos con una determinada posici\u00f3n pol\u00edtica.<\/span><\/p>\n<p><span>Apunta, adem\u00e1s, que esto se profundiza en los medios denominados locales, que reciben pauta de gobiernos provinciales y municipales.<\/span><\/p>\n<p><b>Lo echaron de Canal 10, luego de negarse a las \u00f3rdenes del gobierno militar. \u00bfC\u00f3mo se sinti\u00f3 en ese momento?<\/b><\/p>\n<p><i><span>Era algo que lo esperaba, que lo ven\u00eda venir, no me tom\u00f3 por sorpresa. Tampoco me preocupaba el tema econ\u00f3mico porque ya era corresponsal de Canal 13 de Buenos Aires. Era muy joven en ese momento, y cuando uno es joven un poco le resbala. Tambi\u00e9n eso sucede cuando est\u00e1s seguro de lo que sos capaz. Despu\u00e9s con el tiempo haces una reflexi\u00f3n y te das cuenta c\u00f3mo son las cosas. A m\u00ed no me amilan\u00f3 nada, si ten\u00eda que salir a vender ballenitas en la calle, lo hac\u00eda. No hubo de mi parte ninguna tensi\u00f3n ni estr\u00e9s. Me sent\u00ed liberado, hab\u00eda una serie de tensiones en aquel entonces que eran insoportables.<\/span><\/i><\/p>\n<p><b>\u00bfSe ha enojado con otros colegas?<\/b><\/p>\n<p><i><span>Generalmente me han respetado, y me siguen respetando much\u00edsimo. Una sola vez me enoj\u00e9 con Daniel D\u00edaz (periodista de los SRT). Era nuevo en Canal 10, hizo una pregunta que ten\u00edamos que analizar, pero se la hizo de entrada al entrevistado. \u00c9ste se enoj\u00f3, se fue y no contest\u00f3 en consecuencia de eso. Yo le dije a Daniel que las cosas son as\u00ed y as\u00ed, y \u00e9l me lo reconoci\u00f3. \u2018Me diste una lecci\u00f3n de periodismo en aquel entonces\u2019, me confes\u00f3 hace pocos d\u00edas. Nadie nace sabiendo, y a mi tambi\u00e9n me pas\u00f3 muchas veces.<\/span><\/i><\/p>\n<p><b>\u00bfQu\u00e9 consejos les puede brindar a los periodistas j\u00f3venes y\/o en formaci\u00f3n?<\/b><\/p>\n<p><i><span>Que lean todo, desde un folleto hasta libros de historia universal, de pol\u00edtica, a diferentes autores y pensadores. Esto es si ten\u00e9s inter\u00e9s de hacer periodismo serio, que es lo m\u00e1s dif\u00edcil: leer, leer y leer. No depender de las redes sociales y de internet.<\/span><\/i><\/p>\n<p><em>*Fotos de El Doce y La Voz.<\/em><\/p>\n","protected":false},"excerpt":{"rendered":"<p>Gustavo Tobi lleva m\u00e1s de 60 a\u00f1os en el periodismo. Comenz\u00f3 sus primeros pasos como cadete de Radio Universidad en 1947, fue corresponsal de Canal 13 de Buenos Aires y se convirti\u00f3 en la cara visible del noticiero del mediod\u00eda de El Doce. En 2020 dej\u00f3 la conducci\u00f3n del canal con su entra\u00f1able frase \u201cha [&hellip;]<\/p>\n","protected":false},"author":1,"featured_media":42811,"comment_status":"closed","ping_status":"closed","sticky":false,"template":"","format":"standard","meta":[],"categories":[19],"tags":[],"_links":{"self":[{"href":"http:\/\/hoycordobaweb.com\/index.php\/wp-json\/wp\/v2\/posts\/42810"}],"collection":[{"href":"http:\/\/hoycordobaweb.com\/index.php\/wp-json\/wp\/v2\/posts"}],"about":[{"href":"http:\/\/hoycordobaweb.com\/index.php\/wp-json\/wp\/v2\/types\/post"}],"author":[{"embeddable":true,"href":"http:\/\/hoycordobaweb.com\/index.php\/wp-json\/wp\/v2\/users\/1"}],"replies":[{"embeddable":true,"href":"http:\/\/hoycordobaweb.com\/index.php\/wp-json\/wp\/v2\/comments?post=42810"}],"version-history":[{"count":0,"href":"http:\/\/hoycordobaweb.com\/index.php\/wp-json\/wp\/v2\/posts\/42810\/revisions"}],"wp:featuredmedia":[{"embeddable":true,"href":"http:\/\/hoycordobaweb.com\/index.php\/wp-json\/wp\/v2\/media\/42811"}],"wp:attachment":[{"href":"http:\/\/hoycordobaweb.com\/index.php\/wp-json\/wp\/v2\/media?parent=42810"}],"wp:term":[{"taxonomy":"category","embeddable":true,"href":"http:\/\/hoycordobaweb.com\/index.php\/wp-json\/wp\/v2\/categories?post=42810"},{"taxonomy":"post_tag","embeddable":true,"href":"http:\/\/hoycordobaweb.com\/index.php\/wp-json\/wp\/v2\/tags?post=42810"}],"curies":[{"name":"wp","href":"https:\/\/api.w.org\/{rel}","templated":true}]}}