{"id":42808,"date":"2022-06-08T00:10:06","date_gmt":"2022-06-08T00:10:06","guid":{"rendered":"https:\/\/manoamanocba.com.ar\/?p=5400"},"modified":"2022-06-08T00:10:06","modified_gmt":"2022-06-08T00:10:06","slug":"comienza-un-festival-coral-gratuito-en-cordoba","status":"publish","type":"post","link":"http:\/\/hoycordobaweb.com\/index.php\/2022\/06\/08\/comienza-un-festival-coral-gratuito-en-cordoba\/","title":{"rendered":"Comienza un festival coral gratuito en C\u00f3rdoba"},"content":{"rendered":"<div><img src=\"http:\/\/hoycordobaweb.com\/wp-content\/uploads\/2022\/06\/comienza-un-festival-coral-gratuito-en-cordoba.jpg\" class=\"ff-og-image-inserted\"><\/div>\n<div class=\"gmail_default\" readability=\"42\">\n<p>La misa es un acto trascendental en la liturgia cat\u00f3lica. En cuanto a su forma musical, la <em>Missa solemnis<\/em> es la m\u00e1s elaborada, mientras que la <em>Missa brevis<\/em> es una versi\u00f3n m\u00e1s corta.<\/p>\n<p>Durante el Barroco se acentu\u00f3 la diferencia entre una y otra forma musical en la ceremonia de la eucarist\u00eda. La Missa solemnis se distinguir\u00e1 entonces por su dimensi\u00f3n y elaboraci\u00f3n, en tanto la Missa brevis ser\u00e1 m\u00e1s compacta y con mayor econom\u00eda de recursos sonoros.<\/p>\n<p>Wolfgang Amadeus Mozart compuso 18 misas, nueve de ellas de acuerdo a la manera breve. La&nbsp;<b>\u00abMissa brevis N. 5\u00bb<\/b>&nbsp;-conocida como&nbsp;<b>\u00abMisa de los gorriones\u00bb&nbsp;<\/b>por algunos segmentos instrumentales en los cuales los violines parecen imitar el sonido del canto de esos p\u00e1jaros- es interpretada por el <strong>Coro de C\u00e1mara de la Provincia<\/strong>, bajo la direcci\u00f3n del maestro Gustavo Maldino.<\/p>\n<p>El coro contin\u00faa de esta manera con su tradicional ciclo de conciertos en el templo de la Compa\u00f1\u00eda de Jes\u00fas, en Trejo y Caseros. <strong>La funci\u00f3n es el pr\u00f3ximo jueves 9, a las 21<\/strong>. La entrada es libre y gratuita hasta completar la capacidad del lugar.<\/p>\n<p>En la interpretaci\u00f3n de esta obra del genio del Clasicismo, se destaca la participaci\u00f3n como solistas de Marcela Arg\u00fcello (soprano), Mar\u00eda Victoria Moyano Febre (contralto), Gustavo B\u00e1ez (tenor) y Humberto Savid (bajo).<\/p>\n<p>El acompa\u00f1amiento en piano es de Marina Acu\u00f1a. El programa contiene un Kyrie, tambi\u00e9n de Mozart, con Acu\u00f1a como solista, y piezas de los&nbsp;<b>\u00abResponsorios de tinieblas\u00bb<\/b>, de Carlo Gesualdo.<\/p>\n<\/div>\n","protected":false},"excerpt":{"rendered":"<p>La misa es un acto trascendental en la liturgia cat\u00f3lica. En cuanto a su forma musical, la Missa solemnis es la m\u00e1s elaborada, mientras que la Missa brevis es una versi\u00f3n m\u00e1s corta. Durante el Barroco se acentu\u00f3 la diferencia entre una y otra forma musical en la ceremonia de la eucarist\u00eda. La Missa solemnis [&hellip;]<\/p>\n","protected":false},"author":1,"featured_media":42809,"comment_status":"closed","ping_status":"closed","sticky":false,"template":"","format":"standard","meta":[],"categories":[19],"tags":[],"_links":{"self":[{"href":"http:\/\/hoycordobaweb.com\/index.php\/wp-json\/wp\/v2\/posts\/42808"}],"collection":[{"href":"http:\/\/hoycordobaweb.com\/index.php\/wp-json\/wp\/v2\/posts"}],"about":[{"href":"http:\/\/hoycordobaweb.com\/index.php\/wp-json\/wp\/v2\/types\/post"}],"author":[{"embeddable":true,"href":"http:\/\/hoycordobaweb.com\/index.php\/wp-json\/wp\/v2\/users\/1"}],"replies":[{"embeddable":true,"href":"http:\/\/hoycordobaweb.com\/index.php\/wp-json\/wp\/v2\/comments?post=42808"}],"version-history":[{"count":0,"href":"http:\/\/hoycordobaweb.com\/index.php\/wp-json\/wp\/v2\/posts\/42808\/revisions"}],"wp:featuredmedia":[{"embeddable":true,"href":"http:\/\/hoycordobaweb.com\/index.php\/wp-json\/wp\/v2\/media\/42809"}],"wp:attachment":[{"href":"http:\/\/hoycordobaweb.com\/index.php\/wp-json\/wp\/v2\/media?parent=42808"}],"wp:term":[{"taxonomy":"category","embeddable":true,"href":"http:\/\/hoycordobaweb.com\/index.php\/wp-json\/wp\/v2\/categories?post=42808"},{"taxonomy":"post_tag","embeddable":true,"href":"http:\/\/hoycordobaweb.com\/index.php\/wp-json\/wp\/v2\/tags?post=42808"}],"curies":[{"name":"wp","href":"https:\/\/api.w.org\/{rel}","templated":true}]}}