{"id":42750,"date":"2022-06-07T11:53:43","date_gmt":"2022-06-07T11:53:43","guid":{"rendered":"http:\/\/hoycordobaweb.com\/index.php\/2022\/06\/07\/luis-suarez-por-julian-alvarez-gallardo-y-river-se-preparan-para-romper-el-mercado\/"},"modified":"2022-06-07T11:53:43","modified_gmt":"2022-06-07T11:53:43","slug":"luis-suarez-por-julian-alvarez-gallardo-y-river-se-preparan-para-romper-el-mercado","status":"publish","type":"post","link":"http:\/\/hoycordobaweb.com\/index.php\/2022\/06\/07\/luis-suarez-por-julian-alvarez-gallardo-y-river-se-preparan-para-romper-el-mercado\/","title":{"rendered":"\u00bfLuis Su\u00e1rez por Juli\u00e1n \u00c1lvarez? Gallardo y River se preparan para romper el mercado"},"content":{"rendered":"<p><b>F\u00daTBOL ARGENTINO<\/b>. Un periodista argentino asegura que es el sue\u00f1o del Mu\u00f1eco y que ya hubo contacto con el uruguayo. Luis Su\u00e1rez, el delantero que&nbsp;&#8230; <\/p>\n","protected":false},"excerpt":{"rendered":"<p>F\u00daTBOL ARGENTINO. Un periodista argentino asegura que es el sue\u00f1o del Mu\u00f1eco y que ya hubo contacto con el uruguayo. Luis Su\u00e1rez, el delantero que&nbsp;&#8230;<\/p>\n","protected":false},"author":1,"featured_media":0,"comment_status":"closed","ping_status":"closed","sticky":false,"template":"","format":"standard","meta":[],"categories":[22],"tags":[],"_links":{"self":[{"href":"http:\/\/hoycordobaweb.com\/index.php\/wp-json\/wp\/v2\/posts\/42750"}],"collection":[{"href":"http:\/\/hoycordobaweb.com\/index.php\/wp-json\/wp\/v2\/posts"}],"about":[{"href":"http:\/\/hoycordobaweb.com\/index.php\/wp-json\/wp\/v2\/types\/post"}],"author":[{"embeddable":true,"href":"http:\/\/hoycordobaweb.com\/index.php\/wp-json\/wp\/v2\/users\/1"}],"replies":[{"embeddable":true,"href":"http:\/\/hoycordobaweb.com\/index.php\/wp-json\/wp\/v2\/comments?post=42750"}],"version-history":[{"count":0,"href":"http:\/\/hoycordobaweb.com\/index.php\/wp-json\/wp\/v2\/posts\/42750\/revisions"}],"wp:attachment":[{"href":"http:\/\/hoycordobaweb.com\/index.php\/wp-json\/wp\/v2\/media?parent=42750"}],"wp:term":[{"taxonomy":"category","embeddable":true,"href":"http:\/\/hoycordobaweb.com\/index.php\/wp-json\/wp\/v2\/categories?post=42750"},{"taxonomy":"post_tag","embeddable":true,"href":"http:\/\/hoycordobaweb.com\/index.php\/wp-json\/wp\/v2\/tags?post=42750"}],"curies":[{"name":"wp","href":"https:\/\/api.w.org\/{rel}","templated":true}]}}