{"id":42707,"date":"2022-06-03T14:16:59","date_gmt":"2022-06-03T14:16:59","guid":{"rendered":"https:\/\/ladecimaweb.com\/?p=13656"},"modified":"2022-06-03T14:16:59","modified_gmt":"2022-06-03T14:16:59","slug":"se-celebra-el-dia-del-cuarteto-con-una-gran-fiesta-musical","status":"publish","type":"post","link":"http:\/\/hoycordobaweb.com\/index.php\/2022\/06\/03\/se-celebra-el-dia-del-cuarteto-con-una-gran-fiesta-musical\/","title":{"rendered":"Se celebra el d\u00eda del cuarteto con una gran fiesta musical"},"content":{"rendered":"<div class=\"boldgrid-section\">\n<div class=\"container\">\n<div class=\"row\">\n<div class=\"col-md-12 col-xs-12 col-sm-12\">\n<p class=\"\"><em><strong>Ser\u00e1 a las 11 horas en la explanada del Cabildo y contar\u00e1 con la participaci\u00f3n de referentes locales del cuarteto.El evento estar\u00e1 abierto a toda la comunidad de manera gratuita.<\/strong><\/em><\/p>\n<p>Ma\u00f1ana s\u00e1bado 4 de junio, desde las 11 horas, en la explanada del Cabildo, se vivir\u00e1 una verdadera fiesta.<\/p>\n<p class=\"\">El D\u00eda del Cuarteto contar\u00e1 con un gran escenario que permitir\u00e1 disfrutar de un show musical abierto y gratuito para toda la ciudad, en el marco de los 79 a\u00f1os del cuarteto y a 100 a\u00f1os del nacimiento de Leonor Marzano, la pionera de este ritmo identitario de nuestra cultura local.<\/p>\n<p>El municipio, a trav\u00e9s de la secretaria de Cultura, convoca a celebrar el \u201cTunga Tunga\u201d junto a Ayrton Gelfo y El legado de Carlitos Rol\u00e1n, referentes de este g\u00e9nero tan cordob\u00e9s, La Gata Noelia y Lore Jim\u00e9nez, dos mujeres con sello propio y de amplia trayectoria en los escenarios cordobeses y nacionales.<\/p>\n<p>De esta manera, con la m\u00fasica como encuentro y cercan\u00eda, se vivir\u00e1 en pleno centro de C\u00f3rdoba, lo que se disfruta y vivencia en tantas calles, plazas, salones y hogares cordobeses desde hace casi 80 a\u00f1os.<\/p>\n<p>Grilla<\/p>\n<p class=\"\">11:00 DJ<br \/>\n11:40 Ayrton Gelfo y La Leo<br \/>\n12:20 la Gata Noelia<br \/>\n13:00 El legado de Carlitos Rol\u00e1n<br \/>\n13:40 Lore Jim\u00e9nez<\/p>\n<p class=\"\">\n<div class=\"ubm_banner\"><a href=\"https:\/\/www.cba.gov.ar\/10-mil-viviendas\/?csrt=8333084810548506306\" target=\"_blank\" rel=\"dofollow noopener noreferrer\"><img src=\"http:\/\/hoycordobaweb.com\/wp-content\/uploads\/2022\/06\/se-celebra-el-dia-del-cuarteto-con-una-gran-fiesta-musical.gif\" alt=\"\"><\/a><\/div>\n<\/div>\n<\/div>\n<\/div>\n<\/div>\n<p>La entrada <a rel=\"nofollow\" href=\"https:\/\/ladecimaweb.com\/se-celebra-el-dia-del-cuarteto-con-una-gran-fiesta-musical\/\">Se celebra el d\u00eda del cuarteto con una gran fiesta musical<\/a> se public\u00f3 primero en <a rel=\"nofollow\" href=\"https:\/\/ladecimaweb.com\">LaDecima<\/a>.<\/p>\n","protected":false},"excerpt":{"rendered":"<p>Ser\u00e1 a las 11 horas en la explanada del Cabildo y contar\u00e1 con la participaci\u00f3n de referentes locales del cuarteto.El evento estar\u00e1 abierto a toda la comunidad de manera gratuita. Ma\u00f1ana s\u00e1bado 4 de junio, desde las 11 horas, en la explanada del Cabildo, se vivir\u00e1 una verdadera fiesta. El D\u00eda del Cuarteto contar\u00e1 con [&hellip;]<\/p>\n","protected":false},"author":1,"featured_media":42708,"comment_status":"closed","ping_status":"closed","sticky":false,"template":"","format":"standard","meta":[],"categories":[19],"tags":[],"_links":{"self":[{"href":"http:\/\/hoycordobaweb.com\/index.php\/wp-json\/wp\/v2\/posts\/42707"}],"collection":[{"href":"http:\/\/hoycordobaweb.com\/index.php\/wp-json\/wp\/v2\/posts"}],"about":[{"href":"http:\/\/hoycordobaweb.com\/index.php\/wp-json\/wp\/v2\/types\/post"}],"author":[{"embeddable":true,"href":"http:\/\/hoycordobaweb.com\/index.php\/wp-json\/wp\/v2\/users\/1"}],"replies":[{"embeddable":true,"href":"http:\/\/hoycordobaweb.com\/index.php\/wp-json\/wp\/v2\/comments?post=42707"}],"version-history":[{"count":0,"href":"http:\/\/hoycordobaweb.com\/index.php\/wp-json\/wp\/v2\/posts\/42707\/revisions"}],"wp:featuredmedia":[{"embeddable":true,"href":"http:\/\/hoycordobaweb.com\/index.php\/wp-json\/wp\/v2\/media\/42708"}],"wp:attachment":[{"href":"http:\/\/hoycordobaweb.com\/index.php\/wp-json\/wp\/v2\/media?parent=42707"}],"wp:term":[{"taxonomy":"category","embeddable":true,"href":"http:\/\/hoycordobaweb.com\/index.php\/wp-json\/wp\/v2\/categories?post=42707"},{"taxonomy":"post_tag","embeddable":true,"href":"http:\/\/hoycordobaweb.com\/index.php\/wp-json\/wp\/v2\/tags?post=42707"}],"curies":[{"name":"wp","href":"https:\/\/api.w.org\/{rel}","templated":true}]}}