{"id":42616,"date":"2022-06-04T11:23:17","date_gmt":"2022-06-04T11:23:17","guid":{"rendered":"https:\/\/www.ole.com.ar\/futbol-internacional\/tevez-retiro-mundial-impacto_0_iaHIhQi6VX.html"},"modified":"2022-06-04T11:23:17","modified_gmt":"2022-06-04T11:23:17","slug":"las-repercusiones-del-retiro-de-tevez-a-nivel-mundial","status":"publish","type":"post","link":"http:\/\/hoycordobaweb.com\/index.php\/2022\/06\/04\/las-repercusiones-del-retiro-de-tevez-a-nivel-mundial\/","title":{"rendered":"Las repercusiones del retiro de Tevez a nivel mundial"},"content":{"rendered":"<p><img src=\"http:\/\/hoycordobaweb.com\/wp-content\/uploads\/2022\/06\/las-repercusiones-del-retiro-de-tevez-a-nivel-mundial.jpg\"><\/p>\n<p><a data-cke-saved-href=\"https:\/\/www.ole.com.ar\/boca-juniors\/tevez-retirado_0_wqfOv8iOzz.html\" target=\"_blank\" href=\"https:\/\/www.ole.com.ar\/boca-juniors\/tevez-retirado_0_wqfOv8iOzz.html\" rel=\"noopener noreferrer\"><strong>La noticia gener\u00f3 repercusiones en todo el planeta futbolero<\/strong><\/a>. Y no es para menos, teniendo en cuenta la importante trayectoria de Carlos Tevez. A los 38 pirulos y luego de haberse alejado de Boca hace un a\u00f1o, <strong>el Apache confirm\u00f3 oficialmente que colg\u00f3 los botines, abandonando de manera definitiva la actividad profesional<\/strong>. Atr\u00e1s queda una exitosa carrera, dejando su huella en distintos rincones: <mark>Corinthians de Brasil, West Ham, Manchester United y Manchester City en Inglaterra: Juventus de Italia y Shanghai Shenhua de China, adem\u00e1s del Xeneize. Y Selecci\u00f3n Argentina, desde luego. 29 t\u00edtulos en total (11 en Boca) para su vitrina personal.&nbsp;<\/mark><\/p>\n<div class=\"sp__SM\">\n<div class=\"content-new \">\n<span class=\"tit-mobile\">Mir\u00e1 tambi\u00e9n<\/span><\/p>\n<div class=\"mg\">\n<div class=\"wrap-figure\">\n<picture>\n<a href=\"https:\/\/www.ole.com.ar\/boca-juniors\/tevez-dt-retegui-entrenador_0_Qznw3nCQem.html\" target=\"_self\" rel=\"noopener noreferrer\"><br \/>\n<img class=\"img-responsive\" alt=\"Tevez y su futuro: &quot;Voy a ser DT, estoy para dirigir&quot;\" src=\"http:\/\/hoycordobaweb.com\/wp-content\/uploads\/2022\/06\/las-repercusiones-del-retiro-de-tevez-a-nivel-mundial-2.jpg\" loading=\"lazy\"><br \/>\n<\/a>\n<\/picture>\n<\/div>\n<\/div><\/div>\n<\/div>\n<div class=\"sp__Normal\">\n<div class=\"image-embeb image-trigger\" readability=\"6\">\n<picture><source media=\"(min-width: 720px)\" srcset=\"http:\/\/hoycordobaweb.com\/wp-content\/uploads\/2022\/06\/las-repercusiones-del-retiro-de-tevez-a-nivel-mundial-3.jpg\"><img itemprop=\"image\" src=\"http:\/\/hoycordobaweb.com\/wp-content\/uploads\/2022\/06\/las-repercusiones-del-retiro-de-tevez-a-nivel-mundial-3.jpg\" loading=\"lazy\" alt=\"Tevez y el saludo de Conmebol.\">\n<\/picture><figcaption readability=\"2\">\n<p>Tevez y el saludo de Conmebol.\n<\/p>\n<\/figcaption><\/div>\n<\/div>\n<div class=\"sp__SM\">\n<div class=\"content-new \">\n<span class=\"tit-mobile\">Mir\u00e1 tambi\u00e9n<\/span><\/p>\n<div class=\"mg\">\n<div class=\"wrap-figure\">\n<picture>\n<a href=\"https:\/\/www.ole.com.ar\/boca-juniors\/tevez-retirado_0_wqfOv8iOzz.html\" target=\"_self\" rel=\"noopener noreferrer\"><br \/>\n<img class=\"img-responsive\" alt=\"Tevez: &quot;Dej\u00e9 de jugar porque perd\u00ed a mi fan n\u00famero uno, mi pap\u00e1&quot;\" src=\"http:\/\/hoycordobaweb.com\/wp-content\/uploads\/2022\/06\/las-repercusiones-del-retiro-de-tevez-a-nivel-mundial-4.jpg\" loading=\"lazy\"><br \/>\n<\/a>\n<\/picture>\n<\/div>\n<\/div><\/div>\n<\/div>\n<div class=\"sp__Normal htmlLibre\" readability=\"6\">\n<div class=\"mt\" readability=\"7\">\n<h2>Mir\u00e1 el mano a mano con Fantino<\/h2>\n<p>Escuch\u00e1 lo que dijo el Apache.<\/p>\n<hr>\n<\/div>\n<p><iframe width=\"560\" height=\"315\" src=\"\/\/www.youtube.com\/embed\/l4otQOc_2bk\" title=\"YouTube video player\" frameborder=\"0\" allow=\"accelerometer; autoplay; clipboard-write; encrypted-media; gyroscope; picture-in-picture\" allowfullscreen>[embedded content]<\/iframe><\/p>\n<\/div>\n<p>\u00abEstoy bien disfrutando mi vida, mi familia, lo m\u00edo<strong>. Mucho tiempo jugu\u00e9, mucho tiempo perdido. Estoy retirado, confirmado. Me ofrecieron muchas cosas, pero era un cambio muy importante para mi familia. Como jugador ya di todo lo que ten\u00eda dentro de mi coraz\u00f3n<\/strong>, eso me deja m\u00e1s que tranquilo. Me levant\u00e9 un d\u00eda y dije &#8216;no juego m\u00e1s&#8217;, lo llam\u00e9 a mi representante y se lo dije. A la noche lo llam\u00e9 a Riquelme y le ped\u00ed hacer la conferencia\u00bb, expres\u00f3 Carlitos en el programa de Alejandro Fantino.<\/p>\n<h2><strong><mark>LAS REPERCUSIONES\u200b A NIVEL MUNDIAL<\/mark><\/strong><br \/><\/h2>\n<p>A continuaci\u00f3n, a nivel global, te mostramos el impacto en el \u00e1mbito internacional. <strong>Saludos y distintas menciones de clubes (el City, el United, West Ham, Juventus), medios de prensa y asociaciones<\/strong>. Entre ellos, <mark>Conmebol y la UEFA, a partir de la cuenta oficial de Champions League. <\/mark><\/p>\n<div class=\"sp__Normal htmlLibre\">\n<div class=\"embed-responsive-c\" readability=\"7.7534818941504\">\n<blockquote class=\"twitter-tweet\" readability=\"9.7938718662953\">\n<p lang=\"es\" dir=\"ltr\">\ud83d\udc4f\ud83d\udc4f\ud83d\udc4f \u201cComo jugador di todo, di todo lo que ten\u00eda en mi coraz\u00f3n\u201d<\/p>\n<p>\u26bd\ufe0f Carlos Tevez anunci\u00f3 su retiro definitivo del f\u00fatbol a los 38 a\u00f1os y deja atr\u00e1s una carrera marcada por la gloria.<\/p>\n<p>\ud83d\udd35\ud83d\udfe1 Fue campe\u00f3n de la CONMEBOL <a href=\"https:\/\/twitter.com\/hashtag\/Libertadores?src=hash&amp;ref_src=twsrc%5Etfw\">#Libertadores<\/a> 2003 con <a href=\"https:\/\/twitter.com\/BocaJrsOficial?ref_src=twsrc%5Etfw\">@BocaJrsOficial<\/a>. <a href=\"https:\/\/t.co\/syQRkkXFIE\">pic.twitter.com\/syQRkkXFIE<\/a><\/p>\n<p>\u2014 CONMEBOL Libertadores (@Libertadores) <a href=\"https:\/\/twitter.com\/Libertadores\/status\/1532927868275200003?ref_src=twsrc%5Etfw\">June 4, 2022<\/a><\/p><\/blockquote><\/div>\n<\/div>\n<div class=\"sp__Normal htmlLibre\">\n<div class=\"embed-responsive-c\" readability=\"6.0593220338983\">\n<blockquote class=\"twitter-tweet\" readability=\"5.5932203389831\">\n<p lang=\"en\" dir=\"ltr\">Carlos Tevez has confirmed his retirement from professional football at the age of 38 following the death of his father.<\/p>\n<p>\u2014 Sky Sports Premier League (@SkySportsPL) <a href=\"https:\/\/twitter.com\/SkySportsPL\/status\/1533032799510351873?ref_src=twsrc%5Etfw\">June 4, 2022<\/a><\/p><\/blockquote><\/div>\n<\/div>\n<div class=\"sp__Normal\">\n<div class=\"image-embeb image-trigger\">\n<picture><source media=\"(min-width: 720px)\" srcset=\"http:\/\/hoycordobaweb.com\/wp-content\/uploads\/2022\/06\/las-repercusiones-del-retiro-de-tevez-a-nivel-mundial-5.jpg\"><img itemprop=\"image\" src=\"http:\/\/hoycordobaweb.com\/wp-content\/uploads\/2022\/06\/las-repercusiones-del-retiro-de-tevez-a-nivel-mundial-5.jpg\" loading=\"lazy\" alt=\"Tuttosport de Italia.\">\n<\/picture><figcaption>\n<p>Tuttosport de Italia.\n<\/p>\n<\/figcaption><\/div>\n<\/div>\n<div class=\"sp__Normal htmlLibre\">\n<div class=\"embed-responsive-c\" readability=\"6.2162162162162\">\n<blockquote class=\"twitter-tweet\" readability=\"6.6306306306306\">\n<p lang=\"en\" dir=\"ltr\">Carlos Tevez has announced his retirement from football at the age of 38\ud83c\udde6\ud83c\uddf7<\/p>\n<p>A reminder of when he featured in one of the best fan + player photos of all time. <a href=\"https:\/\/t.co\/FC3odu29c3\">pic.twitter.com\/FC3odu29c3<\/a><\/p>\n<p>\u2014 COPA90 (@Copa90) <a href=\"https:\/\/twitter.com\/Copa90\/status\/1533042888430473216?ref_src=twsrc%5Etfw\">June 4, 2022<\/a><\/p><\/blockquote><\/div>\n<\/div>\n<div class=\"sp__Normal htmlLibre\">\n<div class=\"embed-responsive-c\" readability=\"5.6633165829146\">\n<blockquote class=\"twitter-tweet\" readability=\"5.6633165829146\">\n<p lang=\"en\" dir=\"ltr\">Carlos Tevez has confirmed his retirement from professional football at the age of 38. <\/p>\n<p>The boy could really play \ud83e\udd29<a href=\"https:\/\/t.co\/Dy2goGov3I\">pic.twitter.com\/Dy2goGov3I<\/a><\/p>\n<p>\u2014 Football on BT Sport (@btsportfootball) <a href=\"https:\/\/twitter.com\/btsportfootball\/status\/1533039335896780800?ref_src=twsrc%5Etfw\">June 4, 2022<\/a><\/p><\/blockquote><\/div>\n<\/div>\n<div class=\"sp__Normal htmlLibre\">\n<div class=\"embed-responsive-c\" readability=\"7.4680511182109\">\n<blockquote class=\"twitter-tweet\" readability=\"8.7859424920128\">\n<p lang=\"fr\" dir=\"ltr\">\ud83d\udea8 OFFICIEL ! Carlos Tevez annonce prendre sa retraite apr\u00e8s le d\u00e9c\u00e8s de son p\u00e8re adoptif ! \ud83d\ude22 \u274c<\/p>\n<p>\ud83d\udde3 \u00abJ&#8217;ai d\u00e9cid\u00e9 d&#8217;arr\u00eater de jouer parce que j&#8217;ai perdu mon plus grand fan et ma motivation.\u00bb<\/p>\n<p>Bonne continuation l\u00e9gende \u2764 \ud83c\udde6\ud83c\uddf7 <a href=\"https:\/\/t.co\/sjqwkoNa6q\">pic.twitter.com\/sjqwkoNa6q<\/a><\/p>\n<p>\u2014 Foot11.com (@LBDFootball) <a href=\"https:\/\/twitter.com\/LBDFootball\/status\/1533036528720662529?ref_src=twsrc%5Etfw\">June 4, 2022<\/a><\/p><\/blockquote><\/div>\n<\/div>\n<div class=\"sp__Normal htmlLibre\">\n<div class=\"embed-responsive-c\" readability=\"7.0161812297735\">\n<blockquote class=\"twitter-tweet\" readability=\"7.8932038834951\">\n<p lang=\"fr\" dir=\"ltr\">\u2705 OFFICIEL ! Carlos Tevez annonce qu&#8217;il met un terme \u00e0 sa carri\u00e8re professionnelle ! \ud83c\udde6\ud83c\uddf7\ud83d\udc4b<\/p>\n<p>\u00abJ&#8217;ai arr\u00eat\u00e9 de jouer parce que j&#8217;ai perdu mon plus grand fan (son p\u00e8re adoptif qui est mort l&#8217;ann\u00e9e derni\u00e8re) et ma motivation.\u00bb <a href=\"https:\/\/t.co\/5exrYh4Oyu\">pic.twitter.com\/5exrYh4Oyu<\/a><\/p>\n<p>\u2014 Lagazettefoot (@lagazettefoot) <a href=\"https:\/\/twitter.com\/lagazettefoot\/status\/1533026083116834818?ref_src=twsrc%5Etfw\">June 4, 2022<\/a><\/p><\/blockquote><\/div>\n<\/div>\n<div class=\"entry-tags\">\n<h2>TEMAS QUE APARECEN EN ESTA NOTA<\/h2>\n<\/p><\/div>\n","protected":false},"excerpt":{"rendered":"<p>La noticia gener\u00f3 repercusiones en todo el planeta futbolero. Y no es para menos, teniendo en cuenta la importante trayectoria de Carlos Tevez. A los 38 pirulos y luego de haberse alejado de Boca hace un a\u00f1o, el Apache confirm\u00f3 oficialmente que colg\u00f3 los botines, abandonando de manera definitiva la actividad profesional. Atr\u00e1s queda una [&hellip;]<\/p>\n","protected":false},"author":1,"featured_media":42617,"comment_status":"open","ping_status":"closed","sticky":false,"template":"","format":"standard","meta":[],"categories":[16],"tags":[],"_links":{"self":[{"href":"http:\/\/hoycordobaweb.com\/index.php\/wp-json\/wp\/v2\/posts\/42616"}],"collection":[{"href":"http:\/\/hoycordobaweb.com\/index.php\/wp-json\/wp\/v2\/posts"}],"about":[{"href":"http:\/\/hoycordobaweb.com\/index.php\/wp-json\/wp\/v2\/types\/post"}],"author":[{"embeddable":true,"href":"http:\/\/hoycordobaweb.com\/index.php\/wp-json\/wp\/v2\/users\/1"}],"replies":[{"embeddable":true,"href":"http:\/\/hoycordobaweb.com\/index.php\/wp-json\/wp\/v2\/comments?post=42616"}],"version-history":[{"count":0,"href":"http:\/\/hoycordobaweb.com\/index.php\/wp-json\/wp\/v2\/posts\/42616\/revisions"}],"wp:featuredmedia":[{"embeddable":true,"href":"http:\/\/hoycordobaweb.com\/index.php\/wp-json\/wp\/v2\/media\/42617"}],"wp:attachment":[{"href":"http:\/\/hoycordobaweb.com\/index.php\/wp-json\/wp\/v2\/media?parent=42616"}],"wp:term":[{"taxonomy":"category","embeddable":true,"href":"http:\/\/hoycordobaweb.com\/index.php\/wp-json\/wp\/v2\/categories?post=42616"},{"taxonomy":"post_tag","embeddable":true,"href":"http:\/\/hoycordobaweb.com\/index.php\/wp-json\/wp\/v2\/tags?post=42616"}],"curies":[{"name":"wp","href":"https:\/\/api.w.org\/{rel}","templated":true}]}}