{"id":42610,"date":"2022-06-04T02:30:16","date_gmt":"2022-06-04T02:30:16","guid":{"rendered":"https:\/\/www.ole.com.ar\/futbol-primera\/river-defensa-justicia_0_Hj3REfWYic.html"},"modified":"2022-06-04T02:30:16","modified_gmt":"2022-06-04T02:30:16","slug":"defensa-y-justicia-river-hora-tv-y-probables-formaciones","status":"publish","type":"post","link":"http:\/\/hoycordobaweb.com\/index.php\/2022\/06\/04\/defensa-y-justicia-river-hora-tv-y-probables-formaciones\/","title":{"rendered":"Defensa y Justicia &#8211; River: hora, TV y probables formaciones"},"content":{"rendered":"<p><img src=\"http:\/\/hoycordobaweb.com\/wp-content\/uploads\/2022\/06\/defensa-y-justicia-river-hora-tv-y-probables-formaciones.jpg\"><\/p>\n<p>Comienza un nuevo torneo para el f\u00fatbol argentino. Por la primera fecha de la Liga Profesional,&nbsp;<strong>el <a alt=\"river-plate\" class=\"slug\" href=\"https:\/\/www.ole.com.ar\/tema\/river-plate.html\" target=\"_blank\" title=\"river-plate\" rel=\"noopener noreferrer\">River<\/a> de<a alt=\"marcelo-gallardo\" class=\"slug\" href=\"https:\/\/www.ole.com.ar\/tema\/marcelo-gallardo.html\" target=\"_blank\" title=\"marcelo-gallardo\" rel=\"noopener noreferrer\"> Marcelo Gallardo<\/a>&nbsp;visita en Florencio Varela al<a alt=\"defensa-y-justicia\" class=\"slug\" href=\"https:\/\/www.ole.com.ar\/tema\/defensa-y-justicia.html\" target=\"_blank\" title=\"defensa-y-justicia\" rel=\"noopener noreferrer\"> Defensa y Justicia<\/a> de <strong><a alt=\"sebastian-becaccece\" class=\"slug\" href=\"https:\/\/www.ole.com.ar\/tema\/sebastian-becaccece.html\" target=\"_blank\" title=\"sebastian-becaccece\" rel=\"noopener noreferrer\">Sebasti\u00e1n Becaccece<\/a>.<\/strong> <\/strong>Despu\u00e9s del partidazo que armaron el semestre pasado, hay promesa de buen f\u00fatbol.<\/p>\n<h2><strong>\u00bfA qu\u00e9 hora juegan Defensa y Justicia -River?<\/strong><\/h2>\n<p>El encuentro se disputar\u00e1 este domingo a partir de las 21.30 (de Argentina) en el Estadio Norberto \u00abTito\u00bb Tomaghello, la casa de Defensa. <strong>Facundo Tello<\/strong> ser\u00e1 el \u00e1rbitro principal de esta disputa.<\/p>\n<h2><strong>\u00bfPor d\u00f3nde ver Defensa y Justicia &#8211; River?<\/strong><br \/><\/h2>\n<p>El duelo se transmitir\u00e1 por <strong>ESPN Premium<\/strong>. De todas formas, como siempre, vas a poder seguir el minuto a minuto del encuentro por la p\u00e1gina web de <strong>Ol\u00e9<\/strong>.<\/p>\n<h2><strong>\u00bfC\u00f3mo llega River?<\/strong><\/h2>\n<div class=\"sp__Normal\">\n<div class=\"image-embeb image-trigger\" readability=\"6\">\n<picture><source media=\"(min-width: 720px)\" srcset=\"http:\/\/hoycordobaweb.com\/wp-content\/uploads\/2022\/06\/defensa-y-justicia-river-hora-tv-y-probables-formaciones-2.jpg\"><img itemprop=\"image\" src=\"http:\/\/hoycordobaweb.com\/wp-content\/uploads\/2022\/06\/defensa-y-justicia-river-hora-tv-y-probables-formaciones-2.jpg\" loading=\"lazy\" alt=\"\u00c1lvarez la rompio ante Alianza Lima (Foto: Juano Tesone)\">\n<\/picture><figcaption readability=\"2\">\n<p>\u00c1lvarez la rompio ante Alianza Lima (Foto: Juano Tesone)\n<\/p>\n<\/figcaption><\/div>\n<\/div>\n<p>El \u00faltimo partido del visitante fue por la sexta fecha de la fase de grupos de la Copa Libertadores, donde <strong><a href=\"https:\/\/www.ole.com.ar\/river-plate\/river-alianza-lima-copa-libertadores_0_kCCoYHfcxS.html\" target=\"_blank\" rel=\"noopener noreferrer\">gole\u00f3 8-1 al Alianza Lima en una inolvidable noche para Juli\u00e1n \u00c1lvarez<\/a><\/strong>, que meti\u00f3 seis tantos. Luego lleg\u00f3 un descanso para los de Gallardo que ya llevan casi dos semanas sin jugar.<strong>\u200b<\/strong><\/p>\n<p>En cuanto al armado del equipo, el Mu\u00f1e cuenta con un varias bajas, como son la de su arquero <strong><a alt=\"franco-armani\" class=\"slug\" href=\"https:\/\/www.ole.com.ar\/tema\/franco-armani.html\" target=\"_blank\" title=\"franco-armani\" rel=\"noopener noreferrer\">Franco Armani<\/a> y su delantero Juli\u00e1n \u00c1lvarez<\/strong>, quienes se encuentran en Espa\u00f1a prepar\u00e1ndose para lo que ser\u00e1 el <strong><u><a href=\"https:\/\/www.ole.com.ar\/seleccion\/argentina-estonia-amistoso_0_A4EM3BglMH.html\" target=\"_blank\" rel=\"noopener noreferrer\">\u00faltimo amistoso de la Selecci\u00f3n Argentina<\/a><\/u><\/strong> antes de partir hacia <strong><a alt=\"mundial-qatar-2022\" class=\"slug\" href=\"https:\/\/www.ole.com.ar\/tema\/mundial-qatar-2022.html\" target=\"_blank\" title=\"mundial-qatar-2022\" rel=\"noopener noreferrer\">Qatar<\/a><\/strong>. Adem\u00e1s, los otros citados son<strong><a alt=\"paulo-diaz\" class=\"slug\" href=\"https:\/\/www.ole.com.ar\/tema\/paulo-diaz.html\" target=\"_blank\" title=\"paulo-diaz\" rel=\"noopener noreferrer\"> Paulo Diaz<\/a><\/strong> (Chile), <strong><a alt=\"hector-david-martinez\" class=\"slug\" href=\"https:\/\/www.ole.com.ar\/tema\/hector-david-martinez.html\" target=\"_blank\" title=\"hector-david-martinez\" rel=\"noopener noreferrer\">David Martinez<\/a> <\/strong>(Paraguay) y <strong><a alt=\"nico-de-la-cruz\" class=\"slug\" href=\"https:\/\/www.ole.com.ar\/tema\/nico-de-la-cruz.html\" target=\"_blank\" title=\"nico-de-la-cruz\" rel=\"noopener noreferrer\">Nicol\u00e1s De la Cruz<\/a><\/strong> (Uruguay).<\/p>\n<div class=\"sp__SM\">\n<div class=\"content-new \">\n<span class=\"tit-mobile\">Mir\u00e1 tambi\u00e9n<\/span><\/p>\n<div class=\"mg\">\n<div class=\"wrap-figure\">\n<picture>\n<a href=\"https:\/\/www.ole.com.ar\/racing\/racing-huracan-gago-liga-profesional_0_l4y7LUF48n.html\" target=\"_self\" rel=\"noopener noreferrer\"><br \/>\n<img class=\"img-responsive\" alt=\"Formaci\u00f3n de Racing para el debut ante Hurac\u00e1n\" src=\"http:\/\/hoycordobaweb.com\/wp-content\/uploads\/2022\/06\/defensa-y-justicia-river-hora-tv-y-probables-formaciones-3.jpg\" loading=\"lazy\"><br \/>\n<\/a>\n<\/picture>\n<\/div>\n<\/div><\/div>\n<\/div>\n<p>Las otras bajas son por lesiones e incluyen a<strong><a alt=\"matias-suarez\" class=\"slug\" href=\"https:\/\/www.ole.com.ar\/tema\/matias-suarez.html\" target=\"_blank\" title=\"matias-suarez\" rel=\"noopener noreferrer\"> Mat\u00edas Suarez <\/a><\/strong>y <strong><a alt=\"juan-fernando-quintero\" class=\"slug\" href=\"https:\/\/www.ole.com.ar\/tema\/juan-fernando-quintero.html\" target=\"_blank\" title=\"juan-fernando-quintero\" rel=\"noopener noreferrer\">Juan Fernando Quintero<\/a><\/strong>, que se encuentran en la etapa final de su recuperaci\u00f3n. Adem\u00e1s, <strong><a alt=\"milton-casco\" class=\"slug\" href=\"https:\/\/www.ole.com.ar\/tema\/milton-casco.html\" target=\"_blank\" title=\"milton-casco\" rel=\"noopener noreferrer\">Milton Casco<\/a><\/strong>&nbsp;tiene para dos semanas de recuperaci\u00f3n por un desgarro en el gemelo derecho, que se di\u00f3 en el entrenamiento del pasado&nbsp;mi\u00e9rcoles.<\/p>\n<div class=\"sp__Normal\">\n<div class=\"image-embeb image-trigger\" readability=\"6\">\n<picture><source media=\"(min-width: 720px)\" srcset=\"http:\/\/hoycordobaweb.com\/wp-content\/uploads\/2022\/06\/defensa-y-justicia-river-hora-tv-y-probables-formaciones-4.jpg\"><img itemprop=\"image\" src=\"http:\/\/hoycordobaweb.com\/wp-content\/uploads\/2022\/06\/defensa-y-justicia-river-hora-tv-y-probables-formaciones-4.jpg\" loading=\"lazy\" alt=\"Milton Casco ser\u00e1 baja para River este fin de semana. (REUTERS)\">\n<\/picture><figcaption readability=\"2\">\n<p>Milton Casco ser\u00e1 baja para River este fin de semana. (REUTERS)\n<\/p>\n<\/figcaption><\/div>\n<\/div>\n<p>Para la formaci\u00f3n, Gallardo mantiene la duda entre poner a <strong><a alt=\"emanuel-mammana\" class=\"slug\" href=\"https:\/\/www.ole.com.ar\/tema\/emanuel-mammana.html\" target=\"_blank\" title=\"emanuel-mammana\" rel=\"noopener noreferrer\">Emanuel Mammana <\/a><\/strong>o a <strong><a alt=\"andres-herrera\" class=\"slug\" href=\"https:\/\/www.ole.com.ar\/tema\/andres-herrera.html\" target=\"_blank\" title=\"andres-herrera\" rel=\"noopener noreferrer\">Andr\u00e9s Herrera<\/a><\/strong> en la \u00faltima l\u00ednea de la formaci\u00f3n titular. <strong>Con el primero, el dise\u00f1o t\u00e1ctico podr\u00eda variar a un 5-3-2 <\/strong>con <strong><a alt=\"santiago-simon\" class=\"slug\" href=\"https:\/\/www.ole.com.ar\/tema\/santiago-simon.html\" target=\"_blank\" title=\"santiago-simon\" rel=\"noopener noreferrer\">Santiago Sim\u00f3n<\/a><\/strong> jugando de lateral volante. <strong>Si en cambio ingresa desde el inicio el ex lateral derecho de San Lorenzo, el equipo jugar\u00eda&nbsp;con el tradicional 4-3-3<\/strong>.<\/p>\n<h2><strong>\u00bfC\u00f3mo llega Defensa y Justicia?<\/strong><\/h2>\n<div class=\"sp__Normal\">\n<div class=\"image-embeb image-trigger\" readability=\"6\">\n<picture><source media=\"(min-width: 720px)\" srcset=\"http:\/\/hoycordobaweb.com\/wp-content\/uploads\/2022\/06\/defensa-y-justicia-river-hora-tv-y-probables-formaciones-5.jpg\"><img itemprop=\"image\" src=\"http:\/\/hoycordobaweb.com\/wp-content\/uploads\/2022\/06\/defensa-y-justicia-river-hora-tv-y-probables-formaciones-5.jpg\" loading=\"lazy\" alt=\"Beccacece arranca un nuevo torneo al mando del Halc\u00f3n de Varela.\">\n<\/picture><figcaption readability=\"2\">\n<p>Beccacece arranca un nuevo torneo al mando del Halc\u00f3n de Varela.\n<\/p>\n<\/figcaption><\/div>\n<\/div>\n<p>Los de Becaccece tuvieron<strong> <\/strong>una gran<strong> <a alt=\"copa-de-la-liga-profesional-de-futbol\" class=\"slug\" href=\"https:\/\/www.ole.com.ar\/tema\/copa-de-la-liga-profesional-de-futbol.html\" target=\"_blank\" title=\"copa-de-la-liga-profesional-de-futbol\" rel=\"noopener noreferrer\">Copa de la Liga Profesional<\/a><\/strong>, en la terminaron terceros en la primera fase, pero luego fueron&nbsp;eliminados al perder 2-0 contra Boca, que terminar\u00eda siendo el campe\u00f3n de ese certamen.<strong>\u200b<\/strong><\/p>\n<div class=\"sp__SM\">\n<div class=\"content-new \">\n<span class=\"tit-mobile\">Mir\u00e1 tambi\u00e9n<\/span><\/p>\n<div class=\"mg\">\n<div class=\"wrap-figure\">\n<picture>\n<a href=\"https:\/\/www.ole.com.ar\/san-lorenzo\/san-lorenzo-socios-abonos_0_CgbHD42yp4.html\" target=\"_self\" rel=\"noopener noreferrer\"><br \/>\n<img class=\"img-responsive\" alt=\"San Lorenzo: apoyo masivo de los hinchas pese al mal momento\" src=\"http:\/\/hoycordobaweb.com\/wp-content\/uploads\/2022\/06\/defensa-y-justicia-river-hora-tv-y-probables-formaciones-6.jpg\" loading=\"lazy\"><br \/>\n<\/a>\n<\/picture>\n<\/div>\n<\/div><\/div>\n<\/div>\n<p>Pero&nbsp;donde la pas\u00f3 realmente mal Defensa&nbsp;fue en la <strong><a alt=\"copa-sudamericana\" class=\"slug\" href=\"https:\/\/www.ole.com.ar\/tema\/copa-sudamericana.html\" target=\"_blank\" title=\"copa-sudamericana\" rel=\"noopener noreferrer\">Copa Sudamericana<\/a><\/strong>, ya que qued\u00f3 \u00faltimo en el grupo F tras solo ganar un encuentro en seis fechas. Su \u00faltimo partido fue justamente por esta competencia, en donde cay\u00f3 ante el Antofagasta chileno por 2-0.<\/p>\n<div class=\"sp__SM\">\n<div class=\"content-new \">\n<span class=\"tit-mobile\">Mir\u00e1 tambi\u00e9n<\/span><\/p>\n<div class=\"mg\">\n<div class=\"wrap-figure\">\n<picture>\n<a href=\"https:\/\/www.ole.com.ar\/fuera-de-juego\/borre-james-rodriguez-respaldo_0_cdDSdOIiM7.html\" target=\"_self\" rel=\"noopener noreferrer\"><br \/>\n<img class=\"img-responsive\" alt=\"El respaldo de Borr\u00e9 a James Rodr\u00edguez y a Luis D\u00edaz\" src=\"http:\/\/hoycordobaweb.com\/wp-content\/uploads\/2022\/06\/defensa-y-justicia-river-hora-tv-y-probables-formaciones-7.jpg\" loading=\"lazy\"><br \/>\n<\/a>\n<\/picture>\n<\/div>\n<\/div><\/div>\n<\/div>\n<p>As\u00ed el Halc\u00f3n qued\u00f3 afuera del torneo, pero este domingo arrancar\u00e1 esta Liga,&nbsp;<strong>en la que apunta al menos a quedar en los puestos de clasificaci\u00f3n para&nbsp;las copas internacionales del a\u00f1o que viene<\/strong>.<\/p>\n<h2><strong>Probables formaciones<\/strong><\/h2>\n<p>\u200bRiver:<strong> Esequiel Centuri\u00f3n; Herrera o Mammana, Jonatan Maidana, Leandro Gonz\u00e1lez Pirez y El\u00edas G\u00f3mez; Enzo P\u00e9rez, Enzo Fern\u00e1ndez y Agust\u00edn Palavecino; Sim\u00f3n, Braian Romero y Esequiel Barco.<\/strong><\/p>\n<p>Defensa y Justicia: <strong>Ezequiel Unsain;&nbsp;Adonis Fr\u00edas,&nbsp;Nazareno Colombo,&nbsp;Alexis Soto y&nbsp;Nicol\u00e1s Tripichio;&nbsp;Kevin Facundo Guti\u00e9rrez,&nbsp;Gabriel Hachen,&nbsp;Francisco Pizzini y&nbsp;Carlos Rotondi;&nbsp;Walter Bou y Miguel Merentiel.\u200b<\/strong><\/p>\n<div class=\"entry-tags\">\n<h2>TEMAS QUE APARECEN EN ESTA NOTA<\/h2>\n<\/p><\/div>\n","protected":false},"excerpt":{"rendered":"<p>Comienza un nuevo torneo para el f\u00fatbol argentino. Por la primera fecha de la Liga Profesional,&nbsp;el River de Marcelo Gallardo&nbsp;visita en Florencio Varela al Defensa y Justicia de Sebasti\u00e1n Becaccece. Despu\u00e9s del partidazo que armaron el semestre pasado, hay promesa de buen f\u00fatbol. \u00bfA qu\u00e9 hora juegan Defensa y Justicia -River? El encuentro se disputar\u00e1 [&hellip;]<\/p>\n","protected":false},"author":1,"featured_media":42611,"comment_status":"open","ping_status":"closed","sticky":false,"template":"","format":"standard","meta":[],"categories":[16],"tags":[],"_links":{"self":[{"href":"http:\/\/hoycordobaweb.com\/index.php\/wp-json\/wp\/v2\/posts\/42610"}],"collection":[{"href":"http:\/\/hoycordobaweb.com\/index.php\/wp-json\/wp\/v2\/posts"}],"about":[{"href":"http:\/\/hoycordobaweb.com\/index.php\/wp-json\/wp\/v2\/types\/post"}],"author":[{"embeddable":true,"href":"http:\/\/hoycordobaweb.com\/index.php\/wp-json\/wp\/v2\/users\/1"}],"replies":[{"embeddable":true,"href":"http:\/\/hoycordobaweb.com\/index.php\/wp-json\/wp\/v2\/comments?post=42610"}],"version-history":[{"count":0,"href":"http:\/\/hoycordobaweb.com\/index.php\/wp-json\/wp\/v2\/posts\/42610\/revisions"}],"wp:featuredmedia":[{"embeddable":true,"href":"http:\/\/hoycordobaweb.com\/index.php\/wp-json\/wp\/v2\/media\/42611"}],"wp:attachment":[{"href":"http:\/\/hoycordobaweb.com\/index.php\/wp-json\/wp\/v2\/media?parent=42610"}],"wp:term":[{"taxonomy":"category","embeddable":true,"href":"http:\/\/hoycordobaweb.com\/index.php\/wp-json\/wp\/v2\/categories?post=42610"},{"taxonomy":"post_tag","embeddable":true,"href":"http:\/\/hoycordobaweb.com\/index.php\/wp-json\/wp\/v2\/tags?post=42610"}],"curies":[{"name":"wp","href":"https:\/\/api.w.org\/{rel}","templated":true}]}}