{"id":42606,"date":"2022-06-04T03:19:20","date_gmt":"2022-06-04T03:19:20","guid":{"rendered":"https:\/\/www.ole.com.ar\/poli\/delfina-pignatiello-nadadora-odiadores_0_9IEGsSosfD.html"},"modified":"2022-06-04T03:19:20","modified_gmt":"2022-06-04T03:19:20","slug":"que-hemos-hecho-con-delfina","status":"publish","type":"post","link":"http:\/\/hoycordobaweb.com\/index.php\/2022\/06\/04\/que-hemos-hecho-con-delfina\/","title":{"rendered":"\u00bfQu\u00e9 hemos hecho con Delfina?"},"content":{"rendered":"<p><img src=\"http:\/\/hoycordobaweb.com\/wp-content\/uploads\/2022\/06\/que-hemos-hecho-con-delfina.jpg\"><\/p>\n<p>Con 22 a\u00f1os reci\u00e9n cumplidos,<strong> la nadadora Delfina Pignatiello<\/strong>, entusiasmadora promesa y ya realidad del deporte argentino, <strong>deja de competir en alto rendimiento<\/strong>. Lo que cay\u00f3 como un baldazo en el \u00e1mbito deportivo es una decisi\u00f3n meditada: bajo la presi\u00f3n de la exposici\u00f3n p\u00fablica y la expectativa de ser la mejor, <strong>no es feliz<\/strong>.<\/p>\n<p>Delfina fue una aparici\u00f3n fulgurante cuando a la edad en que las ni\u00f1as est\u00e1n en juegos de ni\u00f1as, empez\u00f3 a <strong>bajar tiempos, quebrar marcas y ganar medallas<\/strong>. Tempranamente lleg\u00f3 a los Juegos Ol\u00edmpicos, sue\u00f1o de todo atleta.<\/p>\n<div class=\"sp__Normal\">\n<div class=\"image-embeb image-trigger\" readability=\"6\">\n<picture><source media=\"(min-width: 720px)\" srcset=\"http:\/\/hoycordobaweb.com\/wp-content\/uploads\/2022\/06\/que-hemos-hecho-con-delfina-2.jpg\"><img itemprop=\"image\" src=\"http:\/\/hoycordobaweb.com\/wp-content\/uploads\/2022\/06\/que-hemos-hecho-con-delfina-2.jpg\" loading=\"lazy\" alt=\"Olimpia de Plata de Nataci\u00f3n en 2019 (Foto: Fernando la Orden).\">\n<\/picture><figcaption readability=\"2\">\n<p>Olimpia de Plata de Nataci\u00f3n en 2019 (Foto: Fernando la Orden).\n<\/p>\n<\/figcaption><\/div>\n<\/div>\n<p>Tokio fue el punto culminante, un quiebre. A Delfina <strong>la abrum\u00f3 la exigencia de ser medallista<\/strong>, en especial de quienes no le\u00edan que los tiempos con los que ganaba en juveniles y sudamericanos no llegaban a los de las grandes nadadoras de la elite ol\u00edmpica. Estuvo hasta lejos de sus propias marcas, pero encima le cay\u00f3 la tormenta de<strong> los odiadores de redes<\/strong>, que la maltrataron<strong> con crueldad<\/strong>.<\/p>\n<p>Tambi\u00e9n la sensibiliz\u00f3 <strong>lo que pas\u00f3 con Simone Biles<\/strong>, la gimnasta estadounidense que viaj\u00f3 a esos Juegos empujada a ser la gran estrella y se retir\u00f3 en pleno desarrollo de las pruebas para <strong>proteger su salud mental<\/strong>. La desestabiliz\u00f3 la pesadilla de la exigencia.<\/p>\n<div class=\"sp__Normal\">\n<div class=\"image-embeb image-trigger\" readability=\"6\">\n<picture><source media=\"(min-width: 720px)\" srcset=\"http:\/\/hoycordobaweb.com\/wp-content\/uploads\/2022\/06\/que-hemos-hecho-con-delfina-3.jpg\"><img itemprop=\"image\" src=\"http:\/\/hoycordobaweb.com\/wp-content\/uploads\/2022\/06\/que-hemos-hecho-con-delfina-3.jpg\" loading=\"lazy\" alt=\"Abanderada en los Panamericanos de Lima (H\u00e9ctor Vivas \/2019).\">\n<\/picture><figcaption readability=\"2\">\n<p>Abanderada en los Panamericanos de Lima (H\u00e9ctor Vivas \/2019).\n<\/p>\n<\/figcaption><\/div>\n<\/div>\n<p>Est\u00e1 dicho, en el alto rendimiento hay que lidiar con estar en la vidriera del mundo, adem\u00e1s de con las\/los rivales, entrenadores, sponsors, prensa. Son los talentos <strong>m\u00e1s fuertes de la mente<\/strong> los que saltean todos esos obst\u00e1culos.<\/p>\n<p>En ning\u00fan lado est\u00e1 escrito que alguien que reci\u00e9n empieza a vivir tenga que aceptar esas reglas: <strong>es libre de bajarse<\/strong> y, como quiere Delfina, tirarse solo recreativamente al agua y aprender fotograf\u00eda art\u00edstica. Para nuestra reflexi\u00f3n queda cu\u00e1nto habremos hecho para<strong> explotarle de ese modo la cabeza<\/strong> a una incipiente nadadora formidable, y <strong>cu\u00e1nta valent\u00eda<\/strong> tiene ella para renunciar a ese don.<\/p>\n<div class=\"entry-tags\">\n<h2>TEMAS QUE APARECEN EN ESTA NOTA<\/h2>\n<\/p><\/div>\n","protected":false},"excerpt":{"rendered":"<p>Con 22 a\u00f1os reci\u00e9n cumplidos, la nadadora Delfina Pignatiello, entusiasmadora promesa y ya realidad del deporte argentino, deja de competir en alto rendimiento. Lo que cay\u00f3 como un baldazo en el \u00e1mbito deportivo es una decisi\u00f3n meditada: bajo la presi\u00f3n de la exposici\u00f3n p\u00fablica y la expectativa de ser la mejor, no es feliz. Delfina [&hellip;]<\/p>\n","protected":false},"author":1,"featured_media":42607,"comment_status":"open","ping_status":"closed","sticky":false,"template":"","format":"standard","meta":[],"categories":[16],"tags":[],"_links":{"self":[{"href":"http:\/\/hoycordobaweb.com\/index.php\/wp-json\/wp\/v2\/posts\/42606"}],"collection":[{"href":"http:\/\/hoycordobaweb.com\/index.php\/wp-json\/wp\/v2\/posts"}],"about":[{"href":"http:\/\/hoycordobaweb.com\/index.php\/wp-json\/wp\/v2\/types\/post"}],"author":[{"embeddable":true,"href":"http:\/\/hoycordobaweb.com\/index.php\/wp-json\/wp\/v2\/users\/1"}],"replies":[{"embeddable":true,"href":"http:\/\/hoycordobaweb.com\/index.php\/wp-json\/wp\/v2\/comments?post=42606"}],"version-history":[{"count":0,"href":"http:\/\/hoycordobaweb.com\/index.php\/wp-json\/wp\/v2\/posts\/42606\/revisions"}],"wp:featuredmedia":[{"embeddable":true,"href":"http:\/\/hoycordobaweb.com\/index.php\/wp-json\/wp\/v2\/media\/42607"}],"wp:attachment":[{"href":"http:\/\/hoycordobaweb.com\/index.php\/wp-json\/wp\/v2\/media?parent=42606"}],"wp:term":[{"taxonomy":"category","embeddable":true,"href":"http:\/\/hoycordobaweb.com\/index.php\/wp-json\/wp\/v2\/categories?post=42606"},{"taxonomy":"post_tag","embeddable":true,"href":"http:\/\/hoycordobaweb.com\/index.php\/wp-json\/wp\/v2\/tags?post=42606"}],"curies":[{"name":"wp","href":"https:\/\/api.w.org\/{rel}","templated":true}]}}