{"id":42566,"date":"2022-06-03T11:56:10","date_gmt":"2022-06-03T11:56:10","guid":{"rendered":"https:\/\/www.mujerhoy.com\/moda\/no-te-pierdas\/eva-gonzalez-mono-largo-volantes-made-in-spain-look-estiliza-hace-tipazo-favorece-20220603100657-nt.html"},"modified":"2022-06-03T11:56:10","modified_gmt":"2022-06-03T11:56:10","slug":"eva-gonzalez-demuestra-que-este-mono-con-volantes-es-el-look-made-in-spain-mas-comodo-estilo-y-perfecto-para-presumir-de-tipazo","status":"publish","type":"post","link":"http:\/\/hoycordobaweb.com\/index.php\/2022\/06\/03\/eva-gonzalez-demuestra-que-este-mono-con-volantes-es-el-look-made-in-spain-mas-comodo-estilo-y-perfecto-para-presumir-de-tipazo\/","title":{"rendered":"Eva Gonz\u00e1lez demuestra que este mono con volantes es el look made in Spain m\u00e1s c\u00f3modo, estilo y perfecto para presumir de tipazo"},"content":{"rendered":"<p><!-- AUTHOR --><!-- COMPONENTS --><\/p>\n<p class=\"voc-paragraph\">Si hay una firma que est\u00e1 siendo absoluta protagonista de los mejores looks del momento y que no dejamos de ver a las famosas, esa es, sin duda, I<br \/>\n<a data-voc-vtm-id=\"in-text-traffic\" href=\"https:\/\/www.mujerhoy.com\/moda\/no-te-pierdas\/202106\/07\/vestidos-made-spain-arrasan-en-instagram-favoritos-influencers-royals-ines-domecq-the-iq-collection-140620487331-ga.html\">Q Collection de In\u00e9s Domecq<\/a>. Esta <strong>marca made in Spain <\/strong>caracterizada por prendas muy especiales y atemporales est\u00e1 arrasando entre rostros conocidos como Carmen Lomana o Eugenia Mart\u00ednez de Irujo -que llev\u00f3 este<br \/>\n<a data-voc-vtm-id=\"in-text-traffic\" href=\"https:\/\/www.mujerhoy.com\/moda\/no-te-pierdas\/eugenia-martinez-irujo-vestido-made-in-spain-original-ensena-tripa-abdominales-look-favorece-rejuvenece-20220602094955-nt.html\"> vestido amarillo<\/a> hace unos d\u00edas- o <strong>Eva Gonz\u00e1lez<\/strong>. La presentadora ha sido la \u00faltima en probar lo mucho que favorecen sus piezas y si se ha hecho con un <strong>mono <\/strong>ideal.\n<\/p>\n<div class=\"voc-detail__cmp\">\n<div class=\"voc-grouper-related__wrapper\">\n<section class=\"voc-grouper-related voc-detail-section voc-detail-section--bdr-bottom\">\n<h4 class=\"voc-grouper-related-title voc-title-section voc-title-section--underline\"> TAMBI\u00c9N TE INTERESA <\/h4>\n<div class=\"voc-grouper-related__grid voc-grid voc-grid--2-cols\">\n<div class=\"voc-article-container\">\n<article class=\"voc-article voc-article--cmp-related voc-article--cmp-related--2-cols voc-article--photo-left voc-home-tit-st \">\n<div class=\"voc-img-container \"><picture><a href=\"https:\/\/www.mujerhoy.com\/moda\/tendencias\/eva-gonzalez-blusa-blanca-volantes-look-espectacular-made-in-spain-favorece-20220531143222-nt.html#vca=modulos&amp;vso=mujerhoy&amp;vmc=noticias-rel-cmp&amp;vli=no%20te%20pierdas\" class=\"voc-horizontal voc-img-icon-link\"><img alt=\"Ficha la espectacular blusa blanca made in Spain de Eva Gonz\u00e1lez que mejora un look con vaqueros\" class=\"lazy\" loading=\"lazy\" data-original=\" \/\/static2.mujerhoy.com\/www\/multimedia\/202205\/30\/media\/cortadas\/eva-gonzalez-look-made-in-spain-k6PG-U170263136443oXG-624x624@MujerHoy.jpg \"><\/a><\/picture><\/div>\n<\/article>\n<\/div>\n<div class=\"voc-article-container\">\n<article class=\"voc-article voc-article--cmp-related voc-article--cmp-related--2-cols voc-article--photo-left voc-home-tit-st \">\n<div class=\"voc-img-container \"><picture><a href=\"https:\/\/www.mujerhoy.com\/moda\/no-te-pierdas\/eva-gonzalez-blazer-zara-blanca-elegante-look-facil-copiar-barato-chaqueta-primavera-20220514085934-nt.html#vca=modulos&amp;vso=mujerhoy&amp;vmc=noticias-rel-cmp&amp;vli=no%20te%20pierdas\" class=\"voc-horizontal voc-img-icon-link\"><img alt=\"La blazer de Zara de Eva Gonz\u00e1lez es la chaqueta perfecta y la m\u00e1s elegante para los d\u00edas m\u00e1s frescos de la primavera y el verano\" class=\"lazy\" loading=\"lazy\" data-original=\" \/\/static.mujerhoy.com\/www\/multimedia\/202205\/13\/media\/cortadas\/eva-gonzalez-zara-kjFC-U17081742428dd-624x624@MujerHoy.jpg \"><\/a><\/picture><\/div>\n<\/article>\n<\/div>\n<\/div>\n<\/section>\n<\/div>\n<\/div>\n<p class=\"voc-paragraph\">\u00abThe IQ Collection se dirige a <strong>mujeres con personalidad y estilo<\/strong> que quieren proyectar elegancia y feminidad a trav\u00e9s de dise\u00f1os \u00fanicos, vers\u00e1tiles y reconocibles\u00ab, dicen desde la marca. Y raz\u00f3n no les falta. El resultado de su creaci\u00f3n son prendas que fusionan el sur y el norte de Espa\u00f1a y que tienen la <strong>elegancia y la calidad<\/strong> como pilares fundamentales. Y Eva Gonz\u00e1lez no ha podido resistirse a ella y ha escogido un mono del que ha presumido en su perfil de Instagram.\n<\/p>\n<p class=\"voc-paragraph\">El look escogido es un <strong>mono largo de algod\u00f3n en tejido denim en color verde caqui<\/strong> protagonizado por el <strong>detalle de volantes<\/strong> en el cuerpo que van desde los hombros a la cintura. Es un dise\u00f1o ajustado, sin mangas, con cierre delantero con cremallera y bot\u00f3n y cuello redondo. Est\u00e1 disponible tambi\u00e9n en color rosa, chocolate y burdeos y en cuanto a tallaje, puedes encontrarlo desde la XS a la XL. \u00bfSu precio? <strong>150 euros<\/strong>, una cifra media que merece la pena, ya que es una prenda atemporal a la que puedes dar mucho uso.\n<\/p>\n<div class=\"voc-detail-photo-zoom\"><picture data-toggle=\"modal\" data-target=\"#photoZoomModal-173\" target=\"modal\">\n<div class=\"voc-img-icon-link\"><img loading=\"lazy\" data-original=\"\/\/static1.mujerhoy.com\/www\/multimedia\/202206\/03\/media\/cortadas\/mono-volantes-verde-caqui-kx3G--460x637@MujerHoy.jpg\" class=\"lazy\" alt=\"El mono de IQ Collection que ha llevado Eva Gonz\u00e1lez.\"><noscript><img src=\"http:\/\/hoycordobaweb.com\/wp-content\/uploads\/2022\/06\/eva-gonzalez-demuestra-que-este-mono-con-volantes-es-el-look-made-in-spain-mas-comodo-estilo-y-perfecto-para-presumir-de-tipazo.jpg\" alt=\"El mono de IQ Collection que ha llevado Eva Gonz\u00e1lez.\"><\/noscript><i class=\"voc-icons zoom voc-multimedia-box voc-ico-l\"><\/i><\/div><figcaption class=\"figure-caption\">El mono de IQ Collection que ha llevado Eva Gonz\u00e1lez.<\/figcaption><\/picture><\/div>\n<div id=\"photoZoomModal-173\" class=\"voc-lightbox modal fade voc-lightbox--photo-zoom\" role=\"dialog\" data-voc-photozoom-lightbox>\n<div class=\"voc-lightbox__dialog\" role=\"document\">\n<div class=\"voc-lightbox__content\"><!-- Modal header --><\/p>\n<header class=\"voc-lightbox__header\"><span class=\"voc-lightbox__title\">El mono de IQ Collection que ha llevado Eva Gonz\u00e1lez.<\/span><\/header>\n<p><!-- Modal content --><\/p>\n<div class=\"voc-lightbox__photo-container\"><picture class><img loading=\"lazy\" data-original=\"\/\/static1.mujerhoy.com\/www\/multimedia\/202206\/03\/media\/cortadas\/mono-volantes-verde-caqui-kx3G--460x637@MujerHoy.jpg\" alt=\"El mono de IQ Collection que ha llevado Eva Gonz\u00e1lez.\" class=\"lazy\"><noscript><img src=\"http:\/\/hoycordobaweb.com\/wp-content\/uploads\/2022\/06\/eva-gonzalez-demuestra-que-este-mono-con-volantes-es-el-look-made-in-spain-mas-comodo-estilo-y-perfecto-para-presumir-de-tipazo.jpg\" alt=\"El mono de IQ Collection que ha llevado Eva Gonz\u00e1lez.\"><\/noscript><\/picture><\/div>\n<\/div>\n<\/div>\n<\/div>\n<p class=\"voc-paragraph\">No sabemos c\u00f3mo lo ha combinado Eva, pero lo cierto es que al ser una prenda tan original y diferente, no necesita de complementos ni accesorios. Solo tendr\u00e1s que a\u00f1adir el calzado seg\u00fan la ocasi\u00f3n y estar\u00e1s lista para triunfar siempre. Adem\u00e1s, es un mono que puedes <strong>combinar con zapatillas, con sandalias, con cu\u00f1as e incluso con taconazo<\/strong> para algo m\u00e1s arreglado o formal. Una maravilla, \u00bfverdad?\n<\/p>\n<div class=\"voc-detail__cmp\">\n<div class=\"voc-grouper-related__wrapper\">\n<section class=\"voc-grouper-related voc-detail-section voc-detail-section--bdr-bottom\">\n<h4 class=\"voc-grouper-related-title voc-title-section voc-title-section--underline\"> TE RECOMENDAMOS <\/h4>\n<div class=\"voc-grouper-related__grid voc-grid voc-grid--2-cols\">\n<div class=\"voc-article-container\">\n<article class=\"voc-article voc-article--cmp-related voc-article--cmp-related--2-cols voc-article--photo-left voc-home-tit-st \">\n<div class=\"voc-img-container \"><picture><a href=\"https:\/\/www.mujerhoy.com\/moda\/tendencias\/carmen-lomana-mono-mango-hace-tipazo-estiliza-favorece-look-barato-20220601131547-nt.html#vca=modulos&amp;vso=mujerhoy&amp;vmc=noticias-rel-cmp&amp;vli=no%20te%20pierdas\" class=\"voc-horizontal voc-img-icon-link\"><img alt=\"Carmen Lomana presume de tipazo con este original mono de Mango retro que solo se vende online\" class=\"lazy\" loading=\"lazy\" data-original=\" \/\/static1.mujerhoy.com\/www\/multimedia\/202205\/31\/media\/cortadas\/carmen-lomana-look-barato-k0g-U1702723934910AD-624x624@MujerHoy.jpg \"><\/a><\/picture><\/div>\n<\/article>\n<\/div>\n<div class=\"voc-article-container\">\n<article class=\"voc-article voc-article--cmp-related voc-article--cmp-related--2-cols voc-article--photo-left voc-home-tit-st \">\n<div class=\"voc-img-container \"><picture><a href=\"https:\/\/www.mujerhoy.com\/moda\/no-te-pierdas\/eva-gonzalez-sandalias-planas-comodas-made-in-spain-asequibles-ponibles-pegan-con-todo-20220511233811-nt.html#vca=modulos&amp;vso=mujerhoy&amp;vmc=noticias-rel-cmp&amp;vli=no%20te%20pierdas\" class=\"voc-horizontal voc-img-icon-link\"><img alt=\"Eva Gonz\u00e1lez ha encontrado las sandalias planas perfectas: c\u00f3modas, made in Spain y muy ponibles\" class=\"lazy\" loading=\"lazy\" data-original=\" \/\/static1.mujerhoy.com\/www\/multimedia\/202205\/10\/media\/cortadas\/eva-gonzalez-instagram-kw4E-U17051359605fxD-624x624@MujerHoy.jpg \"><\/a><\/picture><\/div>\n<\/article>\n<\/div>\n<\/div>\n<\/section>\n<\/div>\n<\/div>\n<p><!-- TOPICS --><\/p>\n","protected":false},"excerpt":{"rendered":"<p>Si hay una firma que est\u00e1 siendo absoluta protagonista de los mejores looks del momento y que no dejamos de ver a las famosas, esa es, sin duda, I Q Collection de In\u00e9s Domecq. Esta marca made in Spain caracterizada por prendas muy especiales y atemporales est\u00e1 arrasando entre rostros conocidos como Carmen Lomana o [&hellip;]<\/p>\n","protected":false},"author":1,"featured_media":42567,"comment_status":"closed","ping_status":"closed","sticky":false,"template":"","format":"standard","meta":[],"categories":[1],"tags":[],"_links":{"self":[{"href":"http:\/\/hoycordobaweb.com\/index.php\/wp-json\/wp\/v2\/posts\/42566"}],"collection":[{"href":"http:\/\/hoycordobaweb.com\/index.php\/wp-json\/wp\/v2\/posts"}],"about":[{"href":"http:\/\/hoycordobaweb.com\/index.php\/wp-json\/wp\/v2\/types\/post"}],"author":[{"embeddable":true,"href":"http:\/\/hoycordobaweb.com\/index.php\/wp-json\/wp\/v2\/users\/1"}],"replies":[{"embeddable":true,"href":"http:\/\/hoycordobaweb.com\/index.php\/wp-json\/wp\/v2\/comments?post=42566"}],"version-history":[{"count":0,"href":"http:\/\/hoycordobaweb.com\/index.php\/wp-json\/wp\/v2\/posts\/42566\/revisions"}],"wp:featuredmedia":[{"embeddable":true,"href":"http:\/\/hoycordobaweb.com\/index.php\/wp-json\/wp\/v2\/media\/42567"}],"wp:attachment":[{"href":"http:\/\/hoycordobaweb.com\/index.php\/wp-json\/wp\/v2\/media?parent=42566"}],"wp:term":[{"taxonomy":"category","embeddable":true,"href":"http:\/\/hoycordobaweb.com\/index.php\/wp-json\/wp\/v2\/categories?post=42566"},{"taxonomy":"post_tag","embeddable":true,"href":"http:\/\/hoycordobaweb.com\/index.php\/wp-json\/wp\/v2\/tags?post=42566"}],"curies":[{"name":"wp","href":"https:\/\/api.w.org\/{rel}","templated":true}]}}