{"id":42534,"date":"2022-06-02T20:27:00","date_gmt":"2022-06-02T20:27:00","guid":{"rendered":"https:\/\/fm-comunicar.com.ar\/contenido\/19264\/este-sabado-comienza-la-novena-en-honor-a-san-antonio-de-padua"},"modified":"2022-06-02T20:27:00","modified_gmt":"2022-06-02T20:27:00","slug":"este-sabado-comienza-la-novena-en-honor-a-san-antonio-de-padua","status":"publish","type":"post","link":"http:\/\/hoycordobaweb.com\/index.php\/2022\/06\/02\/este-sabado-comienza-la-novena-en-honor-a-san-antonio-de-padua\/","title":{"rendered":"Este s\u00e1bado comienza la Novena en honor a San Antonio de Padua"},"content":{"rendered":"<p>Despu\u00e9s de tres a\u00f1os, la procesi\u00f3n volver\u00e1 a ser presencial. La imagen del patrono de Colonia Caroya estar\u00e1 en varias instituciones seg\u00fan el cronograma de celebraciones organizada por la Parroquia.<img src=\"http:\/\/hoycordobaweb.com\/wp-content\/uploads\/2022\/06\/este-sabado-comienza-la-novena-en-honor-a-san-antonio-de-padua.jpg\"><\/p>\n","protected":false},"excerpt":{"rendered":"<p>Despu\u00e9s de tres a\u00f1os, la procesi\u00f3n volver\u00e1 a ser presencial. La imagen del patrono de Colonia Caroya estar\u00e1 en varias instituciones seg\u00fan el cronograma de celebraciones organizada por la Parroquia.<\/p>\n","protected":false},"author":1,"featured_media":42535,"comment_status":"closed","ping_status":"closed","sticky":false,"template":"","format":"standard","meta":[],"categories":[18],"tags":[],"_links":{"self":[{"href":"http:\/\/hoycordobaweb.com\/index.php\/wp-json\/wp\/v2\/posts\/42534"}],"collection":[{"href":"http:\/\/hoycordobaweb.com\/index.php\/wp-json\/wp\/v2\/posts"}],"about":[{"href":"http:\/\/hoycordobaweb.com\/index.php\/wp-json\/wp\/v2\/types\/post"}],"author":[{"embeddable":true,"href":"http:\/\/hoycordobaweb.com\/index.php\/wp-json\/wp\/v2\/users\/1"}],"replies":[{"embeddable":true,"href":"http:\/\/hoycordobaweb.com\/index.php\/wp-json\/wp\/v2\/comments?post=42534"}],"version-history":[{"count":0,"href":"http:\/\/hoycordobaweb.com\/index.php\/wp-json\/wp\/v2\/posts\/42534\/revisions"}],"wp:featuredmedia":[{"embeddable":true,"href":"http:\/\/hoycordobaweb.com\/index.php\/wp-json\/wp\/v2\/media\/42535"}],"wp:attachment":[{"href":"http:\/\/hoycordobaweb.com\/index.php\/wp-json\/wp\/v2\/media?parent=42534"}],"wp:term":[{"taxonomy":"category","embeddable":true,"href":"http:\/\/hoycordobaweb.com\/index.php\/wp-json\/wp\/v2\/categories?post=42534"},{"taxonomy":"post_tag","embeddable":true,"href":"http:\/\/hoycordobaweb.com\/index.php\/wp-json\/wp\/v2\/tags?post=42534"}],"curies":[{"name":"wp","href":"https:\/\/api.w.org\/{rel}","templated":true}]}}