{"id":42522,"date":"2022-06-02T13:33:48","date_gmt":"2022-06-02T13:33:48","guid":{"rendered":"https:\/\/www.trendencias.com\/moda-famosas\/conocemos-a-belen-ecija-hija-belen-rueda-que-brilla-madres-yo-compro-zara"},"modified":"2022-06-02T13:33:48","modified_gmt":"2022-06-02T13:33:48","slug":"conocemos-a-belen-ecija-la-hija-de-belen-rueda-que-brilla-en-madres-yo-compro-en-zara","status":"publish","type":"post","link":"http:\/\/hoycordobaweb.com\/index.php\/2022\/06\/02\/conocemos-a-belen-ecija-la-hija-de-belen-rueda-que-brilla-en-madres-yo-compro-en-zara\/","title":{"rendered":"Conocemos a Bel\u00e9n Ecija, la hija de Bel\u00e9n Rueda que brilla en &#8216;Madres&#8217;: \u00abYo compro en Zara\u00bb"},"content":{"rendered":"<p>Bel\u00e9n Ecija es la <strong>nueva chica de moda<\/strong>. La actriz sigue los pasos de su madre, <a href=\"https:\/\/www.trendencias.com\/tag\/el-estilo-de-belen-rueda\">Bel\u00e9n Rueda<\/a>, y comienza a dibujar una carrera que promete. Despu\u00e9s de su papel en <a href=\"https:\/\/www.xataka.com\/cine-y-tv\/valla-siete-ingredientes-que-han-convertido-series-espanolas-exitosas-ano\">&#8216;La valla&#8217;<\/a>, encarna uno de los personajes principales de la nueva temporada de <a href=\"https:\/\/www.trendencias.com\/series-de-television\/cinco-razones-que-nos-encantan-series-medicos-como-the-good-doctor-anatomia-grey\">serie de m\u00e9dicos<\/a> <a href=\"https:\/\/www.espinof.com\/tag\/madres\">&#8216;Madres. Amor y vida&#8217; <\/a>en Amazon Prime y Telecinco y ya se ha ganado una legi\u00f3n de <em>fans<\/em> (nos incluimos).<\/p>\n<p><!-- BREAK 1 --><\/p>\n<p>Nos sentamos con ella en <a href=\"https:\/\/decoracion.trendencias.com\/otros-espacios\/lujoso-hotel-menorca-arte-como-gran-protagonista-can-alberti-1740-boutique-hotel\">Menorca<\/a>, destino en el que veranea desde que es peque\u00f1a con su familia, para conocerla mejor. Y es que Bel\u00e9n ya no sale de nuestro radar.<\/p>\n<p><!-- BREAK 2 --> <\/p>\n<p><strong>Recomi\u00e9ndanos alg\u00fan plan chulo aqu\u00ed en Menorca. \u00bfD\u00f3nde podemos salir de fiesta?<\/strong><\/p>\n<p>Antes el <em>place to be<\/em> para salir de fiesta era La Rampa, al final del puerto de Mah\u00f3n, pero han cerrado los bares. El sitio de moda ahora es Tiffanys, en Ciudadela, el sitio menos Menorca de todos (r\u00ede). El planazo es cenar carne que all\u00ed est\u00e1 incre\u00edble y luego salir.<\/p>\n<p><!-- BREAK 3 --><\/p>\n<p><strong>Haces un papel de t\u00eda empoderada, sexy y segura de s\u00ed misma, \u00bfte sientes identificada? \u00bfTiene este papel algo de ti?<\/strong><\/p>\n<p><!-- BREAK 4 --><\/p>\n<p>Yo tengo cierta parte empoderada, pero no tanto como Almu, no en ese sentido. No me da todo tan igual, al rev\u00e9s, le doy bastante importancia a las cosas y estoy aprendiendo a quit\u00e1rsela a veces. Me importa lo que siente el de enfrente cuando digo algo, pienso m\u00e1s que Almu. De peque\u00f1a era s\u00faper t\u00edmida.<\/p>\n<p><!-- BREAK 5 --><\/p>\n<div class=\"article-asset article-asset-normal article-asset-center\">\n<div class=\"desvio-container\">\n<div class=\"desvio\">\n<div class=\"desvio-figure js-desvio-figure\"> <a href=\"https:\/\/www.trendencias.com\/viajes\/quieres-unas-vacaciones-verano-repletas-aventura-plena-naturaleza-este-lugar-podria-ser-perfecto-esta-cerca-pensado\"> <img alt=\"Si quieres unas vacaciones de verano repletas de aventura en plena naturaleza, este lugar podr\u00eda ser perfecto (y est\u00e1 m\u00e1s cerca de lo pensado)\" src=\"http:\/\/hoycordobaweb.com\/wp-content\/uploads\/2022\/06\/conocemos-a-belen-ecija-la-hija-de-belen-rueda-que-brilla-en-madres-yo-compro-en-zara.jpg\"> <\/a> <\/div><\/div><\/div>\n<\/div>\n<div class=\"article-asset-image article-asset-normal article-asset-center\">\n<div class=\"asset-content\">\n<div class=\"base-wrapper-image\"> <img class=\"sf-lazy centro_sinmarco\" data-sf-srcset=\"http:\/\/hoycordobaweb.com\/wp-content\/uploads\/2022\/06\/conocemos-a-belen-ecija-la-hija-de-belen-rueda-que-brilla-en-madres-yo-compro-en-zara-1.jpg 450w, http:\/\/hoycordobaweb.com\/wp-content\/uploads\/2022\/06\/conocemos-a-belen-ecija-la-hija-de-belen-rueda-que-brilla-en-madres-yo-compro-en-zara-5.jpg 681w,http:\/\/hoycordobaweb.com\/wp-content\/uploads\/2022\/06\/conocemos-a-belen-ecija-la-hija-de-belen-rueda-que-brilla-en-madres-yo-compro-en-zara-6.jpg 1024w, http:\/\/hoycordobaweb.com\/wp-content\/uploads\/2022\/06\/conocemos-a-belen-ecija-la-hija-de-belen-rueda-que-brilla-en-madres-yo-compro-en-zara-7.jpg 1366w,\" data-sf-src=\"http:\/\/hoycordobaweb.com\/wp-content\/uploads\/2022\/06\/conocemos-a-belen-ecija-la-hija-de-belen-rueda-que-brilla-en-madres-yo-compro-en-zara-1.jpg\" alt=\"belen ecija\"> <noscript><img alt=\"belen ecija\" class=\"centro_sinmarco\" src=\"http:\/\/hoycordobaweb.com\/wp-content\/uploads\/2022\/06\/conocemos-a-belen-ecija-la-hija-de-belen-rueda-que-brilla-en-madres-yo-compro-en-zara-1.jpg\"><\/noscript> <\/div><\/div>\n<\/div>\n<p><strong>\u00bfFue complicado, entonces, interpretar este papel?<\/strong><\/p>\n<p>Fue un poco lucha, sobre todo porque me costaba much\u00edsimo crear la relaci\u00f3n que tiene ella en la serie. Y la lealtad no la ve tan importante como yo.<\/p>\n<p><!-- BREAK 6 --><\/p>\n<p><strong>T\u00fa carrera promete, \u00bfc\u00f3mo ha sido llegar hasta aqu\u00ed?<\/strong><\/p>\n<p>Llevo muchos a\u00f1os estudiando. Primero Comunicaci\u00f3n Audiovisual y despu\u00e9s pas\u00e9 por dos escuelas: Coraza y Raquel P\u00e9rez. Cuando est\u00e1s en la escuela te ves trabajando, pero a la hora de la verdad es mucho m\u00e1s complicado. Entrar en el mundo de visuales es dif\u00edcil. Requiere un compromiso y estar todo el rato conectado que cuesta. Yo soy muy ansiosa y me gustar\u00eda estar trabajando continuamente, me gusta estar en rodaje y hay que tener mucha paciencia. He practicado mucho la paciencia a largo de estos a\u00f1os, <a href=\"https:\/\/www.trendencias.com\/salud\/iniciacion-al-pilates-cinco-ejercicios-basicos-para-practicar-casa-accesorios\">pilates<\/a>, <a href=\"https:\/\/www.trendencias.com\/fitness\/siete-expertos-aficionados-al-yoga-nos-hablan-como-se-sienten-al-hacerlo-que-no-cambiarian-nada\">yoga<\/a>,.. ahora creo que estoy m\u00e1s tranquila.<\/p>\n<p><!-- BREAK 7 --><\/p>\n<p><strong>\u00bfC\u00f3mo quieres enfocar tu carrera profesional a largo plazo?\u00bfCu\u00e1l es tu m\u00e1ximo sue\u00f1o como actriz?<\/strong><\/p>\n<p><!-- BREAK 8 --><\/p>\n<p>Me gustar\u00eda trabajar fuera mucho. En Espa\u00f1a ahora hay much\u00edsima oferta y bastante buena, pero me gustar\u00eda salir y entrar. Siempre volviendo a Espa\u00f1a que es el sitio en el que mejor se vive y la gente es m\u00e1s c\u00e1lida.<\/p>\n<p><!-- BREAK 9 --><\/p>\n<div class=\"article-asset-image article-asset-normal article-asset-center\">\n<div class=\"asset-content\">\n<div class=\"base-wrapper-image\"> <img class=\"sf-lazy centro_sinmarco\" data-sf-srcset=\"http:\/\/hoycordobaweb.com\/wp-content\/uploads\/2022\/06\/conocemos-a-belen-ecija-la-hija-de-belen-rueda-que-brilla-en-madres-yo-compro-en-zara-2.jpg 450w, http:\/\/hoycordobaweb.com\/wp-content\/uploads\/2022\/06\/conocemos-a-belen-ecija-la-hija-de-belen-rueda-que-brilla-en-madres-yo-compro-en-zara-8.jpg 681w,http:\/\/hoycordobaweb.com\/wp-content\/uploads\/2022\/06\/conocemos-a-belen-ecija-la-hija-de-belen-rueda-que-brilla-en-madres-yo-compro-en-zara-9.jpg 1024w, http:\/\/hoycordobaweb.com\/wp-content\/uploads\/2022\/06\/conocemos-a-belen-ecija-la-hija-de-belen-rueda-que-brilla-en-madres-yo-compro-en-zara-10.jpg 1366w,\" data-sf-src=\"http:\/\/hoycordobaweb.com\/wp-content\/uploads\/2022\/06\/conocemos-a-belen-ecija-la-hija-de-belen-rueda-que-brilla-en-madres-yo-compro-en-zara-2.jpg\" alt=\"belen ecija\"> <noscript><img alt=\"belen ecija\" class=\"centro_sinmarco\" src=\"http:\/\/hoycordobaweb.com\/wp-content\/uploads\/2022\/06\/conocemos-a-belen-ecija-la-hija-de-belen-rueda-que-brilla-en-madres-yo-compro-en-zara-2.jpg\"><\/noscript> <\/div><\/div>\n<\/div>\n<p><strong>\u00bfQu\u00e9 papel juegan las redes sociales en tu vida y en tu carrera profesional?<\/strong><\/p>\n<p>Creo que son muy importantes, pero que hay que tener cuidado. Antes yo compart\u00eda absolutamente todo hasta que me di cuenta de que lo estaba viendo mucha gente y pod\u00edan saber donde estaba, ahora tengo m\u00e1s cuidado.<\/p>\n<p><!-- BREAK 10 --><\/p>\n<p>A m\u00ed lo que m\u00e1s miedo me da son muchos de los paparazzi que agobian robando fotos que no son consentidas.<\/p>\n<p><!-- BREAK 11 --><\/p>\n<p><strong>\u00bfTe gusta la moda?<\/strong><\/p>\n<p>S\u00ed, pero mi moda. Yo llevo la moda un poco a lo m\u00edo, o sea,<a href=\"https:\/\/www.trendencias.com\/propuestas-y-consejos\/prendas-clave-para-esta-primavera-verano-2022-estilista-miriam-otero\"> lo que est\u00e1 de moda<\/a> que no me sienta bien, no me lo pongo. Tengo un estilo ya marcado. Me gusta ir suelta abajo y apretada de arriba desde los 16.<\/p>\n<p><!-- BREAK 12 --><\/p>\n<p><strong>\u00bfCu\u00e1les son tus firmas preferidas ahora mismo?<\/strong><\/p>\n<p>Yo compro en Zara. De zapatos lo que mejor me sienta es <a href=\"https:\/\/www.trendencias.com\/tag\/zadig-voltaire\">Zadig &amp; Voltaire<\/a>, me encantan sus botas. <a href=\"https:\/\/www.trendencias.com\/tag\/free-people\">Free People<\/a> tambi\u00e9n me suele encantar, pero la \u00faltima colecci\u00f3n no me gusta nada, le falta falta chicha. <a href=\"https:\/\/www.trendencias.com\/tag\/urban-outfitters\">Urban Outfiters<\/a> tambi\u00e9n es de mis favoritas. Me encanta <a href=\"https:\/\/www.trendencias.com\/tag\/prada\">Prada <\/a>cuando me visten, pero son cosas prestadas no me compro nada caro propio.<\/p>\n<p><!-- BREAK 13 --><\/p>\n<p><strong>\u00bfMetes mano cuando te visten para los eventos?<\/strong><\/p>\n<p>S\u00ed. Me recomiendan o me llevan a sitios guays, pero yo elijo. \u00daltimamente me gusta mucho la firma Adriana Iglesias que lleva poquito. Hoy voy vestida de <a href=\"https:\/\/www.charoruiz.com\/es\/\">Charo Ruiz Ibiza<\/a> y bueno, me encanta Chanel, ojal\u00e1 ir vestida de la firma.<\/p>\n<p><!-- BREAK 14 --><\/p>\n<div class=\"article-asset article-asset-normal article-asset-center\">\n<div class=\"desvio-container\">\n<div class=\"desvio\">\n<div class=\"desvio-figure js-desvio-figure\"> <a href=\"https:\/\/www.trendencias.com\/belleza\/siete-rotuladores-cejas-trucos-para-hacerte-microblading-tu-ser-permanente-casa-ver-que-tal-resultado\"> <img alt=\"Siete rotuladores de cejas y trucos para hacerte microblading en casa sin ser permanente y ver qu\u00e9 tal es el resultado\" src=\"http:\/\/hoycordobaweb.com\/wp-content\/uploads\/2022\/06\/conocemos-a-belen-ecija-la-hija-de-belen-rueda-que-brilla-en-madres-yo-compro-en-zara-3.jpg\"> <\/a> <\/div><\/div><\/div>\n<\/div>\n<p><strong>Nos encant\u00f3 tu delineado rojo en el festival de M\u00e1laga, \u00bferes de atreverte con maquillajes originales?<\/strong><\/p>\n<p><!-- BREAK 15 --><\/p>\n<p>Totalmente, soy bastante atrevida. De hecho, hubo una \u00e9poca cuando la gente no se hac\u00eda las u\u00f1as a\u00fan, que yo las llevaba siempre <a href=\"https:\/\/www.trendencias.com\/belleza\/manicura-verano-perfecta-11-colores-unas-que-marcaran-tendencia-essie-opi\">de colores<\/a>, pero <a href=\"https:\/\/www.trendencias.com\/belleza\/manicura-unas-postizas-casa-cual-mejor-comprar-consejos-recomendaciones\">postizas<\/a> no, las m\u00edas.<\/p>\n<p><!-- BREAK 16 --> <\/p>\n<h2>Sobre la temporada 4 de &#8216;Madres. Amor y Vida&#8217;<\/h2>\n<p>La cuarta temporada de la serie presenta un cambio de tim\u00f3n y puede verse de forma independiente, sin tener que conocer las primeras tres temporadas. Un grupo de compa\u00f1eros j\u00f3venes comienzan su MIR de cirug\u00eda bajo la supervisi\u00f3n de una adjunta interpretada por <a href=\"https:\/\/www.trendencias.com\/tag\/nuria-roca\">Nuria Roca<\/a>.&nbsp;<\/p>\n<p><!-- BREAK 17 --><\/p>\n<p>Si te gustan las<a href=\"https:\/\/www.trendencias.com\/series-de-television\/11-series-ambientadas-hospitales-que-calmaran-tus-ganas-que-vuelva-the-good-doctor\"> series ambientadas en hospitales<\/a> como Anatom\u00eda de Grey, no te la puedes perder. Es realista (los actores han asegurado haber sido instruidos por m\u00e9dicos de verdad para su interpretaci\u00f3n) y tiene grandes dosis de salseo. Recomendad\u00edsima. Puedes verla en Amazon Prime o Telecinco.<\/p>\n<p><!-- BREAK 18 --><\/p>\n<p>Fotos | Amazon, <a href=\"https:\/\/www.instagram.com\/belenecijar\/?hl=en\">@belenecijar<\/a><\/p>\n","protected":false},"excerpt":{"rendered":"<p>Bel\u00e9n Ecija es la nueva chica de moda. La actriz sigue los pasos de su madre, Bel\u00e9n Rueda, y comienza a dibujar una carrera que promete. Despu\u00e9s de su papel en &#8216;La valla&#8217;, encarna uno de los personajes principales de la nueva temporada de serie de m\u00e9dicos &#8216;Madres. Amor y vida&#8217; en Amazon Prime y [&hellip;]<\/p>\n","protected":false},"author":1,"featured_media":42523,"comment_status":"closed","ping_status":"closed","sticky":false,"template":"","format":"standard","meta":[],"categories":[1],"tags":[],"_links":{"self":[{"href":"http:\/\/hoycordobaweb.com\/index.php\/wp-json\/wp\/v2\/posts\/42522"}],"collection":[{"href":"http:\/\/hoycordobaweb.com\/index.php\/wp-json\/wp\/v2\/posts"}],"about":[{"href":"http:\/\/hoycordobaweb.com\/index.php\/wp-json\/wp\/v2\/types\/post"}],"author":[{"embeddable":true,"href":"http:\/\/hoycordobaweb.com\/index.php\/wp-json\/wp\/v2\/users\/1"}],"replies":[{"embeddable":true,"href":"http:\/\/hoycordobaweb.com\/index.php\/wp-json\/wp\/v2\/comments?post=42522"}],"version-history":[{"count":0,"href":"http:\/\/hoycordobaweb.com\/index.php\/wp-json\/wp\/v2\/posts\/42522\/revisions"}],"wp:featuredmedia":[{"embeddable":true,"href":"http:\/\/hoycordobaweb.com\/index.php\/wp-json\/wp\/v2\/media\/42523"}],"wp:attachment":[{"href":"http:\/\/hoycordobaweb.com\/index.php\/wp-json\/wp\/v2\/media?parent=42522"}],"wp:term":[{"taxonomy":"category","embeddable":true,"href":"http:\/\/hoycordobaweb.com\/index.php\/wp-json\/wp\/v2\/categories?post=42522"},{"taxonomy":"post_tag","embeddable":true,"href":"http:\/\/hoycordobaweb.com\/index.php\/wp-json\/wp\/v2\/tags?post=42522"}],"curies":[{"name":"wp","href":"https:\/\/api.w.org\/{rel}","templated":true}]}}