{"id":4246,"date":"2020-10-28T17:43:34","date_gmt":"2020-10-28T17:43:34","guid":{"rendered":"https:\/\/www.mujerhoy.com\/vivir\/salud\/202010\/27\/cancer-care-2020-mujerhoy-cuidados-piel-autoestima-20201027063204.html"},"modified":"2020-10-28T17:43:34","modified_gmt":"2020-10-28T17:43:34","slug":"mujerhoy-cancer-care-hablamos-sobre-cuidados-de-la-piel-durante-los-tratamientos-oncologicos","status":"publish","type":"post","link":"http:\/\/hoycordobaweb.com\/index.php\/2020\/10\/28\/mujerhoy-cancer-care-hablamos-sobre-cuidados-de-la-piel-durante-los-tratamientos-oncologicos\/","title":{"rendered":"Mujerhoy Cancer Care: hablamos sobre cuidados de la piel durante los tratamientos oncol\u00f3gicos"},"content":{"rendered":"<div><img src=\"http:\/\/hoycordobaweb.com\/wp-content\/uploads\/2020\/10\/mujerhoy-cancer-care-hablamos-sobre-cuidados-de-la-piel-durante-los-tratamientos-oncologicos.jpg\" class=\"ff-og-image-inserted\"><\/div>\n<p>Retomamos las charlas del <strong>Cancer Care 2020 de Mujerhoy<\/strong> con este tercer encuentro virtual. Tras hablar de <a href=\"https:\/\/www.mujerhoy.com\/vivir\/salud\/202010\/14\/cancer-care-2020-mujerhoy-cancer-ginecologico-fertilidad-20201013094326.html\">c\u00e1ncer y fertilidad<\/a> y <a href=\"https:\/\/www.mujerhoy.com\/vivir\/salud\/202010\/19\/cancer-care-2020-mujerhoy-cancer-mama-prevencion-tratamiento-20201019130035.html\">c\u00e1ncer de mama y prevenci\u00f3n<\/a>, en estacita de ma\u00f1ana estamos abordando la <strong>importancia que tiene para la salud f\u00edsica y mental de las pacientes mimar la piel<\/strong> cuando se recibe un diagn\u00f3stico de c\u00e1ncer. Para ello contamos con dos expertas, <strong>Leonor Prieto, directora cient\u00edfica de los laboratorios La Roche-Posay<\/strong>, y <strong>Marta de la Fuente, responsable del Servicio de Psicooncologia del MD Anderson Cancer Center Madrid<\/strong>. <\/p>\n<p>Con esta charla queremos dar un paso m\u00e1s para ofrecer a todas las lectoras informaci\u00f3n de calidad sobre <strong>c\u00f3mo cuidar la piel y la autoestima durante el tratamiento oncol\u00f3gico<\/strong> tras el impacto que los tratamientos oncol\u00f3gicos pueden tener en la imagen de las pacientes con c\u00e1ncer. Una conversaci\u00f3n que ha sido posible gracias al asesoramiento de los expertos de la <strong>MD Anderson Cancer Center Madrid<\/strong> y el patrocinio del laboratorio dermatol\u00f3gico <strong>La Roche-Posay<\/strong> y la compa\u00f1\u00eda biofarmac\u00e9utica <strong>Bristol-Myers Squibb<\/strong>. <\/p>\n<p><strong>La piel es el reflejo del alma y de c\u00f3mo funciona nuestro cuerpo<\/strong>. Eso es lo que piensa Leonor Prieto, directora cient\u00edfica de los laboratorios La Roche-Posay y de ello nos va a convencer sin lugar a dudas en esta tercera charla. Marta de la Fuente, ser\u00e1 su compa\u00f1era en esta conversaci\u00f3n que <strong>se centrar\u00e1 en dar valor a las \u201cpeque\u00f1as cosas\u201d<\/strong> como el confort de la piel cuando se afronta un diagn\u00f3stico de c\u00e1ncer. <\/p>\n<p>Puede que el cuidado de la piel parezca un tema menor cuando hablamos de c\u00e1ncer, pero<strong> la realidad del d\u00eda a d\u00eda del paciente de c\u00e1ncer<\/strong> nos demuestra que no es as\u00ed y que una piel sana y cuidada antes, durante y despu\u00e9s del tratamiento juega un papel fundamental en la calidad de vida y la recuperaci\u00f3n de estas mujeres. Gracias a la charla con esta dos expertas vamos a descubrir <strong>todo lo que necesitamos saber sobre c\u00e1ncer, piel y autoestima<\/strong>. No te la pierdas.<\/p>\n","protected":false},"excerpt":{"rendered":"<p>Retomamos las charlas del Cancer Care 2020 de Mujerhoy con este tercer encuentro virtual. Tras hablar de c\u00e1ncer y fertilidad y c\u00e1ncer de mama y prevenci\u00f3n, en estacita de ma\u00f1ana estamos abordando la importancia que tiene para la salud f\u00edsica y mental de las pacientes mimar la piel cuando se recibe un diagn\u00f3stico de c\u00e1ncer. [&hellip;]<\/p>\n","protected":false},"author":1,"featured_media":4247,"comment_status":"closed","ping_status":"closed","sticky":false,"template":"","format":"standard","meta":[],"categories":[1],"tags":[],"_links":{"self":[{"href":"http:\/\/hoycordobaweb.com\/index.php\/wp-json\/wp\/v2\/posts\/4246"}],"collection":[{"href":"http:\/\/hoycordobaweb.com\/index.php\/wp-json\/wp\/v2\/posts"}],"about":[{"href":"http:\/\/hoycordobaweb.com\/index.php\/wp-json\/wp\/v2\/types\/post"}],"author":[{"embeddable":true,"href":"http:\/\/hoycordobaweb.com\/index.php\/wp-json\/wp\/v2\/users\/1"}],"replies":[{"embeddable":true,"href":"http:\/\/hoycordobaweb.com\/index.php\/wp-json\/wp\/v2\/comments?post=4246"}],"version-history":[{"count":0,"href":"http:\/\/hoycordobaweb.com\/index.php\/wp-json\/wp\/v2\/posts\/4246\/revisions"}],"wp:featuredmedia":[{"embeddable":true,"href":"http:\/\/hoycordobaweb.com\/index.php\/wp-json\/wp\/v2\/media\/4247"}],"wp:attachment":[{"href":"http:\/\/hoycordobaweb.com\/index.php\/wp-json\/wp\/v2\/media?parent=4246"}],"wp:term":[{"taxonomy":"category","embeddable":true,"href":"http:\/\/hoycordobaweb.com\/index.php\/wp-json\/wp\/v2\/categories?post=4246"},{"taxonomy":"post_tag","embeddable":true,"href":"http:\/\/hoycordobaweb.com\/index.php\/wp-json\/wp\/v2\/tags?post=4246"}],"curies":[{"name":"wp","href":"https:\/\/api.w.org\/{rel}","templated":true}]}}