{"id":42457,"date":"2022-05-31T14:01:49","date_gmt":"2022-05-31T14:01:49","guid":{"rendered":"https:\/\/www.ole.com.ar\/futbol-internacional\/palo-allegri-dybala-comparacion_0_5FBmskKpTd.html"},"modified":"2022-05-31T14:01:49","modified_gmt":"2022-05-31T14:01:49","slug":"allegri-sobre-dybala-se-dejo-llevar-por-el-hecho-de-que-era-el-nuevo-messi","status":"publish","type":"post","link":"http:\/\/hoycordobaweb.com\/index.php\/2022\/05\/31\/allegri-sobre-dybala-se-dejo-llevar-por-el-hecho-de-que-era-el-nuevo-messi\/","title":{"rendered":"Allegri sobre Dybala: \u00abSe dej\u00f3 llevar por el hecho de que era el nuevo Messi\u00bb"},"content":{"rendered":"<p><img src=\"http:\/\/hoycordobaweb.com\/wp-content\/uploads\/2022\/06\/allegri-sobre-dybala-se-dejo-llevar-por-el-hecho-de-que-era-el-nuevo-messi.jpg\"><\/p>\n<p><strong>Los trapitos al sol<\/strong>. Luego de que se confirmara la<strong> salida de <a alt=\"paulo-dybala\" class=\"slug\" href=\"https:\/\/www.ole.com.ar\/tema\/paulo-dybala.html\" target=\"_blank\" title=\"paulo-dybala\" rel=\"noopener noreferrer\">Paulo Dybala<\/a> de la <a alt=\"juventus\" class=\"slug\" href=\"https:\/\/www.ole.com.ar\/tema\/juventus.html\" target=\"_blank\" title=\"juventus\" rel=\"noopener noreferrer\">Juventus<\/a>, <\/strong>tras&nbsp;no llegar a un acuerdo por la&nbsp;renovaci\u00f3n de su contrato, su ahora ex entrenador&nbsp;<a alt=\"masimiliano-allegri\" class=\"slug\" href=\"https:\/\/www.ole.com.ar\/tema\/masimiliano-allegri.html\" target=\"_blank\" title=\"masimiliano-allegri\" rel=\"noopener noreferrer\">Massimiliano Allegri<\/a>, sali\u00f3 a hablar del cordob\u00e9s de una manera bastante particular.<\/p>\n<div class=\"sp__Normal\">\n<div class=\"image-embeb image-trigger\" readability=\"6\">\n<picture><source media=\"(min-width: 720px)\" srcset=\"http:\/\/hoycordobaweb.com\/wp-content\/uploads\/2022\/06\/allegri-sobre-dybala-se-dejo-llevar-por-el-hecho-de-que-era-el-nuevo-messi-2.jpg\"><img itemprop=\"image\" src=\"http:\/\/hoycordobaweb.com\/wp-content\/uploads\/2022\/06\/allegri-sobre-dybala-se-dejo-llevar-por-el-hecho-de-que-era-el-nuevo-messi-2.jpg\" loading=\"lazy\" alt=\"\u00bfHubo cortocircuito? (AFP)\">\n<\/picture><figcaption readability=\"2\">\n<p>\u00bfHubo cortocircuito? (AFP)\n<\/p>\n<\/figcaption><\/div>\n<\/div>\n<div class=\"sp__SM\">\n<div class=\"content-new \">\n<span class=\"tit-mobile\">Mir\u00e1 tambi\u00e9n<\/span><\/p>\n<div class=\"mg\">\n<div class=\"wrap-figure\">\n<picture>\n<a href=\"https:\/\/www.ole.com.ar\/seleccion\/argentina-londres-italia-finalissima_0_nZwJzLbEQj.html\" target=\"_self\" rel=\"noopener noreferrer\"><br \/>\n<img class=\"img-responsive\" alt=\"La Selecci\u00f3n ya est\u00e1 en Londres: las claves de la Finalissima\" src=\"http:\/\/hoycordobaweb.com\/wp-content\/uploads\/2022\/06\/allegri-sobre-dybala-se-dejo-llevar-por-el-hecho-de-que-era-el-nuevo-messi-3.jpg\" loading=\"lazy\"><br \/>\n<\/a>\n<\/picture>\n<\/div>\n<\/div><\/div>\n<\/div>\n<p><strong>\u00abPaulo tiene que volver a ser \u00e9l mismo<\/strong>, hubo un momento en el que <strong>se dej\u00f3 llevar por el hecho de que era el nuevo <a alt=\"lionel-messi\" class=\"slug\" href=\"https:\/\/www.ole.com.ar\/tema\/lionel-messi.html\" target=\"_blank\" title=\"lionel-messi\" rel=\"noopener noreferrer\">Messi<\/a><\/strong>. <strong>Un jugador no puede emular o pensar que es como otro\u00bb<\/strong>, lanz\u00f3 Allegri. <\/p>\n<p>Sin embargo, aclar\u00f3: \u00abTodav\u00eda<strong> tiene mucho que dar porque tiene unas cualidades t\u00e9cnicas extraordinarias<\/strong> y juega de una manera divina, pero debe volver a centrarse en sus cualidades f\u00edsicas y t\u00e9cnicas\u00bb.&nbsp;<\/p>\n<p>Paulo, se va de la Juventus luego de <strong>7 a\u00f1os en los que supo cosechar cinco&nbsp;Scudettos, cuatro Supercopas de Italia y tres Copas de Italia.<\/strong><\/p>\n<div class=\"sp__Normal\">\n<div class=\"image-embeb image-trigger\" readability=\"6.5\">\n<picture><source media=\"(min-width: 720px)\" srcset=\"http:\/\/hoycordobaweb.com\/wp-content\/uploads\/2022\/06\/allegri-sobre-dybala-se-dejo-llevar-por-el-hecho-de-que-era-el-nuevo-messi-4.jpg\"><img itemprop=\"image\" src=\"http:\/\/hoycordobaweb.com\/wp-content\/uploads\/2022\/06\/allegri-sobre-dybala-se-dejo-llevar-por-el-hecho-de-que-era-el-nuevo-messi-4.jpg\" loading=\"lazy\" alt=\"Messi y Dybala, compa\u00f1eros de selecci\u00f3n. (EFE)\">\n<\/picture><figcaption readability=\"3\">\n<p>Messi y Dybala, compa\u00f1eros de selecci\u00f3n. (EFE)\n<\/p>\n<\/figcaption><\/div>\n<\/div>\n<div class=\"sp__SM\">\n<div class=\"content-new \">\n<span class=\"tit-mobile\">Mir\u00e1 tambi\u00e9n<\/span><\/p>\n<div class=\"mg\">\n<div class=\"wrap-figure\">\n<picture>\n<a href=\"https:\/\/www.ole.com.ar\/tenis\/zeballos-granollers-semis-roland-garros_0_VWDQVf8CGv.html\" target=\"_self\" rel=\"noopener noreferrer\"><br \/>\n<img class=\"img-responsive\" alt=\"Zeballos: en semis del Roland Garros de dobles\" src=\"http:\/\/hoycordobaweb.com\/wp-content\/uploads\/2022\/06\/allegri-sobre-dybala-se-dejo-llevar-por-el-hecho-de-que-era-el-nuevo-messi-5.jpg\" loading=\"lazy\"><br \/>\n<\/a>\n<\/picture>\n<\/div>\n<\/div><\/div>\n<\/div>\n<p>Allegri, se refiri\u00f3 tambi\u00e9n como queda conformado el grupo de jugadores luego del retiro del hist\u00f3rico Giorgio Chiellini: <strong>\u00abEn este grupo era importante Giorgio, as\u00ed como tambi\u00e9n lo eran Buffon y Marchisio<\/strong>, hablando de los italianos. Para el futuro <strong>ya tenemos dos l\u00edderes, De Ligt y Locatelli.<\/strong> Manuel fue un excelente fichaje y podr\u00eda ser el futuro capit\u00e1n de la Juventus, tiene las caracter\u00edsticas t\u00e9cnicas y morales para quedarse aqu\u00ed muchos a\u00f1os\u00bb. <\/p>\n<p>En cuanto a sus futuros l\u00edderes y referentes, destac\u00f3 tambi\u00e9n al brasilero Danilo: <strong>\u00abCuando habla Danilo nunca es banal y pone al equipo por delante<\/strong>. Un verdadero l\u00edder es silencioso, debe hablar poco y siempre debe poner al equipo al frente. Y si haces esto, es el equipo el que te reconoce como l\u00edder\u00bb, reconoci\u00f3.&nbsp;<\/p>\n<p>Para finalizar, destac\u00f3 sus ganas de dirigir a Lionel Messi: <strong>\u00abEntren\u00e9 a campeones como Cristiano Ronaldo, Ibrahimovic, Ronaldinho, Robinho, Cassano, Seedorf, Pirlo, Buffon&#8230; Al \u00fanico que me ha faltado entrenar es a Messi&#8230;\u00bb<\/strong><\/p>\n<div class=\"sp__SM\">\n<div class=\"content-new \">\n<span class=\"tit-mobile\">Mir\u00e1 tambi\u00e9n<\/span><\/p>\n<div class=\"mg\">\n<div class=\"wrap-figure\">\n<picture>\n<a href=\"https:\/\/www.ole.com.ar\/river-plate\/dijo-presidente-city-alvarez-haaland_0_kqpq7gK99z.html\" target=\"_self\" rel=\"noopener noreferrer\"><br \/>\n<img class=\"img-responsive\" alt=\"\u00bfQu\u00e9 dijo el presidente del Manchester City sobre Juli\u00e1n y Haaland?\" src=\"http:\/\/hoycordobaweb.com\/wp-content\/uploads\/2022\/06\/allegri-sobre-dybala-se-dejo-llevar-por-el-hecho-de-que-era-el-nuevo-messi-6.jpg\" loading=\"lazy\"><br \/>\n<\/a>\n<\/picture>\n<\/div>\n<\/div><\/div>\n<\/div>\n<h2><strong>El futuro de Dybala,&nbsp;una inc\u00f3gnita<\/strong><\/h2>\n<p>La<strong> relaci\u00f3n entre Dybala y la dirigencia de la Juventus se fue desgastando en los \u00faltimos meses<\/strong> y su renovaci\u00f3n se fue postergando por temas que a\u00fan se desconocen. Tanto fue as\u00ed que finalmente <strong>el cordob\u00e9s quedar\u00e1 libre a partir del primero de julio.<\/strong> <\/p>\n<div class=\"sp__Normal\">\n<div class=\"image-embeb image-trigger\" readability=\"6\">\n<picture><source media=\"(min-width: 720px)\" srcset=\"http:\/\/hoycordobaweb.com\/wp-content\/uploads\/2022\/06\/allegri-sobre-dybala-se-dejo-llevar-por-el-hecho-de-que-era-el-nuevo-messi-7.jpg\"><img itemprop=\"image\" src=\"http:\/\/hoycordobaweb.com\/wp-content\/uploads\/2022\/06\/allegri-sobre-dybala-se-dejo-llevar-por-el-hecho-de-que-era-el-nuevo-messi-7.jpg\" loading=\"lazy\" alt=\"Dybala y Totti. (Foto Instagram paulodybala)\">\n<\/picture><figcaption readability=\"2\">\n<p>Dybala y Totti. (Foto Instagram paulodybala)\n<\/p>\n<\/figcaption><\/div>\n<\/div>\n<div class=\"sp__SM\">\n<div class=\"content-new \">\n<span class=\"tit-mobile\">Mir\u00e1 tambi\u00e9n<\/span><\/p>\n<div class=\"mg\">\n<div class=\"wrap-figure\">\n<picture>\n<a href=\"https:\/\/www.ole.com.ar\/seleccion\/invicto-scaloni-argentina-italia_0_t8nk0xuxg4.html\" target=\"_self\" rel=\"noopener noreferrer\"><br \/>\n<img class=\"img-responsive\" alt=\"\u00bfCu\u00e1ntos partidos lleva la Selecci\u00f3n sin perder?\" src=\"http:\/\/hoycordobaweb.com\/wp-content\/uploads\/2022\/06\/allegri-sobre-dybala-se-dejo-llevar-por-el-hecho-de-que-era-el-nuevo-messi-8.jpg\" loading=\"lazy\"><br \/>\n<\/a>\n<\/picture>\n<\/div>\n<\/div><\/div>\n<\/div>\n<p>En este contexto, <strong>Dybala se encuentra en condiciones de negociar con el pase en su poder<\/strong>, algo que lo convierte en un gran atractivo para muchos clubes, entre los cuales, los \u00faltimos meses,<strong> <a href=\"https:\/\/www.ole.com.ar\/futbol-internacional\/italia\/dybala-roma-oferta-mourinho-totti_0_6Ju3EpqybA.html\" target=\"_blank\" rel=\"noopener noreferrer\">la Roma son\u00f3 fuerte<\/a><\/strong>. Cuando se confirm\u00f3 su salida de la Vecchia Signora, <a alt=\"francesco-totti\" class=\"slug\" href=\"https:\/\/www.ole.com.ar\/tema\/francesco-totti.html\" target=\"_blank\" title=\"francesco-totti\" rel=\"noopener noreferrer\">Francesco Totti<\/a>, leyenda de la Roma desliz\u00f3: <strong>\u00abVoy a hablar con Dybala para ver si lo puedo llevar a Roma\u00bb<\/strong>. Seg\u00fan se dio a conocer, el conjunto de la capital de Italia le habr\u00eda ofrecido a la Joya un contrato hasta el 2026 y por seis millones anuales.<\/p>\n<p>Adem\u00e1s,&nbsp;Totti, quien no es dirigente de la Roma, pero por su historia siempre es palabra autorizada, <strong>ya avis\u00f3 que este martes tiene pensando visitar a la Joya, cuando la Selecci\u00f3n Argentina llegue a Inglaterra para enfrentar a Italia por la Finalissima<\/strong>, y aprovechar\u00e1 la oportunidad para acercarlo a\u00fan m\u00e1s a la Roma. \u00bfLograr\u00e1 tentarlo?<\/p>\n<div class=\"sp__SM\">\n<div class=\"content-new \">\n<span class=\"tit-mobile\">Mir\u00e1 tambi\u00e9n<\/span><\/p>\n<div class=\"mg\">\n<div class=\"wrap-figure\">\n<picture>\n<a href=\"https:\/\/www.ole.com.ar\/seleccion\/video-scaloneta-final_0_jZA9PqLxFe.html\" target=\"_self\" rel=\"noopener noreferrer\"><br \/>\n<img class=\"img-responsive\" alt=\"La Scaloneta no es un autob\u00fas: el divertido video de la Selecci\u00f3n antes de la Finalissima\" src=\"http:\/\/hoycordobaweb.com\/wp-content\/uploads\/2022\/06\/allegri-sobre-dybala-se-dejo-llevar-por-el-hecho-de-que-era-el-nuevo-messi-9.jpg\" loading=\"lazy\"><br \/>\n<\/a>\n<\/picture>\n<\/div>\n<\/div><\/div>\n<\/div>\n<h2><strong>As\u00ed&nbsp;se despidi\u00f3 de la Juve<\/strong><\/h2>\n<div class=\"sp__SM\">\n<div class=\"content-new \">\n<span class=\"tit-mobile\">Mir\u00e1 tambi\u00e9n<\/span><\/p>\n<div class=\"mg\">\n<div class=\"wrap-figure\">\n<picture>\n<a href=\"https:\/\/www.ole.com.ar\/boca-juniors\/battaglia-krupoviesa-boca-rio-janeiro_0_6pW1FSzy6T.html\" target=\"_self\" rel=\"noopener noreferrer\"><br \/>\n<img class=\"img-responsive\" alt=\"Battaglia: vacaciones en R\u00edo, con su amigo y mano derecha\" src=\"http:\/\/hoycordobaweb.com\/wp-content\/uploads\/2022\/06\/allegri-sobre-dybala-se-dejo-llevar-por-el-hecho-de-que-era-el-nuevo-messi-10.jpg\" loading=\"lazy\"><br \/>\n<\/a>\n<\/picture>\n<\/div>\n<\/div><\/div>\n<\/div>\n<div class=\"entry-tags\">\n<h2>TEMAS QUE APARECEN EN ESTA NOTA<\/h2>\n<\/p><\/div>\n","protected":false},"excerpt":{"rendered":"<p>Los trapitos al sol. Luego de que se confirmara la salida de Paulo Dybala de la Juventus, tras&nbsp;no llegar a un acuerdo por la&nbsp;renovaci\u00f3n de su contrato, su ahora ex entrenador&nbsp;Massimiliano Allegri, sali\u00f3 a hablar del cordob\u00e9s de una manera bastante particular. \u00bfHubo cortocircuito? (AFP) Mir\u00e1 tambi\u00e9n \u00abPaulo tiene que volver a ser \u00e9l mismo, [&hellip;]<\/p>\n","protected":false},"author":1,"featured_media":42458,"comment_status":"open","ping_status":"closed","sticky":false,"template":"","format":"standard","meta":[],"categories":[16],"tags":[],"_links":{"self":[{"href":"http:\/\/hoycordobaweb.com\/index.php\/wp-json\/wp\/v2\/posts\/42457"}],"collection":[{"href":"http:\/\/hoycordobaweb.com\/index.php\/wp-json\/wp\/v2\/posts"}],"about":[{"href":"http:\/\/hoycordobaweb.com\/index.php\/wp-json\/wp\/v2\/types\/post"}],"author":[{"embeddable":true,"href":"http:\/\/hoycordobaweb.com\/index.php\/wp-json\/wp\/v2\/users\/1"}],"replies":[{"embeddable":true,"href":"http:\/\/hoycordobaweb.com\/index.php\/wp-json\/wp\/v2\/comments?post=42457"}],"version-history":[{"count":0,"href":"http:\/\/hoycordobaweb.com\/index.php\/wp-json\/wp\/v2\/posts\/42457\/revisions"}],"wp:featuredmedia":[{"embeddable":true,"href":"http:\/\/hoycordobaweb.com\/index.php\/wp-json\/wp\/v2\/media\/42458"}],"wp:attachment":[{"href":"http:\/\/hoycordobaweb.com\/index.php\/wp-json\/wp\/v2\/media?parent=42457"}],"wp:term":[{"taxonomy":"category","embeddable":true,"href":"http:\/\/hoycordobaweb.com\/index.php\/wp-json\/wp\/v2\/categories?post=42457"},{"taxonomy":"post_tag","embeddable":true,"href":"http:\/\/hoycordobaweb.com\/index.php\/wp-json\/wp\/v2\/tags?post=42457"}],"curies":[{"name":"wp","href":"https:\/\/api.w.org\/{rel}","templated":true}]}}