{"id":42443,"date":"2022-06-01T11:44:25","date_gmt":"2022-06-01T11:44:25","guid":{"rendered":"https:\/\/manoamanocba.com.ar\/?p=5376"},"modified":"2022-06-01T11:44:25","modified_gmt":"2022-06-01T11:44:25","slug":"la-odisea-de-un-cordobes-que-viajara-a-qatar-en-moto","status":"publish","type":"post","link":"http:\/\/hoycordobaweb.com\/index.php\/2022\/06\/01\/la-odisea-de-un-cordobes-que-viajara-a-qatar-en-moto\/","title":{"rendered":"La odisea de un cordob\u00e9s que viajar\u00e1 a Qatar en moto"},"content":{"rendered":"<div><img src=\"http:\/\/hoycordobaweb.com\/wp-content\/uploads\/2022\/06\/la-odisea-de-un-cordobes-que-viajara-a-qatar-en-moto.jpg\" class=\"ff-og-image-inserted\"><\/div>\n<p><span><strong>Mat\u00edas Villarruel Vercesi<\/strong> es un cordob\u00e9s de 30 a\u00f1os que emprender\u00e1 la aventura de viajar en moto al Mundial de Qatar 2022 para cumplir el sue\u00f1o de conocer a su \u00eddolo Lionel Messi.<\/span><\/p>\n<p><span>Tambi\u00e9n conocido en las redes sociales como <a href=\"https:\/\/www.instagram.com\/viaja_con_cabeza\/\">@viajaconcabeza<\/a>, hace un mes est\u00e1 viviendo en Cantagalo, u<\/span><span>na comunidad ubicada entre Copacabana e Ipanema,<\/span><span> en R\u00edo de Janeiro, donde pone a punto al <strong>\u201cDemonio Rojo\u201d<\/strong> -como bautiz\u00f3 a su moto- y organiza los detalles de la traves\u00eda.<\/span><\/p>\n<blockquote class=\"instagram-media\" data-instgrm-captioned data-instgrm-permalink=\"https:\/\/www.instagram.com\/p\/CanZvBiO9Mf\/?utm_source=ig_embed&amp;utm_campaign=loading\" data-instgrm-version=\"14\" readability=\"-7.175\"><\/blockquote>\n<p><b>\u00bfQu\u00e9 hac\u00edas antes? \u00bfC\u00f3mo surgi\u00f3 la idea de ir a Qatar en moto?<\/b><\/p>\n<p><i><span>Estuve viviendo un a\u00f1o en Tulum (M\u00e9xico), haciendo fotos y videos, y conociendo. Tambi\u00e9n anduve por Guatemala, donde todo ese viaje estuve hablando con Lean, un amigo de C\u00f3rdoba que me coment\u00f3 que se iba a <strong>Qatar en bicicleta<\/strong> con un grupo de amigos. Me dej\u00f3 pensando, me naci\u00f3 el bichito de \u201cpor qu\u00e9 no\u201d y as\u00ed surgi\u00f3 la idea de ir a Qatar en moto.<\/span><\/i><\/p>\n<p><b>\u00bfC\u00f3mo vas a cruzar la moto a otro continente?<\/b><\/p>\n<p><i><span>La idea original era ir a Sud\u00e1frica, pero como no va mucha gente tendr\u00eda que alquilar un contenedor solo para m\u00ed y cuesta 8 mil d\u00f3lares. Entonces estoy viendo otras alternativas y una de ellas es Espa\u00f1a, donde se puede compartir contenedor, ya que es una ruta m\u00e1s transitada. La idea es andar en moto desde julio antes de llegar a Qatar.<\/span><\/i><\/p>\n<p><span>Mientras termina de definir el itinerario, Mat\u00edas <strong>se prepara f\u00edsica, mental y espiritualmente<\/strong>. Un amigo le dise\u00f1\u00f3 un plan de gimnasio y entrena en un lugar que da al mar en la \u201cCidade Maravilhosa\u201d.<\/span><\/p>\n<p><span>Para estar bien mentalmente, se comunica con su familia, lee blogs y dedica tiempo a mirar videos motivacionales. Y, espiritualmente, se mantiene contento con la esperanza de poder cumplir su sue\u00f1o.<\/span><\/p>\n<blockquote class=\"instagram-media\" data-instgrm-captioned data-instgrm-permalink=\"https:\/\/www.instagram.com\/p\/CN8jLHmg1m0\/?utm_source=ig_embed&amp;utm_campaign=loading\" data-instgrm-version=\"14\" readability=\"-7.175\"><\/blockquote>\n<p><span>Su experiencia m\u00e1s larga en moto fue antes de la pandemia, cuando recorri\u00f3 el <\/span><span>norte argentino, despu\u00e9s cruz\u00f3 a Chile, Bolivia, Per\u00fa (Lima y Machu Picchu) y termin\u00f3 en Brasil.<\/span><\/p>\n<p><span>El joven admite que<strong> genera ciertos miedos encarar esta nueva traves\u00eda<\/strong>, que dependiendo el punto de inicio puede llegar a los 10 mil kil\u00f3metros, por lugares totalmente desconocidos.<\/span><\/p>\n<p><span>Sin embargo, un gran pilar de esta aventura es su compa\u00f1era de ruta: <strong>Malca<\/strong>, una perrita que adopt\u00f3 hace seis meses y, seg\u00fan cuenta, ya se acostumbr\u00f3 a andar arriba de la moto.<\/span><\/p>\n<p><span>Claro que viajar con su mascota conlleva otras responsabilidades, como adquirir un canil, tr\u00e1mites aduaneros y cumplir con los requisitos sanitarios que exigen los pa\u00edses.<\/span><\/p>\n<blockquote class=\"instagram-media\" data-instgrm-captioned data-instgrm-permalink=\"https:\/\/www.instagram.com\/reel\/Cc30t84gft-\/?utm_source=ig_embed&amp;utm_campaign=loading\" data-instgrm-version=\"14\" readability=\"-7.175\"><\/blockquote>\n<p><span>El otro plus es la carga emocional del \u201cDemonio Rojo\u201d. Se trata de una <strong>Honda Nighthawk de 1992 que pertenec\u00eda a su abuelo<\/strong> y por eso, asegura, \u201ctiene m\u00edstica\u201d.<\/span><\/p>\n<p><span>\u201cA pesar del miedo que genera c\u00f3mo cruzar la moto, tengo muchas ganas de estar andando, vivir ese momento de libertad, esas sensaciones\u201d, expresa Mat\u00edas.<\/span><\/p>\n<p><span>Imaginando ya los paisajes que recorrer\u00e1 junto a su compa\u00f1era, cuenta que no sabe de mec\u00e1nica pero que existe un c\u00f3digo motero que todo conductor frena para auxiliar a otras personas al costado de la ruta.<\/span><\/p>\n<blockquote class=\"instagram-media\" data-instgrm-captioned data-instgrm-permalink=\"https:\/\/www.instagram.com\/tv\/CdgzU_1gOOl\/?utm_source=ig_embed&amp;utm_campaign=loading\" data-instgrm-version=\"14\" readability=\"-7.175\"><\/blockquote>\n<p><b>\u00bfC\u00f3mo se prepara el bolso en un viaje tan largo en moto?&nbsp;<\/b><\/p>\n<p><i><span>La idea es ir lo m\u00e1s liviano de equipaje posible. Me pasa que te vas deshaciendo de cosas, cada cent\u00edmetro, cada peso de m\u00e1s, hay que sacarlo. En vez de seis calzoncillos, llevar cuatro. Cada espacio cuenta.<\/span><\/i><\/p>\n<p><b>\u00bfC\u00f3mo es solventado el proyecto?<\/b><\/p>\n<p><i><span>Ahora estoy buscando patrocinio, la idea es tener sponsors que quieran acompa\u00f1ar esta aventura. Estoy haciendo una serie audiovisual de diferentes cap\u00edtulos que subo en Instagram y Youtube, mostrando la calidad del trabajo y con im\u00e1genes bien cinematogr\u00e1ficas.<\/span><\/i><\/p>\n<p><i><span>Por otro lado, en cada lugar que voy hago contenido audiovisual y fotogr\u00e1fico para diferentes marcas. Ahora estoy haciendo contenido para un comercio que vende estatuas.<\/span><\/i><\/p>\n<p><i><span>Los seguidores de las redes tambi\u00e9n me ayudan. Despu\u00e9s de cada cap\u00edtulo, \u201cpaso la gorra\u201d para quienes puedan colaborar.<\/span><\/i><\/p>\n<p><b>\u00bfTe quedas todo el Mundial?<\/b><\/p>\n<p><i><span>Tengo pensado quedarme todo el Mundial, aunque no tengo entradas. La idea es conseguir de alguna manera. Con todo el viaje en moto, hacerse m\u00e1s conocido, que vaya fluyendo y que llegue todo lo bueno que tenga que llegar, como brindar contenido para un canal, por ejemplo. All\u00e1 vamos con todas las fuerzas y todas las ganas.<\/span><\/i><\/p>\n<p><span>Mat\u00edas cierra la entrevista con la invitaci\u00f3n <strong>a seguir de cerca la aventura por los diferentes canales<\/strong> <strong>para mostrar su sue\u00f1o<\/strong> y <strong>motivar a las dem\u00e1s personas<\/strong> a lanzarse a cumplir los suyos.<\/span><\/p>\n<p><iframe loading=\"lazy\" title=\"YouTube video player\" src=\"https:\/\/www.youtube.com\/embed\/KLZ7lbfmyEM\" width=\"560\" height=\"315\" frameborder=\"0\" allowfullscreen=\"allowfullscreen\">[embedded content]<\/iframe><\/p>\n","protected":false},"excerpt":{"rendered":"<p>Mat\u00edas Villarruel Vercesi es un cordob\u00e9s de 30 a\u00f1os que emprender\u00e1 la aventura de viajar en moto al Mundial de Qatar 2022 para cumplir el sue\u00f1o de conocer a su \u00eddolo Lionel Messi. Tambi\u00e9n conocido en las redes sociales como @viajaconcabeza, hace un mes est\u00e1 viviendo en Cantagalo, una comunidad ubicada entre Copacabana e Ipanema, [&hellip;]<\/p>\n","protected":false},"author":1,"featured_media":42444,"comment_status":"closed","ping_status":"closed","sticky":false,"template":"","format":"standard","meta":[],"categories":[19],"tags":[],"_links":{"self":[{"href":"http:\/\/hoycordobaweb.com\/index.php\/wp-json\/wp\/v2\/posts\/42443"}],"collection":[{"href":"http:\/\/hoycordobaweb.com\/index.php\/wp-json\/wp\/v2\/posts"}],"about":[{"href":"http:\/\/hoycordobaweb.com\/index.php\/wp-json\/wp\/v2\/types\/post"}],"author":[{"embeddable":true,"href":"http:\/\/hoycordobaweb.com\/index.php\/wp-json\/wp\/v2\/users\/1"}],"replies":[{"embeddable":true,"href":"http:\/\/hoycordobaweb.com\/index.php\/wp-json\/wp\/v2\/comments?post=42443"}],"version-history":[{"count":0,"href":"http:\/\/hoycordobaweb.com\/index.php\/wp-json\/wp\/v2\/posts\/42443\/revisions"}],"wp:featuredmedia":[{"embeddable":true,"href":"http:\/\/hoycordobaweb.com\/index.php\/wp-json\/wp\/v2\/media\/42444"}],"wp:attachment":[{"href":"http:\/\/hoycordobaweb.com\/index.php\/wp-json\/wp\/v2\/media?parent=42443"}],"wp:term":[{"taxonomy":"category","embeddable":true,"href":"http:\/\/hoycordobaweb.com\/index.php\/wp-json\/wp\/v2\/categories?post=42443"},{"taxonomy":"post_tag","embeddable":true,"href":"http:\/\/hoycordobaweb.com\/index.php\/wp-json\/wp\/v2\/tags?post=42443"}],"curies":[{"name":"wp","href":"https:\/\/api.w.org\/{rel}","templated":true}]}}