{"id":42423,"date":"2022-05-30T19:08:11","date_gmt":"2022-05-30T19:08:11","guid":{"rendered":"https:\/\/fono.fcm.unc.edu.ar\/?p=9278"},"modified":"2022-05-30T19:08:11","modified_gmt":"2022-05-30T19:08:11","slug":"30-de-mayo-dia-nacional-de-la-donacion-de-organos","status":"publish","type":"post","link":"http:\/\/hoycordobaweb.com\/index.php\/2022\/05\/30\/30-de-mayo-dia-nacional-de-la-donacion-de-organos\/","title":{"rendered":"30 de mayo: D\u00eda Nacional de la Donaci\u00f3n de \u00d3rganos\u00a0"},"content":{"rendered":"<h2 class=\"fusion-post-title\">30 de mayo: D\u00eda Nacional de la Donaci\u00f3n de \u00d3rganos&nbsp;<\/h2>\n<div class=\"post-content\" readability=\"41\">\n<p><img loading=\"lazy\" class=\"alignright wp-image-9279 size-fusion-400\" src=\"https:\/\/fono.fcm.unc.edu.ar\/wp-content\/uploads\/sites\/14\/2022\/05\/IMG-20220530-WA0004-400x400.jpg\" alt width=\"400\" height=\"400\" srcset=\"https:\/\/fono.fcm.unc.edu.ar\/wp-content\/uploads\/sites\/14\/2022\/05\/IMG-20220530-WA0004-66x66.jpg 66w, https:\/\/fono.fcm.unc.edu.ar\/wp-content\/uploads\/sites\/14\/2022\/05\/IMG-20220530-WA0004-150x150.jpg 150w, https:\/\/fono.fcm.unc.edu.ar\/wp-content\/uploads\/sites\/14\/2022\/05\/IMG-20220530-WA0004-200x200.jpg 200w, https:\/\/fono.fcm.unc.edu.ar\/wp-content\/uploads\/sites\/14\/2022\/05\/IMG-20220530-WA0004-300x300.jpg 300w, https:\/\/fono.fcm.unc.edu.ar\/wp-content\/uploads\/sites\/14\/2022\/05\/IMG-20220530-WA0004-400x400.jpg 400w, https:\/\/fono.fcm.unc.edu.ar\/wp-content\/uploads\/sites\/14\/2022\/05\/IMG-20220530-WA0004-600x600.jpg 600w, https:\/\/fono.fcm.unc.edu.ar\/wp-content\/uploads\/sites\/14\/2022\/05\/IMG-20220530-WA0004-768x768.jpg 768w, https:\/\/fono.fcm.unc.edu.ar\/wp-content\/uploads\/sites\/14\/2022\/05\/IMG-20220530-WA0004.jpg 800w\" sizes=\"(max-width: 400px) 100vw, 400px\">El 30 de mayo se celebra el D\u00eda Nacional de la Donaci\u00f3n de \u00d3rganos en conmemoraci\u00f3n del nacimiento del hijo de la primera paciente que dio a luz despu\u00e9s de recibir un trasplante en un hospital p\u00fablico.<\/p>\n<p>En lo que va del a\u00f1o se realizaron m\u00e1s 700 transplantes de \u00f3rganos y 666 de c\u00f3rneas. La realizaci\u00f3n de cada trasplante es posible gracias a la participaci\u00f3n de la sociedad, representada en el acto de donar, a la intervenci\u00f3n de los profesionales de la salud de los establecimientos hospitalarios de todo el pa\u00eds y al trabajo de los organismos provinciales de procuraci\u00f3n pertenecientes al sistema sanitario argentino.<\/p>\n<\/p><\/div>\n","protected":false},"excerpt":{"rendered":"<p>30 de mayo: D\u00eda Nacional de la Donaci\u00f3n de \u00d3rganos&nbsp; El 30 de mayo se celebra el D\u00eda Nacional de la Donaci\u00f3n de \u00d3rganos en conmemoraci\u00f3n del nacimiento del hijo de la primera paciente que dio a luz despu\u00e9s de recibir un trasplante en un hospital p\u00fablico. En lo que va del a\u00f1o se realizaron [&hellip;]<\/p>\n","protected":false},"author":1,"featured_media":0,"comment_status":"closed","ping_status":"closed","sticky":false,"template":"","format":"standard","meta":[],"categories":[1],"tags":[],"_links":{"self":[{"href":"http:\/\/hoycordobaweb.com\/index.php\/wp-json\/wp\/v2\/posts\/42423"}],"collection":[{"href":"http:\/\/hoycordobaweb.com\/index.php\/wp-json\/wp\/v2\/posts"}],"about":[{"href":"http:\/\/hoycordobaweb.com\/index.php\/wp-json\/wp\/v2\/types\/post"}],"author":[{"embeddable":true,"href":"http:\/\/hoycordobaweb.com\/index.php\/wp-json\/wp\/v2\/users\/1"}],"replies":[{"embeddable":true,"href":"http:\/\/hoycordobaweb.com\/index.php\/wp-json\/wp\/v2\/comments?post=42423"}],"version-history":[{"count":0,"href":"http:\/\/hoycordobaweb.com\/index.php\/wp-json\/wp\/v2\/posts\/42423\/revisions"}],"wp:attachment":[{"href":"http:\/\/hoycordobaweb.com\/index.php\/wp-json\/wp\/v2\/media?parent=42423"}],"wp:term":[{"taxonomy":"category","embeddable":true,"href":"http:\/\/hoycordobaweb.com\/index.php\/wp-json\/wp\/v2\/categories?post=42423"},{"taxonomy":"post_tag","embeddable":true,"href":"http:\/\/hoycordobaweb.com\/index.php\/wp-json\/wp\/v2\/tags?post=42423"}],"curies":[{"name":"wp","href":"https:\/\/api.w.org\/{rel}","templated":true}]}}