{"id":42405,"date":"2022-05-30T18:49:40","date_gmt":"2022-05-30T18:49:40","guid":{"rendered":"https:\/\/www.ole.com.ar\/futbol-internacional\/eduardo-berizzo-presentacion-tecnico-chile_0_RakpBoDG1P.html"},"modified":"2022-05-30T18:49:40","modified_gmt":"2022-05-30T18:49:40","slug":"berizzo-hay-que-redoblar-esfuerzos-y-compromiso","status":"publish","type":"post","link":"http:\/\/hoycordobaweb.com\/index.php\/2022\/05\/30\/berizzo-hay-que-redoblar-esfuerzos-y-compromiso\/","title":{"rendered":"Berizzo: \u00abHay que redoblar esfuerzos y compromiso\u00bb"},"content":{"rendered":"<p><img src=\"http:\/\/hoycordobaweb.com\/wp-content\/uploads\/2022\/05\/berizzo-hay-que-redoblar-esfuerzos-y-compromiso.jpg\"><\/p>\n<p><strong><a alt=\"eduardo-berizzo\" class=\"slug\" href=\"https:\/\/www.ole.com.ar\/tema\/eduardo-berizzo.html\" target=\"_blank\" title=\"eduardo-berizzo\" rel=\"noopener noreferrer\">Eduardo Berizzo<\/a><\/strong> <strong>fue presentado oficialmente como t\u00e9cnico de la selecci\u00f3n de Chile<\/strong> y afirm\u00f3 que \u00ab<strong>todo el mundo tiene que redoblar esfuerzos y compromiso<\/strong>\u00bb para encarrilar a la selecci\u00f3n chilena en reemplazo de su colega uruguayo Mart\u00edn Lasarte.<\/p>\n<p>\u00abEs necesario redoblar esfuerzos y compromisos. La frustraci\u00f3n que se vive por no alcanzar el objetivo lo exige, hacer m\u00e1s de lo que hac\u00edamos, \u00e9sa es una primera sensaci\u00f3n\u00bb, dijo en la primera conferencia desde el complejo deportivo Pinto Dur\u00e1n el ex entrenador de Celta de Vigo, Sevilla, Athletic y de la selecci\u00f3n de Paraguay.<\/p>\n<div class=\"sp__Normal\">\n<div class=\"image-embeb image-trigger\" readability=\"6\">\n<picture><source media=\"(min-width: 720px)\" srcset=\"http:\/\/hoycordobaweb.com\/wp-content\/uploads\/2022\/05\/berizzo-hay-que-redoblar-esfuerzos-y-compromiso-2.jpg\"><img itemprop=\"image\" src=\"http:\/\/hoycordobaweb.com\/wp-content\/uploads\/2022\/05\/berizzo-hay-que-redoblar-esfuerzos-y-compromiso-2.jpg\" loading=\"lazy\" alt=\"Eduardo Berizzo fue presentado como t\u00e9cnico de la selecci\u00f3n de Chile. (EFE)\">\n<\/picture><figcaption readability=\"2\">\n<p>Eduardo Berizzo fue presentado como t\u00e9cnico de la selecci\u00f3n de Chile. (EFE)\n<\/p>\n<\/figcaption><\/div>\n<\/div>\n<div class=\"sp__SM\">\n<div class=\"content-new \">\n<span class=\"tit-mobile\">Mir\u00e1 tambi\u00e9n<\/span><\/p>\n<div class=\"mg\">\n<div class=\"wrap-figure\">\n<picture>\n<a href=\"https:\/\/www.ole.com.ar\/tenis\/sabatini-bianchi-dulko-roland-garros_0_6QZq6madw2.html\" target=\"_self\" rel=\"noopener noreferrer\"><br \/>\n<img class=\"img-responsive\" alt=\"Encuentro de lujo: Sabatini, Dulko y Bianchi, juntos en Par\u00eds\" src=\"http:\/\/hoycordobaweb.com\/wp-content\/uploads\/2022\/05\/berizzo-hay-que-redoblar-esfuerzos-y-compromiso-3.jpg\" loading=\"lazy\"><br \/>\n<\/a>\n<\/picture>\n<\/div>\n<\/div><\/div>\n<\/div>\n<p>\u00abSoy un agradecido del pa\u00eds que me dio trabajo, mi experiencia laboral parti\u00f3 aqu\u00ed hace quince a\u00f1os. Particip\u00e9 del proceso rumbo al Mundial de Sud\u00e1frica que encabez\u00f3 Marcelo Bielsa y luego tuve la oportunidad y suerte de comenzar a trabajar en un club aqu\u00ed. Muchos son los lazos que me unen al f\u00fatbol chileno\u00bb, destac\u00f3 el Toto.<\/p>\n<div class=\"sp__SM\">\n<div class=\"content-new \">\n<span class=\"tit-mobile\">Mir\u00e1 tambi\u00e9n<\/span><\/p>\n<div class=\"mg\">\n<div class=\"wrap-figure\">\n<picture>\n<a href=\"https:\/\/www.ole.com.ar\/river-plate\/gallardo-gp-monaco-formula-1-paris-river_0_anIHSJnvV3.html\" target=\"_self\" rel=\"noopener noreferrer\"><br \/>\n<img class=\"img-responsive\" alt=\"Gallardo, espectador de lujo en el GP de M\u00f3naco\" src=\"http:\/\/hoycordobaweb.com\/wp-content\/uploads\/2022\/05\/berizzo-hay-que-redoblar-esfuerzos-y-compromiso-4.jpg\" loading=\"lazy\"><br \/>\n<\/a>\n<\/picture>\n<\/div>\n<\/div><\/div>\n<\/div>\n<p><strong>\u00abEst\u00e1 en nuestro trabajo descubrir a futbolistas que tienen edad joven y que tambi\u00e9n ser\u00e1n parte de este camino<\/strong>. Llego a un medio que conozco, quiero establecer puentes de confianza y de profesionalismo con los clubes, que necesitan a la selecci\u00f3n as\u00ed como la selecci\u00f3n los necesita a ellos. Debemos tener una relaci\u00f3n arm\u00f3nica para que nos potenciemos\u00bb, remarc\u00f3 Berizzo.<\/p>\n<div class=\"sp__Normal\">\n<div class=\"image-embeb image-trigger\" readability=\"6\">\n<picture><source media=\"(min-width: 720px)\" srcset=\"http:\/\/hoycordobaweb.com\/wp-content\/uploads\/2022\/05\/berizzo-hay-que-redoblar-esfuerzos-y-compromiso-5.jpg\"><img itemprop=\"image\" src=\"http:\/\/hoycordobaweb.com\/wp-content\/uploads\/2022\/05\/berizzo-hay-que-redoblar-esfuerzos-y-compromiso-5.jpg\" loading=\"lazy\" alt=\"Eduardo Berizzo fue presentado como t\u00e9cnico de la selecci\u00f3n de Chile. (AP)\">\n<\/picture><figcaption readability=\"2\">\n<p>Eduardo Berizzo fue presentado como t\u00e9cnico de la selecci\u00f3n de Chile. (AP)\n<\/p>\n<\/figcaption><\/div>\n<\/div>\n<p>\u00abHemos labrado nuestra metodolog\u00eda apoy\u00e1ndonos en sus ense\u00f1anzas, pero soy otro entrenador. <strong>Me gusta atacar, ser protagonista del partido a trav\u00e9s de la pelota, recuperarla m\u00e1s cerca del arco rival<\/strong>. En eso concuerdo con Marcelo, que tambi\u00e9n piensa el f\u00fatbol as\u00ed\u00bb, dijo.<\/p>\n<p>La Roja cerr\u00f3 su participaci\u00f3n en las eliminatorias sudamericanas en el s\u00e9ptimo puesto con 19 puntos en 18 partidos, con nueve derrotas, cuatro empates y cinco victorias.<\/p>\n<div class=\"sp__SM\">\n<div class=\"content-new \">\n<span class=\"tit-mobile\">Mir\u00e1 tambi\u00e9n<\/span><\/p>\n<div class=\"mg\">\n<div class=\"wrap-figure\">\n<picture>\n<a href=\"https:\/\/www.ole.com.ar\/boca-juniors\/boca-libertadores-2023-barcelona_0_2e5uf0a4Xg.html\" target=\"_self\" rel=\"noopener noreferrer\"><br \/>\n<img class=\"img-responsive\" alt=\"Boca ya tiene un posible rival para la Libertadores 2023\" src=\"http:\/\/hoycordobaweb.com\/wp-content\/uploads\/2022\/05\/berizzo-hay-que-redoblar-esfuerzos-y-compromiso-6.jpg\" loading=\"lazy\"><br \/>\n<\/a>\n<\/picture>\n<\/div>\n<\/div><\/div>\n<\/div>\n<div class=\"entry-tags\">\n<h2>TEMAS QUE APARECEN EN ESTA NOTA<\/h2>\n<\/p><\/div>\n","protected":false},"excerpt":{"rendered":"<p>Eduardo Berizzo fue presentado oficialmente como t\u00e9cnico de la selecci\u00f3n de Chile y afirm\u00f3 que \u00abtodo el mundo tiene que redoblar esfuerzos y compromiso\u00bb para encarrilar a la selecci\u00f3n chilena en reemplazo de su colega uruguayo Mart\u00edn Lasarte. \u00abEs necesario redoblar esfuerzos y compromisos. La frustraci\u00f3n que se vive por no alcanzar el objetivo lo [&hellip;]<\/p>\n","protected":false},"author":1,"featured_media":0,"comment_status":"open","ping_status":"closed","sticky":false,"template":"","format":"standard","meta":[],"categories":[16],"tags":[],"_links":{"self":[{"href":"http:\/\/hoycordobaweb.com\/index.php\/wp-json\/wp\/v2\/posts\/42405"}],"collection":[{"href":"http:\/\/hoycordobaweb.com\/index.php\/wp-json\/wp\/v2\/posts"}],"about":[{"href":"http:\/\/hoycordobaweb.com\/index.php\/wp-json\/wp\/v2\/types\/post"}],"author":[{"embeddable":true,"href":"http:\/\/hoycordobaweb.com\/index.php\/wp-json\/wp\/v2\/users\/1"}],"replies":[{"embeddable":true,"href":"http:\/\/hoycordobaweb.com\/index.php\/wp-json\/wp\/v2\/comments?post=42405"}],"version-history":[{"count":0,"href":"http:\/\/hoycordobaweb.com\/index.php\/wp-json\/wp\/v2\/posts\/42405\/revisions"}],"wp:attachment":[{"href":"http:\/\/hoycordobaweb.com\/index.php\/wp-json\/wp\/v2\/media?parent=42405"}],"wp:term":[{"taxonomy":"category","embeddable":true,"href":"http:\/\/hoycordobaweb.com\/index.php\/wp-json\/wp\/v2\/categories?post=42405"},{"taxonomy":"post_tag","embeddable":true,"href":"http:\/\/hoycordobaweb.com\/index.php\/wp-json\/wp\/v2\/tags?post=42405"}],"curies":[{"name":"wp","href":"https:\/\/api.w.org\/{rel}","templated":true}]}}