{"id":42401,"date":"2022-05-31T00:08:47","date_gmt":"2022-05-31T00:08:47","guid":{"rendered":"https:\/\/www.ole.com.ar\/futbol-internacional\/libertadores-sudameriana-dias-horarios_0_L3zjO3Uesn.html"},"modified":"2022-05-31T00:08:47","modified_gmt":"2022-05-31T00:08:47","slug":"dias-y-horarios-de-los-octavos-de-libertadores-y-sudamericana","status":"publish","type":"post","link":"http:\/\/hoycordobaweb.com\/index.php\/2022\/05\/31\/dias-y-horarios-de-los-octavos-de-libertadores-y-sudamericana\/","title":{"rendered":"D\u00edas y horarios de los octavos de Libertadores y Sudamericana"},"content":{"rendered":"<p><img src=\"http:\/\/hoycordobaweb.com\/wp-content\/uploads\/2022\/05\/dias-y-horarios-de-los-octavos-de-libertadores-y-sudamericana.jpg\"><\/p>\n<p>Este lunes, tres d\u00edas despu\u00e9s de que se conocieran c\u00f3mo quedaron conformados los octavos de final de la Libertadores y la Sudamericana, la Conmebol dio a conocer los d\u00edas y horarios de los respectivos partidos, con equipos argentinos implicados: <a data-cke-saved-href=\"https:\/\/www.ole.com.ar\/futbol-internacional\/libertadores\/libertadores-sorteo-octavos-final-vivo_0_NWt9YUCgCe.html\" target=\"_blank\" href=\"https:\/\/www.ole.com.ar\/futbol-internacional\/libertadores\/libertadores-sorteo-octavos-final-vivo_0_NWt9YUCgCe.html\" rel=\"noopener noreferrer\">River, V\u00e9lez, Talleres, Boca, Col\u00f3n y Estudiantes<\/a> en el primer certamen; <a data-cke-saved-href=\"https:\/\/www.ole.com.ar\/futbol-internacional\/sudamericana\/sudamericana-octavos-cruces-lanus-union_0_c0v3TfOhbY.html\" target=\"_blank\" href=\"https:\/\/www.ole.com.ar\/futbol-internacional\/sudamericana\/sudamericana-octavos-cruces-lanus-union_0_c0v3TfOhbY.html\" rel=\"noopener noreferrer\">Uni\u00f3n y Lan\u00fas en el segundo<\/a>. <mark><strong>A continuaci\u00f3n, agend\u00e1 d\u00edas y horarios.&nbsp;<\/strong><\/mark><\/p>\n<div class=\"sp__SM\">\n<div class=\"content-new \">\n<span class=\"tit-mobile\">Mir\u00e1 tambi\u00e9n<\/span><\/p>\n<div class=\"mg\">\n<div class=\"wrap-figure\">\n<picture>\n<a href=\"https:\/\/www.ole.com.ar\/futbol-primera\/nuevo-torneo-mercado-pases-refuerzos_0_hY19dTykdW.html\" target=\"_self\" rel=\"noopener noreferrer\"><br \/>\n<img class=\"img-responsive\" alt=\"Mercado de pases: altas y bajas a horas del comienzo del torneo\" src=\"http:\/\/hoycordobaweb.com\/wp-content\/uploads\/2022\/05\/dias-y-horarios-de-los-octavos-de-libertadores-y-sudamericana-2.jpg\" loading=\"lazy\"><br \/>\n<\/a>\n<\/picture>\n<\/div>\n<\/div><\/div>\n<\/div>\n<h2><mark><strong>LIBERTADORES<\/strong><\/mark><\/h2>\n<div class=\"sp__Normal\">\n<div class=\"image-embeb image-trigger\" readability=\"6\">\n<picture><source media=\"(min-width: 720px)\" srcset=\"http:\/\/hoycordobaweb.com\/wp-content\/uploads\/2022\/05\/dias-y-horarios-de-los-octavos-de-libertadores-y-sudamericana-3.jpg\"><img itemprop=\"image\" src=\"http:\/\/hoycordobaweb.com\/wp-content\/uploads\/2022\/05\/dias-y-horarios-de-los-octavos-de-libertadores-y-sudamericana-3.jpg\" loading=\"lazy\" alt=\"La llave de la Libertadores.\">\n<\/picture><figcaption readability=\"2\">\n<p>La llave de la Libertadores.\n<\/p>\n<\/figcaption><\/div>\n<\/div>\n<p><strong>OCTAVOS IDA<\/strong><\/p>\n<p>Martes 28<\/p>\n<p>Emelec vs. Mineiro 19.15<\/p>\n<p>Paranaense vs. Libertad 21.30<\/p>\n<p><mark>Corinthians vs. Boca 21.30<\/mark><\/p>\n<p>Mi\u00e9rcoles 29<\/p>\n<p><mark>Talleres vs. Col\u00f3n 19.15<\/mark><\/p>\n<p>Cerro vs. Palmeiras 19.15<\/p>\n<p>Tolima vs. Flamengo 21.30<\/p>\n<p><mark>V\u00e9lez vs. River 21.30<\/mark><\/p>\n<p>Jueves 30<\/p>\n<p><mark>Fortaleza vs. Estudiantes 21.30<\/mark><\/p>\n<p><strong>OCTAVOS (REVANCHA)<\/strong><\/p>\n<p>Martes 5 de julio<\/p>\n<p>Mineiro vs. Emelec 19.15<\/p>\n<p>Libertad vs. Paranaense 21.30<\/p>\n<p><mark>Boca vs. Corinthians 21.30<\/mark><\/p>\n<p>Mi\u00e9rcoles 6<\/p>\n<p><mark>Col\u00f3n vs. Talleres 19.15<\/mark><\/p>\n<p>Palmeiras vs. Cerro Porte\u00f1o 19.15<\/p>\n<p>Flamengo vs. Tolima 21.30<\/p>\n<p><mark>River vs. V\u00e9lez 21.30<\/mark><\/p>\n<p>Jueves 7<\/p>\n<p><mark>Estudiantes vs. Fortaleza 21.30<\/mark><\/p>\n<div class=\"sp__SM\">\n<div class=\"content-new \">\n<span class=\"tit-mobile\">Mir\u00e1 tambi\u00e9n<\/span><\/p>\n<div class=\"mg\">\n<div class=\"wrap-figure\">\n<picture>\n<a href=\"https:\/\/www.ole.com.ar\/boca-juniors\/boca-juniors-ferro-copa-argentina_0_Tmtzfa8DEq.html\" target=\"_self\" rel=\"noopener noreferrer\"><br \/>\n<img class=\"img-responsive\" alt=\"Fecha y sedes confirmadas para el Boca-Ferro de Copa Argentina\" src=\"http:\/\/hoycordobaweb.com\/wp-content\/uploads\/2022\/05\/dias-y-horarios-de-los-octavos-de-libertadores-y-sudamericana-4.jpg\" loading=\"lazy\"><br \/>\n<\/a>\n<\/picture>\n<\/div>\n<\/div><\/div>\n<\/div>\n<h2><mark><strong>SUDAMERICANA<\/strong><\/mark><\/h2>\n<div class=\"sp__Normal\">\n<div class=\"image-embeb image-trigger\" readability=\"6\">\n<picture><source media=\"(min-width: 720px)\" srcset=\"http:\/\/hoycordobaweb.com\/wp-content\/uploads\/2022\/05\/dias-y-horarios-de-los-octavos-de-libertadores-y-sudamericana-5.jpg\"><img itemprop=\"image\" src=\"http:\/\/hoycordobaweb.com\/wp-content\/uploads\/2022\/05\/dias-y-horarios-de-los-octavos-de-libertadores-y-sudamericana-5.jpg\" loading=\"lazy\" alt=\"La llave de la Sudamericana\">\n<\/picture><figcaption readability=\"2\">\n<p>La llave de la Sudamericana\n<\/p>\n<\/figcaption><\/div>\n<\/div>\n<p><strong>OCTAVOS (IDA)<\/strong><\/p>\n<p><strong>Martes 28<\/strong><\/p>\n<p><mark>Nacional vs. Uni\u00f3n 19.15<\/mark><\/p>\n<p>Colo Colo vs. Internacional 21.30<\/p>\n<p><strong>Mi\u00e9rcoles 29<\/strong><\/p>\n<p>The Strongest vs. Cear\u00e1 19.15<\/p>\n<p>Cali vs. Melgar 21.30<\/p>\n<p>T\u00e1chira vs. Santos 21.30<\/p>\n<p><strong>Jueves 30<\/strong><\/p>\n<p><mark>Independiente del Valle vs. Lan\u00fas 19.15<\/mark><\/p>\n<p>U. Cat\u00f3lica vs. San Pablo 21.30<\/p>\n<p>Olimpia vs. Goianiense 21.30<\/p>\n<p><strong>OCTAVOS (REVANCHA)<\/strong><\/p>\n<p>Martes 5 de julio<\/p>\n<p><mark>Uni\u00f3n vs. Nacional 19.15<\/mark><\/p>\n<p>Inter vs. Colo Colo 21.30<\/p>\n<p>Mi\u00e9rcoles 6<\/p>\n<p>Cear\u00e1 vs. The Strongest 19.15<\/p>\n<p>Melgar vs. Deportivo Cali 21.30<\/p>\n<p>Santos vs. T\u00e1chira 21.30<\/p>\n<p>Jueves 7<\/p>\n<p><mark>Lan\u00fas vs. Independiente del Valle 19.15<\/mark><\/p>\n<p>San Pablo vs. U. Cat\u00f3lica 21.30<\/p>\n<p>Goianiense vs. Olimpia 21.30<\/p>\n<div class=\"sp__SM\">\n<div class=\"content-new \">\n<span class=\"tit-mobile\">Mir\u00e1 tambi\u00e9n<\/span><\/p>\n<div class=\"mg\">\n<div class=\"wrap-figure\">\n<picture>\n<a href=\"https:\/\/www.ole.com.ar\/river-plate\/rojas-river-gallardo_0_chVmknQZaK.html\" target=\"_self\" rel=\"noopener noreferrer\"><br \/>\n<img class=\"img-responsive\" alt=\"Rojas: el reto de Gallardo &quot;que lo marc\u00f3 para siempre&quot; y su aprendizaje en el lateral\" src=\"http:\/\/hoycordobaweb.com\/wp-content\/uploads\/2022\/05\/dias-y-horarios-de-los-octavos-de-libertadores-y-sudamericana-6.jpg\" loading=\"lazy\"><br \/>\n<\/a>\n<\/picture>\n<\/div>\n<\/div><\/div>\n<\/div>\n<div class=\"entry-tags\">\n<h2>TEMAS QUE APARECEN EN ESTA NOTA<\/h2>\n<\/p><\/div>\n","protected":false},"excerpt":{"rendered":"<p>Este lunes, tres d\u00edas despu\u00e9s de que se conocieran c\u00f3mo quedaron conformados los octavos de final de la Libertadores y la Sudamericana, la Conmebol dio a conocer los d\u00edas y horarios de los respectivos partidos, con equipos argentinos implicados: River, V\u00e9lez, Talleres, Boca, Col\u00f3n y Estudiantes en el primer certamen; Uni\u00f3n y Lan\u00fas en el [&hellip;]<\/p>\n","protected":false},"author":1,"featured_media":42402,"comment_status":"open","ping_status":"closed","sticky":false,"template":"","format":"standard","meta":[],"categories":[16],"tags":[],"_links":{"self":[{"href":"http:\/\/hoycordobaweb.com\/index.php\/wp-json\/wp\/v2\/posts\/42401"}],"collection":[{"href":"http:\/\/hoycordobaweb.com\/index.php\/wp-json\/wp\/v2\/posts"}],"about":[{"href":"http:\/\/hoycordobaweb.com\/index.php\/wp-json\/wp\/v2\/types\/post"}],"author":[{"embeddable":true,"href":"http:\/\/hoycordobaweb.com\/index.php\/wp-json\/wp\/v2\/users\/1"}],"replies":[{"embeddable":true,"href":"http:\/\/hoycordobaweb.com\/index.php\/wp-json\/wp\/v2\/comments?post=42401"}],"version-history":[{"count":0,"href":"http:\/\/hoycordobaweb.com\/index.php\/wp-json\/wp\/v2\/posts\/42401\/revisions"}],"wp:featuredmedia":[{"embeddable":true,"href":"http:\/\/hoycordobaweb.com\/index.php\/wp-json\/wp\/v2\/media\/42402"}],"wp:attachment":[{"href":"http:\/\/hoycordobaweb.com\/index.php\/wp-json\/wp\/v2\/media?parent=42401"}],"wp:term":[{"taxonomy":"category","embeddable":true,"href":"http:\/\/hoycordobaweb.com\/index.php\/wp-json\/wp\/v2\/categories?post=42401"},{"taxonomy":"post_tag","embeddable":true,"href":"http:\/\/hoycordobaweb.com\/index.php\/wp-json\/wp\/v2\/tags?post=42401"}],"curies":[{"name":"wp","href":"https:\/\/api.w.org\/{rel}","templated":true}]}}