{"id":42391,"date":"2022-05-31T11:44:51","date_gmt":"2022-05-31T11:44:51","guid":{"rendered":"https:\/\/manoamanocba.com.ar\/?p=5365"},"modified":"2022-05-31T11:44:51","modified_gmt":"2022-05-31T11:44:51","slug":"trasladaron-al-bufalo-ruben-del-exzoo-de-cordoba-a-un-santuario-de-entre-rios","status":"publish","type":"post","link":"http:\/\/hoycordobaweb.com\/index.php\/2022\/05\/31\/trasladaron-al-bufalo-ruben-del-exzoo-de-cordoba-a-un-santuario-de-entre-rios\/","title":{"rendered":"Trasladaron al b\u00fafalo Rub\u00e9n del exzoo de C\u00f3rdoba a un santuario de Entre R\u00edos"},"content":{"rendered":"<p>El Ente Municipal BioC\u00f3doba inici\u00f3 el lunes el traslado del <strong>b\u00fafalo Rub\u00e9n<\/strong>, del Parque de la Biodiversidad al santuario de la <strong>Fundaci\u00f3n Tekoe Mymba<\/strong>, en Col\u00f3n, Entre R\u00edos.<\/p>\n<p>El nuevo hogar de Rub\u00e9n cuenta con <strong>64 hect\u00e1reas<\/strong> de amplias zonas de pastizales, pradera y bosque, tajamares y grandes lagunas que permiten brindar un<strong> h\u00e1bitat id\u00e9ntico al natural y garantizar el bienestar animal de forma \u00edntegra.<\/strong><\/p>\n<p>Adem\u00e1s, <strong>ser\u00e1 la primera vez que el b\u00fafalo conviva con dos animales m\u00e1s de su especie<\/strong> y eso permitir\u00e1 brindarle la oportunidad de expresar comportamientos naturales adapt\u00e1ndolo gradualmente a un grupo social.<\/p>\n<p><a href=\"http:\/\/manoamanocba.com.ar\/wp-content\/uploads\/2022\/05\/820e9a50-cfe5-46a7-9715-11c1bbcdf943.jpg\"><img loading=\"lazy\" class=\"size-medium wp-image-5367 aligncenter\" src=\"http:\/\/hoycordobaweb.com\/wp-content\/uploads\/2022\/05\/trasladaron-al-bufalo-ruben-del-exzoo-de-cordoba-a-un-santuario-de-entre-rios.jpg\" alt width=\"300\" height=\"200\" srcset=\"http:\/\/hoycordobaweb.com\/wp-content\/uploads\/2022\/05\/trasladaron-al-bufalo-ruben-del-exzoo-de-cordoba-a-un-santuario-de-entre-rios.jpg 300w, http:\/\/hoycordobaweb.com\/wp-content\/uploads\/2022\/05\/trasladaron-al-bufalo-ruben-del-exzoo-de-cordoba-a-un-santuario-de-entre-rios-3.jpg 1024w, http:\/\/hoycordobaweb.com\/wp-content\/uploads\/2022\/05\/trasladaron-al-bufalo-ruben-del-exzoo-de-cordoba-a-un-santuario-de-entre-rios-4.jpg 768w, http:\/\/hoycordobaweb.com\/wp-content\/uploads\/2022\/05\/trasladaron-al-bufalo-ruben-del-exzoo-de-cordoba-a-un-santuario-de-entre-rios-5.jpg 272w, http:\/\/hoycordobaweb.com\/wp-content\/uploads\/2022\/05\/trasladaron-al-bufalo-ruben-del-exzoo-de-cordoba-a-un-santuario-de-entre-rios-6.jpg 1280w\" sizes=\"(max-width: 300px) 100vw, 300px\"><\/a><\/p>\n<p>Dami\u00e1n Casconi, veterinario del Parque de la Biodiversidad, a\u00f1adi\u00f3: \u201c<em>Siempre desde el parque trabajamos el estado sanitario y la medicina preventiva del animal. Garantizamos sobre todo el bienestar animal, atendiendo lo que necesitan cada uno de los individuos del parque<\/em>\u201d.<\/p>\n<p>Durante todo el recorrido hasta el santuario, Rub\u00e9n estuvo <strong>acompa\u00f1ado por t\u00e9cnicos y profesionales de ambas instituciones y escoltado por la Polic\u00eda Ambiental de la provincia de C\u00f3rdoba y Gendarmer\u00eda Nacional<\/strong>. Adem\u00e1s, el remolque cuenta con c\u00e1maras de seguridad conectadas para seguir de cerca al animal.<\/p>\n<p><a href=\"http:\/\/manoamanocba.com.ar\/wp-content\/uploads\/2022\/05\/73b6d087-8b33-4d00-aa01-13a39452c8ec.jpg\"><img loading=\"lazy\" class=\"size-medium wp-image-5368 aligncenter\" src=\"http:\/\/hoycordobaweb.com\/wp-content\/uploads\/2022\/05\/trasladaron-al-bufalo-ruben-del-exzoo-de-cordoba-a-un-santuario-de-entre-rios-1.jpg\" alt width=\"300\" height=\"200\" srcset=\"http:\/\/hoycordobaweb.com\/wp-content\/uploads\/2022\/05\/trasladaron-al-bufalo-ruben-del-exzoo-de-cordoba-a-un-santuario-de-entre-rios-7.jpg 300w, http:\/\/hoycordobaweb.com\/wp-content\/uploads\/2022\/05\/trasladaron-al-bufalo-ruben-del-exzoo-de-cordoba-a-un-santuario-de-entre-rios-8.jpg 1024w, http:\/\/hoycordobaweb.com\/wp-content\/uploads\/2022\/05\/trasladaron-al-bufalo-ruben-del-exzoo-de-cordoba-a-un-santuario-de-entre-rios-9.jpg 768w, http:\/\/hoycordobaweb.com\/wp-content\/uploads\/2022\/05\/trasladaron-al-bufalo-ruben-del-exzoo-de-cordoba-a-un-santuario-de-entre-rios-10.jpg 1536w, http:\/\/hoycordobaweb.com\/wp-content\/uploads\/2022\/05\/trasladaron-al-bufalo-ruben-del-exzoo-de-cordoba-a-un-santuario-de-entre-rios-11.jpg 272w, http:\/\/hoycordobaweb.com\/wp-content\/uploads\/2022\/05\/trasladaron-al-bufalo-ruben-del-exzoo-de-cordoba-a-un-santuario-de-entre-rios-12.jpg 1600w\" sizes=\"(max-width: 300px) 100vw, 300px\"><\/a><\/p>\n<p>El s\u00e1bado se comenz\u00f3 a construir una manga para que pueda pasar de forma segura hacia el remolque. Los cuidadores y veterinarios del b\u00fafalo comentaron que, durante su ubicaci\u00f3n, <strong>Rub\u00e9n se mostr\u00f3 tranquilo y no ofreci\u00f3 resistencia<\/strong> porque este tipo de habit\u00e1culos ciegos ayuda a disminuir el estr\u00e9s de la acci\u00f3n.<\/p>\n<p>Los traslados de los animales forman parte de un operativo complejo que incluye un proceso de planeamiento y dise\u00f1o en conjunto con organismos nacionales y provinciales.<\/p>\n<p><strong>La Fundaci\u00f3n Tekove Mymba<\/strong><\/p>\n<p>La Fundaci\u00f3n Tekove Mymba es un <strong>santuario de 1200 hect\u00e1reas<\/strong> cuyo objetivo es rescatar y albergar a distintos animales <strong>maltratados y explotados<\/strong>. A su vez, forma parte de la Red Federal de Centro de Rescate y es uno de los primeros santuarios habilitados a nivel nacional.<\/p>\n<p>En este espacio ya habitan <strong>un oso pardo, dos b\u00fafalos asi\u00e1ticos, Felipe y Gigante, ambos rescatados de un zool\u00f3gico de La Rioja y casi 200 caballos<\/strong>, entre otros individuos.<\/p>\n<p><a href=\"http:\/\/manoamanocba.com.ar\/wp-content\/uploads\/2022\/05\/1c419f0b-5f0e-487b-ac11-41806e02de42.jpg\"><img loading=\"lazy\" class=\"size-medium wp-image-5369 aligncenter\" src=\"http:\/\/hoycordobaweb.com\/wp-content\/uploads\/2022\/05\/trasladaron-al-bufalo-ruben-del-exzoo-de-cordoba-a-un-santuario-de-entre-rios-2.jpg\" alt width=\"300\" height=\"200\" srcset=\"http:\/\/hoycordobaweb.com\/wp-content\/uploads\/2022\/05\/trasladaron-al-bufalo-ruben-del-exzoo-de-cordoba-a-un-santuario-de-entre-rios-13.jpg 300w, http:\/\/hoycordobaweb.com\/wp-content\/uploads\/2022\/05\/trasladaron-al-bufalo-ruben-del-exzoo-de-cordoba-a-un-santuario-de-entre-rios-14.jpg 1024w, http:\/\/hoycordobaweb.com\/wp-content\/uploads\/2022\/05\/trasladaron-al-bufalo-ruben-del-exzoo-de-cordoba-a-un-santuario-de-entre-rios-15.jpg 768w, http:\/\/hoycordobaweb.com\/wp-content\/uploads\/2022\/05\/trasladaron-al-bufalo-ruben-del-exzoo-de-cordoba-a-un-santuario-de-entre-rios-16.jpg 1536w, http:\/\/hoycordobaweb.com\/wp-content\/uploads\/2022\/05\/trasladaron-al-bufalo-ruben-del-exzoo-de-cordoba-a-un-santuario-de-entre-rios-17.jpg 272w, http:\/\/hoycordobaweb.com\/wp-content\/uploads\/2022\/05\/trasladaron-al-bufalo-ruben-del-exzoo-de-cordoba-a-un-santuario-de-entre-rios-18.jpg 1600w\" sizes=\"(max-width: 300px) 100vw, 300px\"><\/a><\/p>\n<p><strong>La historia de Rub\u00e9n<\/strong><\/p>\n<p>Rub\u00e9n es un macho adulto que <strong>naci\u00f3 en 2011 e ingres\u00f3 en 2014 al ex-Zool\u00f3gico de C\u00f3rdoba<\/strong> (actual Parque de la Biodiversidad).<\/p>\n<p>Es un <strong>b\u00fafalo de agua<\/strong>, de la especie bubalus bubalis y nativo de las zonas tropicales y subtropicales del sudeste asi\u00e1tico. Su h\u00e1bitat natural son los pastizales aluviales y bosques de ribera. Durante la estaci\u00f3n calurosa, pasan gran parte del d\u00eda sumergidos en el agua y revolc\u00e1ndose en el barro para protegerse del calor y de las picaduras de insectos. Son animales gregarios y se alimentan principalmente de pasturas y hierbas.<\/p>\n<p>Lo llaman b\u00fafalo de agua porque <strong>prefiere las \u00e1reas encharcadas o pantanosas<\/strong>, donde se sumerge parcialmente y camina sobre el lodo del fondo sin dificultad, gracias a sus anchas pezu\u00f1as que le impiden hundirse en exceso. Puede ser peligroso en estado salvaje, pero es un animal muy d\u00f3cil cuando ha sido domesticado.<\/p>\n<p>Esta especie de b\u00fafalo es un b\u00f3vido bastante grande, de 1,8 m de altura a la cruz y que alcanza excepcionalmente los 1200 kg de peso en el caso de los machos. Las hembras son m\u00e1s peque\u00f1as y nunca superan los 1000 kg. Gran parte del cuerpo est\u00e1 desprovisto de pelo o lo presenta r\u00edgido y en muy corta longitud, siendo su color variable desde el blanco hasta el negro. Los cuernos est\u00e1n aplanados y se curvan hacia atr\u00e1s, con las puntas muy separadas, llegando a 1,2 m de separaci\u00f3n m\u00e1xima entre una punta y otra.<\/p>\n","protected":false},"excerpt":{"rendered":"<p>El Ente Municipal BioC\u00f3doba inici\u00f3 el lunes el traslado del b\u00fafalo Rub\u00e9n, del Parque de la Biodiversidad al santuario de la Fundaci\u00f3n Tekoe Mymba, en Col\u00f3n, Entre R\u00edos. El nuevo hogar de Rub\u00e9n cuenta con 64 hect\u00e1reas de amplias zonas de pastizales, pradera y bosque, tajamares y grandes lagunas que permiten brindar un h\u00e1bitat id\u00e9ntico [&hellip;]<\/p>\n","protected":false},"author":1,"featured_media":42392,"comment_status":"closed","ping_status":"closed","sticky":false,"template":"","format":"standard","meta":[],"categories":[19],"tags":[],"_links":{"self":[{"href":"http:\/\/hoycordobaweb.com\/index.php\/wp-json\/wp\/v2\/posts\/42391"}],"collection":[{"href":"http:\/\/hoycordobaweb.com\/index.php\/wp-json\/wp\/v2\/posts"}],"about":[{"href":"http:\/\/hoycordobaweb.com\/index.php\/wp-json\/wp\/v2\/types\/post"}],"author":[{"embeddable":true,"href":"http:\/\/hoycordobaweb.com\/index.php\/wp-json\/wp\/v2\/users\/1"}],"replies":[{"embeddable":true,"href":"http:\/\/hoycordobaweb.com\/index.php\/wp-json\/wp\/v2\/comments?post=42391"}],"version-history":[{"count":0,"href":"http:\/\/hoycordobaweb.com\/index.php\/wp-json\/wp\/v2\/posts\/42391\/revisions"}],"wp:featuredmedia":[{"embeddable":true,"href":"http:\/\/hoycordobaweb.com\/index.php\/wp-json\/wp\/v2\/media\/42392"}],"wp:attachment":[{"href":"http:\/\/hoycordobaweb.com\/index.php\/wp-json\/wp\/v2\/media?parent=42391"}],"wp:term":[{"taxonomy":"category","embeddable":true,"href":"http:\/\/hoycordobaweb.com\/index.php\/wp-json\/wp\/v2\/categories?post=42391"},{"taxonomy":"post_tag","embeddable":true,"href":"http:\/\/hoycordobaweb.com\/index.php\/wp-json\/wp\/v2\/tags?post=42391"}],"curies":[{"name":"wp","href":"https:\/\/api.w.org\/{rel}","templated":true}]}}